{"id":9991,"date":"2020-07-10T18:00:00","date_gmt":"2020-07-10T16:00:00","guid":{"rendered":"https:\/\/www.libriparlanti.org\/?p=9991"},"modified":"2020-07-23T13:08:39","modified_gmt":"2020-07-23T11:08:39","slug":"un-libroraffaello-la-verita-perduta","status":"publish","type":"post","link":"https:\/\/www.libriparlanti.org\/index.php\/2020\/07\/un-libroraffaello-la-verita-perduta\/","title":{"rendered":"Un libro:Raffaello La verit\u00e0 perduta"},"content":{"rendered":"\n<p>In diretta sulla pagina Facebook  di <a href=\"http:\/\/www.libriparlanti.org\">Libri Parlanti<\/a> Francesco Fioretti  presenta il suo ultimo libro : Raffaello, La verit\u00e0 perduta pubblicato da <a href=\"https:\/\/www.edizpiemme.it\/libri\/raffaello-la-verita-perduta\">Piemme<\/a>.<br><\/p>\n\n\n\n<p> Raffaello da Urbino, \u00e8 per tutti un maestro, il maestro, in realt\u00e0, da quando Michelangelo e Leonardo sono partiti. La Citt\u00e0 Eterna si \u00e8 rivelata un nido di serpi, e dietro i sorrisi non vi \u00e8 che invidia. Da quando papa Leone X lo ha nominato sovrintendente all&#8217;archeologia romana, le cose sono andate peggiorando. Raffaello decide di disegnare una mappa della Roma imperiale. Pochi mesi dopo, per\u00f2, Raffaello, il banchiere Chigi e il cardinal Bibbiena, suoi amici e mecenati, muoiono in circostanze misteriose  ma per opera della stessa mano assassina. Per risolvere il mistero si dovr\u00e0 disseppellire una rete di invidie, antichi misteri e patti segreti tra i pi\u00f9 impensabili alleati.<\/p>\n\n\n\n<p>A cinquecento anni dalla morte di Raffaello, Francesco Fioretti ce ne regala un ritratto magistrale e inedito, non solo il maestro ricercatissimo e osannato, ma anche la vittima di quello stesso potere che lo rese uno dei pi\u00f9 grandi interpreti del Rinascimento, cuspide tra il mondo del bello come manifestazione di Dio e dell&#8217;uomo e un&#8217;epoca di repressione e penitenza.<\/p>\n\n\n\n<p><\/p>\n\n\n\n<figure class=\"wp-block-image size-large\"><img loading=\"lazy\" decoding=\"async\" width=\"720\" height=\"960\" src=\"https:\/\/www.libriparlanti.org\/wp-content\/uploads\/2020\/07\/107087853_2496907597078821_4478675361139606288_n.jpg\" alt=\"\" class=\"wp-image-9992\" srcset=\"https:\/\/www.libriparlanti.org\/wp-content\/uploads\/2020\/07\/107087853_2496907597078821_4478675361139606288_n.jpg 720w, https:\/\/www.libriparlanti.org\/wp-content\/uploads\/2020\/07\/107087853_2496907597078821_4478675361139606288_n-600x800.jpg 600w, https:\/\/www.libriparlanti.org\/wp-content\/uploads\/2020\/07\/107087853_2496907597078821_4478675361139606288_n-225x300.jpg 225w, https:\/\/www.libriparlanti.org\/wp-content\/uploads\/2020\/07\/107087853_2496907597078821_4478675361139606288_n-300x400.jpg 300w\" sizes=\"(max-width: 720px) 100vw, 720px\" \/><figcaption>Raffaello La verit\u00e0 perduta Ed.Piemme<\/figcaption><\/figure>\n","protected":false},"excerpt":{"rendered":"<p>In diretta sulla pagina Facebook di Libri Parlanti Francesco Fioretti presenta il suo ultimo libro : Raffaello, La verit\u00e0 perduta pubblicato da Piemme. Raffaello da Urbino, \u00e8 per tutti un maestro, il maestro, in realt\u00e0, da quando Michelangelo e Leonardo sono partiti. La Citt\u00e0 Eterna si \u00e8 rivelata un nido di serpi, e dietro i [&hellip;]<\/p>\n","protected":false},"author":1,"featured_media":9992,"comment_status":"open","ping_status":"open","sticky":false,"template":"","format":"standard","meta":{"_et_pb_use_builder":"","_et_pb_old_content":"","_et_gb_content_width":"","_joinchat":[],"footnotes":""},"categories":[3],"tags":[1756,1755],"class_list":["post-9991","post","type-post","status-publish","format-standard","has-post-thumbnail","hentry","category-eventi","tag-francesco-fioretti","tag-un-libro-raffaello-la-verita-nascosta"],"yoast_head":"<!-- This site is optimized with the Yoast SEO plugin v27.5 - https:\/\/yoast.com\/product\/yoast-seo-wordpress\/ -->\n<title>Un Libro: Raffaello La verit\u00e0 perduta Ed.Piemme di Francesco Fioretti<\/title>\n<meta name=\"description\" content=\"Un Libro Raffaello La verit\u00e0 perduta Ed. Piemme \u00e8 il ritratto inedito e magistrale di Raffaello che ne fa Francesco Fioretti\" \/>\n<meta name=\"robots\" content=\"index, follow, max-snippet:-1, max-image-preview:large, max-video-preview:-1\" \/>\n<link rel=\"canonical\" href=\"https:\/\/www.libriparlanti.org\/index.php\/2020\/07\/un-libroraffaello-la-verita-perduta\/\" \/>\n<meta property=\"og:locale\" content=\"it_IT\" \/>\n<meta property=\"og:type\" content=\"article\" \/>\n<meta property=\"og:title\" content=\"Un Libro: Raffaello La verit\u00e0 perduta Ed.Piemme di Francesco Fioretti\" \/>\n<meta property=\"og:description\" content=\"Un Libro Raffaello La verit\u00e0 perduta Ed. Piemme \u00e8 il ritratto inedito e magistrale di Raffaello che ne fa Francesco Fioretti\" \/>\n<meta property=\"og:url\" content=\"https:\/\/www.libriparlanti.org\/index.php\/2020\/07\/un-libroraffaello-la-verita-perduta\/\" \/>\n<meta property=\"og:site_name\" content=\"Libreria Libri parlanti\" \/>\n<meta property=\"article:publisher\" content=\"https:\/\/www.facebook.com\/LibriParlanti\" \/>\n<meta property=\"article:published_time\" content=\"2020-07-10T16:00:00+00:00\" \/>\n<meta property=\"article:modified_time\" content=\"2020-07-23T11:08:39+00:00\" \/>\n<meta property=\"og:image\" content=\"https:\/\/www.libriparlanti.org\/wp-content\/uploads\/2020\/07\/107087853_2496907597078821_4478675361139606288_n.jpg\" \/>\n\t<meta property=\"og:image:width\" content=\"720\" \/>\n\t<meta property=\"og:image:height\" content=\"960\" \/>\n\t<meta property=\"og:image:type\" content=\"image\/jpeg\" \/>\n<meta name=\"author\" content=\"admin\" \/>\n<meta name=\"twitter:card\" content=\"summary_large_image\" \/>\n<meta name=\"twitter:label1\" content=\"Scritto da\" \/>\n\t<meta name=\"twitter:data1\" content=\"admin\" \/>\n\t<meta name=\"twitter:label2\" content=\"Tempo di lettura stimato\" \/>\n\t<meta name=\"twitter:data2\" content=\"1 minuto\" \/>\n<script type=\"application\/ld+json\" class=\"yoast-schema-graph\">{\"@context\":\"https:\\\/\\\/schema.org\",\"@graph\":[{\"@type\":\"Article\",\"@id\":\"https:\\\/\\\/www.libriparlanti.org\\\/index.php\\\/2020\\\/07\\\/un-libroraffaello-la-verita-perduta\\\/#article\",\"isPartOf\":{\"@id\":\"https:\\\/\\\/www.libriparlanti.org\\\/index.php\\\/2020\\\/07\\\/un-libroraffaello-la-verita-perduta\\\/\"},\"author\":{\"name\":\"admin\",\"@id\":\"https:\\\/\\\/www.libriparlanti.org\\\/#\\\/schema\\\/person\\\/a2101732f0cc0144f0a4d0ecc313655a\"},\"headline\":\"Un libro:Raffaello La verit\u00e0 perduta\",\"datePublished\":\"2020-07-10T16:00:00+00:00\",\"dateModified\":\"2020-07-23T11:08:39+00:00\",\"mainEntityOfPage\":{\"@id\":\"https:\\\/\\\/www.libriparlanti.org\\\/index.php\\\/2020\\\/07\\\/un-libroraffaello-la-verita-perduta\\\/\"},\"wordCount\":202,\"commentCount\":0,\"image\":{\"@id\":\"https:\\\/\\\/www.libriparlanti.org\\\/index.php\\\/2020\\\/07\\\/un-libroraffaello-la-verita-perduta\\\/#primaryimage\"},\"thumbnailUrl\":\"https:\\\/\\\/www.libriparlanti.org\\\/wp-content\\\/uploads\\\/2020\\\/07\\\/107087853_2496907597078821_4478675361139606288_n.jpg\",\"keywords\":[\"francesco fioretti\",\"un libro Raffaello La verit\u00e0 nascosta\"],\"articleSection\":[\"eventi\"],\"inLanguage\":\"it-IT\",\"potentialAction\":[{\"@type\":\"CommentAction\",\"name\":\"Comment\",\"target\":[\"https:\\\/\\\/www.libriparlanti.org\\\/index.php\\\/2020\\\/07\\\/un-libroraffaello-la-verita-perduta\\\/#respond\"]}]},{\"@type\":\"WebPage\",\"@id\":\"https:\\\/\\\/www.libriparlanti.org\\\/index.php\\\/2020\\\/07\\\/un-libroraffaello-la-verita-perduta\\\/\",\"url\":\"https:\\\/\\\/www.libriparlanti.org\\\/index.php\\\/2020\\\/07\\\/un-libroraffaello-la-verita-perduta\\\/\",\"name\":\"Un Libro: Raffaello La verit\u00e0 perduta Ed.Piemme di Francesco Fioretti\",\"isPartOf\":{\"@id\":\"https:\\\/\\\/www.libriparlanti.org\\\/#website\"},\"primaryImageOfPage\":{\"@id\":\"https:\\\/\\\/www.libriparlanti.org\\\/index.php\\\/2020\\\/07\\\/un-libroraffaello-la-verita-perduta\\\/#primaryimage\"},\"image\":{\"@id\":\"https:\\\/\\\/www.libriparlanti.org\\\/index.php\\\/2020\\\/07\\\/un-libroraffaello-la-verita-perduta\\\/#primaryimage\"},\"thumbnailUrl\":\"https:\\\/\\\/www.libriparlanti.org\\\/wp-content\\\/uploads\\\/2020\\\/07\\\/107087853_2496907597078821_4478675361139606288_n.jpg\",\"datePublished\":\"2020-07-10T16:00:00+00:00\",\"dateModified\":\"2020-07-23T11:08:39+00:00\",\"author\":{\"@id\":\"https:\\\/\\\/www.libriparlanti.org\\\/#\\\/schema\\\/person\\\/a2101732f0cc0144f0a4d0ecc313655a\"},\"description\":\"Un Libro Raffaello La verit\u00e0 perduta Ed. Piemme \u00e8 il ritratto inedito e magistrale di Raffaello che ne fa Francesco Fioretti\",\"breadcrumb\":{\"@id\":\"https:\\\/\\\/www.libriparlanti.org\\\/index.php\\\/2020\\\/07\\\/un-libroraffaello-la-verita-perduta\\\/#breadcrumb\"},\"inLanguage\":\"it-IT\",\"potentialAction\":[{\"@type\":\"ReadAction\",\"target\":[\"https:\\\/\\\/www.libriparlanti.org\\\/index.php\\\/2020\\\/07\\\/un-libroraffaello-la-verita-perduta\\\/\"]}]},{\"@type\":\"ImageObject\",\"inLanguage\":\"it-IT\",\"@id\":\"https:\\\/\\\/www.libriparlanti.org\\\/index.php\\\/2020\\\/07\\\/un-libroraffaello-la-verita-perduta\\\/#primaryimage\",\"url\":\"https:\\\/\\\/www.libriparlanti.org\\\/wp-content\\\/uploads\\\/2020\\\/07\\\/107087853_2496907597078821_4478675361139606288_n.jpg\",\"contentUrl\":\"https:\\\/\\\/www.libriparlanti.org\\\/wp-content\\\/uploads\\\/2020\\\/07\\\/107087853_2496907597078821_4478675361139606288_n.jpg\",\"width\":720,\"height\":960},{\"@type\":\"BreadcrumbList\",\"@id\":\"https:\\\/\\\/www.libriparlanti.org\\\/index.php\\\/2020\\\/07\\\/un-libroraffaello-la-verita-perduta\\\/#breadcrumb\",\"itemListElement\":[{\"@type\":\"ListItem\",\"position\":1,\"name\":\"Home\",\"item\":\"https:\\\/\\\/www.libriparlanti.org\\\/\"},{\"@type\":\"ListItem\",\"position\":2,\"name\":\"Un libro:Raffaello La verit\u00e0 perduta\"}]},{\"@type\":\"WebSite\",\"@id\":\"https:\\\/\\\/www.libriparlanti.org\\\/#website\",\"url\":\"https:\\\/\\\/www.libriparlanti.org\\\/\",\"name\":\"Libreria Libri parlanti\",\"description\":\"Libreria in Castiglione del Lago (Pg)\",\"potentialAction\":[{\"@type\":\"SearchAction\",\"target\":{\"@type\":\"EntryPoint\",\"urlTemplate\":\"https:\\\/\\\/www.libriparlanti.org\\\/?s={search_term_string}\"},\"query-input\":{\"@type\":\"PropertyValueSpecification\",\"valueRequired\":true,\"valueName\":\"search_term_string\"}}],\"inLanguage\":\"it-IT\"},{\"@type\":\"Person\",\"@id\":\"https:\\\/\\\/www.libriparlanti.org\\\/#\\\/schema\\\/person\\\/a2101732f0cc0144f0a4d0ecc313655a\",\"name\":\"admin\",\"image\":{\"@type\":\"ImageObject\",\"inLanguage\":\"it-IT\",\"@id\":\"https:\\\/\\\/secure.gravatar.com\\\/avatar\\\/f06887496a5753f3caca573646570e603d16e07cbd1553492c2c65009e6014ca?s=96&d=mm&r=g\",\"url\":\"https:\\\/\\\/secure.gravatar.com\\\/avatar\\\/f06887496a5753f3caca573646570e603d16e07cbd1553492c2c65009e6014ca?s=96&d=mm&r=g\",\"contentUrl\":\"https:\\\/\\\/secure.gravatar.com\\\/avatar\\\/f06887496a5753f3caca573646570e603d16e07cbd1553492c2c65009e6014ca?s=96&d=mm&r=g\",\"caption\":\"admin\"},\"sameAs\":[\"http:\\\/\\\/www.libriparlanti.org\"],\"url\":\"https:\\\/\\\/www.libriparlanti.org\\\/index.php\\\/author\\\/admin\\\/\"}]}<\/script>\n<!-- \/ Yoast SEO plugin. -->","yoast_head_json":{"title":"Un Libro: Raffaello La verit\u00e0 perduta Ed.Piemme di Francesco Fioretti","description":"Un Libro Raffaello La verit\u00e0 perduta Ed. Piemme \u00e8 il ritratto inedito e magistrale di Raffaello che ne fa Francesco Fioretti","robots":{"index":"index","follow":"follow","max-snippet":"max-snippet:-1","max-image-preview":"max-image-preview:large","max-video-preview":"max-video-preview:-1"},"canonical":"https:\/\/www.libriparlanti.org\/index.php\/2020\/07\/un-libroraffaello-la-verita-perduta\/","og_locale":"it_IT","og_type":"article","og_title":"Un Libro: Raffaello La verit\u00e0 perduta Ed.Piemme di Francesco Fioretti","og_description":"Un Libro Raffaello La verit\u00e0 perduta Ed. Piemme \u00e8 il ritratto inedito e magistrale di Raffaello che ne fa Francesco Fioretti","og_url":"https:\/\/www.libriparlanti.org\/index.php\/2020\/07\/un-libroraffaello-la-verita-perduta\/","og_site_name":"Libreria Libri parlanti","article_publisher":"https:\/\/www.facebook.com\/LibriParlanti","article_published_time":"2020-07-10T16:00:00+00:00","article_modified_time":"2020-07-23T11:08:39+00:00","og_image":[{"width":720,"height":960,"url":"https:\/\/www.libriparlanti.org\/wp-content\/uploads\/2020\/07\/107087853_2496907597078821_4478675361139606288_n.jpg","type":"image\/jpeg"}],"author":"admin","twitter_card":"summary_large_image","twitter_misc":{"Scritto da":"admin","Tempo di lettura stimato":"1 minuto"},"schema":{"@context":"https:\/\/schema.org","@graph":[{"@type":"Article","@id":"https:\/\/www.libriparlanti.org\/index.php\/2020\/07\/un-libroraffaello-la-verita-perduta\/#article","isPartOf":{"@id":"https:\/\/www.libriparlanti.org\/index.php\/2020\/07\/un-libroraffaello-la-verita-perduta\/"},"author":{"name":"admin","@id":"https:\/\/www.libriparlanti.org\/#\/schema\/person\/a2101732f0cc0144f0a4d0ecc313655a"},"headline":"Un libro:Raffaello La verit\u00e0 perduta","datePublished":"2020-07-10T16:00:00+00:00","dateModified":"2020-07-23T11:08:39+00:00","mainEntityOfPage":{"@id":"https:\/\/www.libriparlanti.org\/index.php\/2020\/07\/un-libroraffaello-la-verita-perduta\/"},"wordCount":202,"commentCount":0,"image":{"@id":"https:\/\/www.libriparlanti.org\/index.php\/2020\/07\/un-libroraffaello-la-verita-perduta\/#primaryimage"},"thumbnailUrl":"https:\/\/www.libriparlanti.org\/wp-content\/uploads\/2020\/07\/107087853_2496907597078821_4478675361139606288_n.jpg","keywords":["francesco fioretti","un libro Raffaello La verit\u00e0 nascosta"],"articleSection":["eventi"],"inLanguage":"it-IT","potentialAction":[{"@type":"CommentAction","name":"Comment","target":["https:\/\/www.libriparlanti.org\/index.php\/2020\/07\/un-libroraffaello-la-verita-perduta\/#respond"]}]},{"@type":"WebPage","@id":"https:\/\/www.libriparlanti.org\/index.php\/2020\/07\/un-libroraffaello-la-verita-perduta\/","url":"https:\/\/www.libriparlanti.org\/index.php\/2020\/07\/un-libroraffaello-la-verita-perduta\/","name":"Un Libro: Raffaello La verit\u00e0 perduta Ed.Piemme di Francesco Fioretti","isPartOf":{"@id":"https:\/\/www.libriparlanti.org\/#website"},"primaryImageOfPage":{"@id":"https:\/\/www.libriparlanti.org\/index.php\/2020\/07\/un-libroraffaello-la-verita-perduta\/#primaryimage"},"image":{"@id":"https:\/\/www.libriparlanti.org\/index.php\/2020\/07\/un-libroraffaello-la-verita-perduta\/#primaryimage"},"thumbnailUrl":"https:\/\/www.libriparlanti.org\/wp-content\/uploads\/2020\/07\/107087853_2496907597078821_4478675361139606288_n.jpg","datePublished":"2020-07-10T16:00:00+00:00","dateModified":"2020-07-23T11:08:39+00:00","author":{"@id":"https:\/\/www.libriparlanti.org\/#\/schema\/person\/a2101732f0cc0144f0a4d0ecc313655a"},"description":"Un Libro Raffaello La verit\u00e0 perduta Ed. Piemme \u00e8 il ritratto inedito e magistrale di Raffaello che ne fa Francesco Fioretti","breadcrumb":{"@id":"https:\/\/www.libriparlanti.org\/index.php\/2020\/07\/un-libroraffaello-la-verita-perduta\/#breadcrumb"},"inLanguage":"it-IT","potentialAction":[{"@type":"ReadAction","target":["https:\/\/www.libriparlanti.org\/index.php\/2020\/07\/un-libroraffaello-la-verita-perduta\/"]}]},{"@type":"ImageObject","inLanguage":"it-IT","@id":"https:\/\/www.libriparlanti.org\/index.php\/2020\/07\/un-libroraffaello-la-verita-perduta\/#primaryimage","url":"https:\/\/www.libriparlanti.org\/wp-content\/uploads\/2020\/07\/107087853_2496907597078821_4478675361139606288_n.jpg","contentUrl":"https:\/\/www.libriparlanti.org\/wp-content\/uploads\/2020\/07\/107087853_2496907597078821_4478675361139606288_n.jpg","width":720,"height":960},{"@type":"BreadcrumbList","@id":"https:\/\/www.libriparlanti.org\/index.php\/2020\/07\/un-libroraffaello-la-verita-perduta\/#breadcrumb","itemListElement":[{"@type":"ListItem","position":1,"name":"Home","item":"https:\/\/www.libriparlanti.org\/"},{"@type":"ListItem","position":2,"name":"Un libro:Raffaello La verit\u00e0 perduta"}]},{"@type":"WebSite","@id":"https:\/\/www.libriparlanti.org\/#website","url":"https:\/\/www.libriparlanti.org\/","name":"Libreria Libri parlanti","description":"Libreria in Castiglione del Lago (Pg)","potentialAction":[{"@type":"SearchAction","target":{"@type":"EntryPoint","urlTemplate":"https:\/\/www.libriparlanti.org\/?s={search_term_string}"},"query-input":{"@type":"PropertyValueSpecification","valueRequired":true,"valueName":"search_term_string"}}],"inLanguage":"it-IT"},{"@type":"Person","@id":"https:\/\/www.libriparlanti.org\/#\/schema\/person\/a2101732f0cc0144f0a4d0ecc313655a","name":"admin","image":{"@type":"ImageObject","inLanguage":"it-IT","@id":"https:\/\/secure.gravatar.com\/avatar\/f06887496a5753f3caca573646570e603d16e07cbd1553492c2c65009e6014ca?s=96&d=mm&r=g","url":"https:\/\/secure.gravatar.com\/avatar\/f06887496a5753f3caca573646570e603d16e07cbd1553492c2c65009e6014ca?s=96&d=mm&r=g","contentUrl":"https:\/\/secure.gravatar.com\/avatar\/f06887496a5753f3caca573646570e603d16e07cbd1553492c2c65009e6014ca?s=96&d=mm&r=g","caption":"admin"},"sameAs":["http:\/\/www.libriparlanti.org"],"url":"https:\/\/www.libriparlanti.org\/index.php\/author\/admin\/"}]}},"_links":{"self":[{"href":"https:\/\/www.libriparlanti.org\/index.php\/wp-json\/wp\/v2\/posts\/9991","targetHints":{"allow":["GET"]}}],"collection":[{"href":"https:\/\/www.libriparlanti.org\/index.php\/wp-json\/wp\/v2\/posts"}],"about":[{"href":"https:\/\/www.libriparlanti.org\/index.php\/wp-json\/wp\/v2\/types\/post"}],"author":[{"embeddable":true,"href":"https:\/\/www.libriparlanti.org\/index.php\/wp-json\/wp\/v2\/users\/1"}],"replies":[{"embeddable":true,"href":"https:\/\/www.libriparlanti.org\/index.php\/wp-json\/wp\/v2\/comments?post=9991"}],"version-history":[{"count":1,"href":"https:\/\/www.libriparlanti.org\/index.php\/wp-json\/wp\/v2\/posts\/9991\/revisions"}],"predecessor-version":[{"id":9993,"href":"https:\/\/www.libriparlanti.org\/index.php\/wp-json\/wp\/v2\/posts\/9991\/revisions\/9993"}],"wp:featuredmedia":[{"embeddable":true,"href":"https:\/\/www.libriparlanti.org\/index.php\/wp-json\/wp\/v2\/media\/9992"}],"wp:attachment":[{"href":"https:\/\/www.libriparlanti.org\/index.php\/wp-json\/wp\/v2\/media?parent=9991"}],"wp:term":[{"taxonomy":"category","embeddable":true,"href":"https:\/\/www.libriparlanti.org\/index.php\/wp-json\/wp\/v2\/categories?post=9991"},{"taxonomy":"post_tag","embeddable":true,"href":"https:\/\/www.libriparlanti.org\/index.php\/wp-json\/wp\/v2\/tags?post=9991"}],"curies":[{"name":"wp","href":"https:\/\/api.w.org\/{rel}","templated":true}]}}