{"id":7586,"date":"2020-02-22T17:00:00","date_gmt":"2020-02-22T17:00:00","guid":{"rendered":"http:\/\/www.libriparlanti.org\/?p=7586"},"modified":"2020-03-07T17:25:41","modified_gmt":"2020-03-07T17:25:41","slug":"un-autore-lorenza-foschini","status":"publish","type":"post","link":"https:\/\/www.libriparlanti.org\/index.php\/2020\/02\/un-autore-lorenza-foschini\/","title":{"rendered":"Un autore:Lorenza Foschini"},"content":{"rendered":"\n<p>\u00abIl vento attraversa le nostre anime\u2026\u00bb appunta d\u2019impulso Reynaldo Hahn a margine dello spartito de l\u2019\u00cele du r\u00eave, l\u2019opera che sta componendo. Sono i giorni dell\u2019estate 1894, il tempo in cui esplode, ricambiato, il suo amore per Marcel Proust.Originario del Venezuela \u2013 che ha lasciato da piccolo con la famiglia \u2013 e cresciuto a Parigi, Reynaldo ha solo vent\u2019anni, ma gi\u00e0 conosce il successo. Allievo di Massenet, fin da bambino \u00e8 stato considerato un prodigio musicale e si \u00e8 esibito al piano nei pi\u00f9 sofisticati salotti della capitale francese.Marcel, che di anni ne ha ventitr\u00e9, \u00e8 ancora indeciso sulla strada da scegliere, ma intanto frequenta con avida curiosit\u00e0 i migliori salons parigini.Entrambi di origine ebraica \u2013 Reynaldo per parte di padre, Marcel per parte di madre \u2013 sono colti, ambiziosi, brillanti. Spiritosi nel loro mondano snobismo, esibiscono una irrefrenata, giovanile vitalit\u00e0, attraversata a tratti da improvvise malinconie.Dopo due anni di intensa passione la loro storia, che sembrerebbe destinata a spegnersi tristemente, si tramuta invece in un sentimento unico e particolarissimo, che durer\u00e0 fino alla morte di Proust, nel 1922, anche se, nel corso degli anni, le loro avventure artistiche si divaricano: la musica di Reynaldo, mutati i gusti e le mode, apparterr\u00e0 sempre pi\u00f9 a un\u2019epoca ormai passata, mentre la fama di Marcel, autore di un capolavoro letterario quale Alla ricerca del tempo perduto, crescer\u00e0 di giorno in giorno, facendone presto una celebrit\u00e0.Ne Il vento attraversa le nostre anime, <a href=\"https:\/\/www.librimondadori.it\/libri\/il-vento-attraversa-le-nostre-anime-lorenza-foschini\/\">Lorenza Foschini<\/a> ha ricostruito la storia del loro rapporto attraverso le lettere riemerse dalla dispersione del carteggio, o salvate dalla distruzione degli scritti operata dalle rispettive famiglie che, in nome di un malinteso perbenismo, volevano cancellare ogni traccia di omosessualit\u00e0 dalla vita di Reynaldo e di Marcel. L\u2019ha ricostruita su testimonianze, su documenti e su alcune lettere inedite appartenenti a collezioni private, oltre che sulle pagine della Recherche dove Proust, raccontando la passione, i tormenti, la gelosia, il desiderio di possesso di Swann per Odette, evoca i ricordi pi\u00f9 intimi e struggenti del suo amore per Reynaldo Hahn.<\/p>\n\n\n\n<p>Sabato 22 febbraio ore 17.00 presso <a href=\"https:\/\/www.libriparlanti.org\/\">Libri Parlanti<\/a><\/p>\n","protected":false},"excerpt":{"rendered":"<p>\u00abIl vento attraversa le nostre anime\u2026\u00bb appunta d\u2019impulso Reynaldo Hahn a margine dello spartito de l\u2019\u00cele du r\u00eave, l\u2019opera che sta componendo. Sono i giorni dell\u2019estate 1894, il tempo in cui esplode, ricambiato, il suo amore per Marcel Proust.Originario del Venezuela \u2013 che ha lasciato da piccolo con la famiglia \u2013 e cresciuto a Parigi, [&hellip;]<\/p>\n","protected":false},"author":1,"featured_media":7615,"comment_status":"open","ping_status":"open","sticky":false,"template":"","format":"standard","meta":{"_et_pb_use_builder":"","_et_pb_old_content":"","_et_gb_content_width":"","_joinchat":[],"footnotes":""},"categories":[3],"tags":[],"class_list":["post-7586","post","type-post","status-publish","format-standard","has-post-thumbnail","hentry","category-eventi"],"yoast_head":"<!-- This site is optimized with the Yoast SEO plugin v27.5 - https:\/\/yoast.com\/product\/yoast-seo-wordpress\/ -->\n<title>Un autore:Lorenza Foschini - Libreria Libri parlanti Un autore:Lorenza Foschini<\/title>\n<meta name=\"description\" content=\"Lorenza Foschini ha ricostruito nel suo libro &quot; Il vento attraversa le nostre anime&quot; Ed.Mondadori, la storia del rapporto tra Marcel Proust e Reynaldo Hahn.\" \/>\n<meta name=\"robots\" content=\"index, follow, max-snippet:-1, max-image-preview:large, max-video-preview:-1\" \/>\n<link rel=\"canonical\" href=\"https:\/\/www.libriparlanti.org\/index.php\/2020\/02\/un-autore-lorenza-foschini\/\" \/>\n<meta property=\"og:locale\" content=\"it_IT\" \/>\n<meta property=\"og:type\" content=\"article\" \/>\n<meta property=\"og:title\" content=\"Un autore:Lorenza Foschini - Libreria Libri parlanti Un autore:Lorenza Foschini\" \/>\n<meta property=\"og:description\" content=\"Lorenza Foschini ha ricostruito nel suo libro &quot; Il vento attraversa le nostre anime&quot; Ed.Mondadori, la storia del rapporto tra Marcel Proust e Reynaldo Hahn.\" \/>\n<meta property=\"og:url\" content=\"https:\/\/www.libriparlanti.org\/index.php\/2020\/02\/un-autore-lorenza-foschini\/\" \/>\n<meta property=\"og:site_name\" content=\"Libreria Libri parlanti\" \/>\n<meta property=\"article:publisher\" content=\"https:\/\/www.facebook.com\/LibriParlanti\" \/>\n<meta property=\"article:published_time\" content=\"2020-02-22T17:00:00+00:00\" \/>\n<meta property=\"article:modified_time\" content=\"2020-03-07T17:25:41+00:00\" \/>\n<meta property=\"og:image\" content=\"https:\/\/www.libriparlanti.org\/wp-content\/uploads\/2020\/02\/Il-vento-attraversa-le-nostre-anime-Lorenza-Foschini.jpg\" \/>\n\t<meta property=\"og:image:width\" content=\"679\" \/>\n\t<meta property=\"og:image:height\" content=\"960\" \/>\n\t<meta property=\"og:image:type\" content=\"image\/jpeg\" \/>\n<meta name=\"author\" content=\"admin\" \/>\n<meta name=\"twitter:card\" content=\"summary_large_image\" \/>\n<meta name=\"twitter:label1\" content=\"Scritto da\" \/>\n\t<meta name=\"twitter:data1\" content=\"admin\" \/>\n\t<meta name=\"twitter:label2\" content=\"Tempo di lettura stimato\" \/>\n\t<meta name=\"twitter:data2\" content=\"2 minuti\" \/>\n<script type=\"application\/ld+json\" class=\"yoast-schema-graph\">{\"@context\":\"https:\\\/\\\/schema.org\",\"@graph\":[{\"@type\":\"Article\",\"@id\":\"https:\\\/\\\/www.libriparlanti.org\\\/index.php\\\/2020\\\/02\\\/un-autore-lorenza-foschini\\\/#article\",\"isPartOf\":{\"@id\":\"https:\\\/\\\/www.libriparlanti.org\\\/index.php\\\/2020\\\/02\\\/un-autore-lorenza-foschini\\\/\"},\"author\":{\"name\":\"admin\",\"@id\":\"https:\\\/\\\/www.libriparlanti.org\\\/#\\\/schema\\\/person\\\/a2101732f0cc0144f0a4d0ecc313655a\"},\"headline\":\"Un autore:Lorenza Foschini\",\"datePublished\":\"2020-02-22T17:00:00+00:00\",\"dateModified\":\"2020-03-07T17:25:41+00:00\",\"mainEntityOfPage\":{\"@id\":\"https:\\\/\\\/www.libriparlanti.org\\\/index.php\\\/2020\\\/02\\\/un-autore-lorenza-foschini\\\/\"},\"wordCount\":351,\"commentCount\":0,\"image\":{\"@id\":\"https:\\\/\\\/www.libriparlanti.org\\\/index.php\\\/2020\\\/02\\\/un-autore-lorenza-foschini\\\/#primaryimage\"},\"thumbnailUrl\":\"https:\\\/\\\/www.libriparlanti.org\\\/wp-content\\\/uploads\\\/2020\\\/02\\\/Il-vento-attraversa-le-nostre-anime-Lorenza-Foschini.jpg\",\"articleSection\":[\"eventi\"],\"inLanguage\":\"it-IT\",\"potentialAction\":[{\"@type\":\"CommentAction\",\"name\":\"Comment\",\"target\":[\"https:\\\/\\\/www.libriparlanti.org\\\/index.php\\\/2020\\\/02\\\/un-autore-lorenza-foschini\\\/#respond\"]}]},{\"@type\":\"WebPage\",\"@id\":\"https:\\\/\\\/www.libriparlanti.org\\\/index.php\\\/2020\\\/02\\\/un-autore-lorenza-foschini\\\/\",\"url\":\"https:\\\/\\\/www.libriparlanti.org\\\/index.php\\\/2020\\\/02\\\/un-autore-lorenza-foschini\\\/\",\"name\":\"Un autore:Lorenza Foschini - Libreria Libri parlanti Un autore:Lorenza Foschini\",\"isPartOf\":{\"@id\":\"https:\\\/\\\/www.libriparlanti.org\\\/#website\"},\"primaryImageOfPage\":{\"@id\":\"https:\\\/\\\/www.libriparlanti.org\\\/index.php\\\/2020\\\/02\\\/un-autore-lorenza-foschini\\\/#primaryimage\"},\"image\":{\"@id\":\"https:\\\/\\\/www.libriparlanti.org\\\/index.php\\\/2020\\\/02\\\/un-autore-lorenza-foschini\\\/#primaryimage\"},\"thumbnailUrl\":\"https:\\\/\\\/www.libriparlanti.org\\\/wp-content\\\/uploads\\\/2020\\\/02\\\/Il-vento-attraversa-le-nostre-anime-Lorenza-Foschini.jpg\",\"datePublished\":\"2020-02-22T17:00:00+00:00\",\"dateModified\":\"2020-03-07T17:25:41+00:00\",\"author\":{\"@id\":\"https:\\\/\\\/www.libriparlanti.org\\\/#\\\/schema\\\/person\\\/a2101732f0cc0144f0a4d0ecc313655a\"},\"description\":\"Lorenza Foschini ha ricostruito nel suo libro \\\" Il vento attraversa le nostre anime\\\" Ed.Mondadori, la storia del rapporto tra Marcel Proust e Reynaldo Hahn.\",\"breadcrumb\":{\"@id\":\"https:\\\/\\\/www.libriparlanti.org\\\/index.php\\\/2020\\\/02\\\/un-autore-lorenza-foschini\\\/#breadcrumb\"},\"inLanguage\":\"it-IT\",\"potentialAction\":[{\"@type\":\"ReadAction\",\"target\":[\"https:\\\/\\\/www.libriparlanti.org\\\/index.php\\\/2020\\\/02\\\/un-autore-lorenza-foschini\\\/\"]}]},{\"@type\":\"ImageObject\",\"inLanguage\":\"it-IT\",\"@id\":\"https:\\\/\\\/www.libriparlanti.org\\\/index.php\\\/2020\\\/02\\\/un-autore-lorenza-foschini\\\/#primaryimage\",\"url\":\"https:\\\/\\\/www.libriparlanti.org\\\/wp-content\\\/uploads\\\/2020\\\/02\\\/Il-vento-attraversa-le-nostre-anime-Lorenza-Foschini.jpg\",\"contentUrl\":\"https:\\\/\\\/www.libriparlanti.org\\\/wp-content\\\/uploads\\\/2020\\\/02\\\/Il-vento-attraversa-le-nostre-anime-Lorenza-Foschini.jpg\",\"width\":679,\"height\":960,\"caption\":\"Il vento attraversa le nostre anime - Lorenza Foschini\"},{\"@type\":\"BreadcrumbList\",\"@id\":\"https:\\\/\\\/www.libriparlanti.org\\\/index.php\\\/2020\\\/02\\\/un-autore-lorenza-foschini\\\/#breadcrumb\",\"itemListElement\":[{\"@type\":\"ListItem\",\"position\":1,\"name\":\"Home\",\"item\":\"https:\\\/\\\/www.libriparlanti.org\\\/\"},{\"@type\":\"ListItem\",\"position\":2,\"name\":\"Un autore:Lorenza Foschini\"}]},{\"@type\":\"WebSite\",\"@id\":\"https:\\\/\\\/www.libriparlanti.org\\\/#website\",\"url\":\"https:\\\/\\\/www.libriparlanti.org\\\/\",\"name\":\"Libreria Libri parlanti\",\"description\":\"Libreria in Castiglione del Lago (Pg)\",\"potentialAction\":[{\"@type\":\"SearchAction\",\"target\":{\"@type\":\"EntryPoint\",\"urlTemplate\":\"https:\\\/\\\/www.libriparlanti.org\\\/?s={search_term_string}\"},\"query-input\":{\"@type\":\"PropertyValueSpecification\",\"valueRequired\":true,\"valueName\":\"search_term_string\"}}],\"inLanguage\":\"it-IT\"},{\"@type\":\"Person\",\"@id\":\"https:\\\/\\\/www.libriparlanti.org\\\/#\\\/schema\\\/person\\\/a2101732f0cc0144f0a4d0ecc313655a\",\"name\":\"admin\",\"image\":{\"@type\":\"ImageObject\",\"inLanguage\":\"it-IT\",\"@id\":\"https:\\\/\\\/secure.gravatar.com\\\/avatar\\\/f06887496a5753f3caca573646570e603d16e07cbd1553492c2c65009e6014ca?s=96&d=mm&r=g\",\"url\":\"https:\\\/\\\/secure.gravatar.com\\\/avatar\\\/f06887496a5753f3caca573646570e603d16e07cbd1553492c2c65009e6014ca?s=96&d=mm&r=g\",\"contentUrl\":\"https:\\\/\\\/secure.gravatar.com\\\/avatar\\\/f06887496a5753f3caca573646570e603d16e07cbd1553492c2c65009e6014ca?s=96&d=mm&r=g\",\"caption\":\"admin\"},\"sameAs\":[\"http:\\\/\\\/www.libriparlanti.org\"],\"url\":\"https:\\\/\\\/www.libriparlanti.org\\\/index.php\\\/author\\\/admin\\\/\"}]}<\/script>\n<!-- \/ Yoast SEO plugin. -->","yoast_head_json":{"title":"Un autore:Lorenza Foschini - Libreria Libri parlanti Un autore:Lorenza Foschini","description":"Lorenza Foschini ha ricostruito nel suo libro \" Il vento attraversa le nostre anime\" Ed.Mondadori, la storia del rapporto tra Marcel Proust e Reynaldo Hahn.","robots":{"index":"index","follow":"follow","max-snippet":"max-snippet:-1","max-image-preview":"max-image-preview:large","max-video-preview":"max-video-preview:-1"},"canonical":"https:\/\/www.libriparlanti.org\/index.php\/2020\/02\/un-autore-lorenza-foschini\/","og_locale":"it_IT","og_type":"article","og_title":"Un autore:Lorenza Foschini - Libreria Libri parlanti Un autore:Lorenza Foschini","og_description":"Lorenza Foschini ha ricostruito nel suo libro \" Il vento attraversa le nostre anime\" Ed.Mondadori, la storia del rapporto tra Marcel Proust e Reynaldo Hahn.","og_url":"https:\/\/www.libriparlanti.org\/index.php\/2020\/02\/un-autore-lorenza-foschini\/","og_site_name":"Libreria Libri parlanti","article_publisher":"https:\/\/www.facebook.com\/LibriParlanti","article_published_time":"2020-02-22T17:00:00+00:00","article_modified_time":"2020-03-07T17:25:41+00:00","og_image":[{"width":679,"height":960,"url":"https:\/\/www.libriparlanti.org\/wp-content\/uploads\/2020\/02\/Il-vento-attraversa-le-nostre-anime-Lorenza-Foschini.jpg","type":"image\/jpeg"}],"author":"admin","twitter_card":"summary_large_image","twitter_misc":{"Scritto da":"admin","Tempo di lettura stimato":"2 minuti"},"schema":{"@context":"https:\/\/schema.org","@graph":[{"@type":"Article","@id":"https:\/\/www.libriparlanti.org\/index.php\/2020\/02\/un-autore-lorenza-foschini\/#article","isPartOf":{"@id":"https:\/\/www.libriparlanti.org\/index.php\/2020\/02\/un-autore-lorenza-foschini\/"},"author":{"name":"admin","@id":"https:\/\/www.libriparlanti.org\/#\/schema\/person\/a2101732f0cc0144f0a4d0ecc313655a"},"headline":"Un autore:Lorenza Foschini","datePublished":"2020-02-22T17:00:00+00:00","dateModified":"2020-03-07T17:25:41+00:00","mainEntityOfPage":{"@id":"https:\/\/www.libriparlanti.org\/index.php\/2020\/02\/un-autore-lorenza-foschini\/"},"wordCount":351,"commentCount":0,"image":{"@id":"https:\/\/www.libriparlanti.org\/index.php\/2020\/02\/un-autore-lorenza-foschini\/#primaryimage"},"thumbnailUrl":"https:\/\/www.libriparlanti.org\/wp-content\/uploads\/2020\/02\/Il-vento-attraversa-le-nostre-anime-Lorenza-Foschini.jpg","articleSection":["eventi"],"inLanguage":"it-IT","potentialAction":[{"@type":"CommentAction","name":"Comment","target":["https:\/\/www.libriparlanti.org\/index.php\/2020\/02\/un-autore-lorenza-foschini\/#respond"]}]},{"@type":"WebPage","@id":"https:\/\/www.libriparlanti.org\/index.php\/2020\/02\/un-autore-lorenza-foschini\/","url":"https:\/\/www.libriparlanti.org\/index.php\/2020\/02\/un-autore-lorenza-foschini\/","name":"Un autore:Lorenza Foschini - Libreria Libri parlanti Un autore:Lorenza Foschini","isPartOf":{"@id":"https:\/\/www.libriparlanti.org\/#website"},"primaryImageOfPage":{"@id":"https:\/\/www.libriparlanti.org\/index.php\/2020\/02\/un-autore-lorenza-foschini\/#primaryimage"},"image":{"@id":"https:\/\/www.libriparlanti.org\/index.php\/2020\/02\/un-autore-lorenza-foschini\/#primaryimage"},"thumbnailUrl":"https:\/\/www.libriparlanti.org\/wp-content\/uploads\/2020\/02\/Il-vento-attraversa-le-nostre-anime-Lorenza-Foschini.jpg","datePublished":"2020-02-22T17:00:00+00:00","dateModified":"2020-03-07T17:25:41+00:00","author":{"@id":"https:\/\/www.libriparlanti.org\/#\/schema\/person\/a2101732f0cc0144f0a4d0ecc313655a"},"description":"Lorenza Foschini ha ricostruito nel suo libro \" Il vento attraversa le nostre anime\" Ed.Mondadori, la storia del rapporto tra Marcel Proust e Reynaldo Hahn.","breadcrumb":{"@id":"https:\/\/www.libriparlanti.org\/index.php\/2020\/02\/un-autore-lorenza-foschini\/#breadcrumb"},"inLanguage":"it-IT","potentialAction":[{"@type":"ReadAction","target":["https:\/\/www.libriparlanti.org\/index.php\/2020\/02\/un-autore-lorenza-foschini\/"]}]},{"@type":"ImageObject","inLanguage":"it-IT","@id":"https:\/\/www.libriparlanti.org\/index.php\/2020\/02\/un-autore-lorenza-foschini\/#primaryimage","url":"https:\/\/www.libriparlanti.org\/wp-content\/uploads\/2020\/02\/Il-vento-attraversa-le-nostre-anime-Lorenza-Foschini.jpg","contentUrl":"https:\/\/www.libriparlanti.org\/wp-content\/uploads\/2020\/02\/Il-vento-attraversa-le-nostre-anime-Lorenza-Foschini.jpg","width":679,"height":960,"caption":"Il vento attraversa le nostre anime - Lorenza Foschini"},{"@type":"BreadcrumbList","@id":"https:\/\/www.libriparlanti.org\/index.php\/2020\/02\/un-autore-lorenza-foschini\/#breadcrumb","itemListElement":[{"@type":"ListItem","position":1,"name":"Home","item":"https:\/\/www.libriparlanti.org\/"},{"@type":"ListItem","position":2,"name":"Un autore:Lorenza Foschini"}]},{"@type":"WebSite","@id":"https:\/\/www.libriparlanti.org\/#website","url":"https:\/\/www.libriparlanti.org\/","name":"Libreria Libri parlanti","description":"Libreria in Castiglione del Lago (Pg)","potentialAction":[{"@type":"SearchAction","target":{"@type":"EntryPoint","urlTemplate":"https:\/\/www.libriparlanti.org\/?s={search_term_string}"},"query-input":{"@type":"PropertyValueSpecification","valueRequired":true,"valueName":"search_term_string"}}],"inLanguage":"it-IT"},{"@type":"Person","@id":"https:\/\/www.libriparlanti.org\/#\/schema\/person\/a2101732f0cc0144f0a4d0ecc313655a","name":"admin","image":{"@type":"ImageObject","inLanguage":"it-IT","@id":"https:\/\/secure.gravatar.com\/avatar\/f06887496a5753f3caca573646570e603d16e07cbd1553492c2c65009e6014ca?s=96&d=mm&r=g","url":"https:\/\/secure.gravatar.com\/avatar\/f06887496a5753f3caca573646570e603d16e07cbd1553492c2c65009e6014ca?s=96&d=mm&r=g","contentUrl":"https:\/\/secure.gravatar.com\/avatar\/f06887496a5753f3caca573646570e603d16e07cbd1553492c2c65009e6014ca?s=96&d=mm&r=g","caption":"admin"},"sameAs":["http:\/\/www.libriparlanti.org"],"url":"https:\/\/www.libriparlanti.org\/index.php\/author\/admin\/"}]}},"_links":{"self":[{"href":"https:\/\/www.libriparlanti.org\/index.php\/wp-json\/wp\/v2\/posts\/7586","targetHints":{"allow":["GET"]}}],"collection":[{"href":"https:\/\/www.libriparlanti.org\/index.php\/wp-json\/wp\/v2\/posts"}],"about":[{"href":"https:\/\/www.libriparlanti.org\/index.php\/wp-json\/wp\/v2\/types\/post"}],"author":[{"embeddable":true,"href":"https:\/\/www.libriparlanti.org\/index.php\/wp-json\/wp\/v2\/users\/1"}],"replies":[{"embeddable":true,"href":"https:\/\/www.libriparlanti.org\/index.php\/wp-json\/wp\/v2\/comments?post=7586"}],"version-history":[{"count":2,"href":"https:\/\/www.libriparlanti.org\/index.php\/wp-json\/wp\/v2\/posts\/7586\/revisions"}],"predecessor-version":[{"id":7724,"href":"https:\/\/www.libriparlanti.org\/index.php\/wp-json\/wp\/v2\/posts\/7586\/revisions\/7724"}],"wp:featuredmedia":[{"embeddable":true,"href":"https:\/\/www.libriparlanti.org\/index.php\/wp-json\/wp\/v2\/media\/7615"}],"wp:attachment":[{"href":"https:\/\/www.libriparlanti.org\/index.php\/wp-json\/wp\/v2\/media?parent=7586"}],"wp:term":[{"taxonomy":"category","embeddable":true,"href":"https:\/\/www.libriparlanti.org\/index.php\/wp-json\/wp\/v2\/categories?post=7586"},{"taxonomy":"post_tag","embeddable":true,"href":"https:\/\/www.libriparlanti.org\/index.php\/wp-json\/wp\/v2\/tags?post=7586"}],"curies":[{"name":"wp","href":"https:\/\/api.w.org\/{rel}","templated":true}]}}