{"id":75381,"date":"2026-04-30T14:47:45","date_gmt":"2026-04-30T12:47:45","guid":{"rendered":"https:\/\/www.libriparlanti.org\/?p=75381"},"modified":"2026-04-30T14:49:21","modified_gmt":"2026-04-30T12:49:21","slug":"sabato-9-ore-17-00-narrazioni-paolo-scopetani-presenta-la-valigia-del-maestro-ed-radici-future","status":"publish","type":"post","link":"https:\/\/www.libriparlanti.org\/index.php\/2026\/04\/sabato-9-ore-17-00-narrazioni-paolo-scopetani-presenta-la-valigia-del-maestro-ed-radici-future\/","title":{"rendered":"Sabato 9 ore 17.00 NarrAzioni &#8211; Paolo Scopetani presenta LA VALIGIA DEL MAESTRO Ed. Radici Future"},"content":{"rendered":"\n<p>Sabato 9 maggio alle ore 17.00 presso la Sala del Teatro di Palazzo della Corgna, Paolo Scopetani presenta LA VALIGIA DEL MAESTRO Ed. Radici future<\/p>\n\n\n\n<p>Una biografia professionale che racconta la scuola dove trovano posto il coraggio, la curiosit\u00e0, l&#8217;empatia, e la passione con l&#8217;ambizione di orientare il futuro.<\/p>\n\n\n\n<p>Memorie di un maestro che diventano un catalogo di suggestioni utili per comprendere e ricordare che usare il mondo come libro di testo, praticare le arti e la democrazia, dare un nome alle emozioni, ridere degli errori, non sono stravaganze, ma pratiche efficaci e divertenti. Basta osare. Ogni insegnante pu\u00f2 godere di una vertiginosa libert\u00e0: quando varca la porta della classe ostacoli e condizionamenti restano fuori dalla soglia. Poi \u00e8 solo con i ragazzi, con la sua coscienza, le sue capacit\u00e0, i suoi talenti. Pu\u00f2 succedere tutto e nulla, ma in fondo dipende solo da lui che la scuola rimanga il luogo del gioco, del sogno, dell\u2019illimitato.<\/p>\n\n\n\n<p>Dialogher\u00e0 con l&#8217;autore Marinella Aquaro<\/p>\n\n\n\n<p>Ingresso gratuito \u2013 Info e prenotazioni 0759658260 I 075951822 I 3486416096 I 3356870770<\/p>\n\n\n\n<p>Evento realizzato dal Comune di Castiglione del Lago in collaborazione con&nbsp;<a href=\"http:\/\/www.bibliocastiglione.it\/\">Biblioteca Comunale<\/a>&nbsp;e&nbsp;<a href=\"http:\/\/www.libriparlanti.org\/\">ParoleinCorsoAps<\/a><\/p>\n","protected":false},"excerpt":{"rendered":"<p>Sabato 9 maggio alle ore 17.00 presso la Sala del Teatro di Palazzo della Corgna, Paolo Scopetani presenta LA VALIGIA DEL MAESTRO Ed. Radici future Una biografia professionale che racconta la scuola dove trovano posto il coraggio, la curiosit\u00e0, l&#8217;empatia, e la passione con l&#8217;ambizione di orientare il futuro. Memorie di un maestro che diventano [&hellip;]<\/p>\n","protected":false},"author":1,"featured_media":75382,"comment_status":"open","ping_status":"open","sticky":false,"template":"","format":"standard","meta":{"_et_pb_use_builder":"off","_et_pb_old_content":"","_et_gb_content_width":"","_joinchat":[],"footnotes":""},"categories":[3,4],"tags":[2414,83,2023,698],"class_list":["post-75381","post","type-post","status-publish","format-standard","has-post-thumbnail","hentry","category-eventi","category-home-page","tag-la-valigia-del-maestro","tag-libri-parlanti","tag-narrazioni","tag-paolo-scopetani"],"yoast_head":"<!-- This site is optimized with the Yoast SEO plugin v27.5 - https:\/\/yoast.com\/product\/yoast-seo-wordpress\/ -->\n<title>Paolo Scopetani presenta LA VALIGIA DEL MAESTRO<\/title>\n<meta name=\"description\" content=\"Paolo Scopetani presenta LA VALIGIA DEL MAESTRO Ed. Radici Future .Una biografia professionale che racconta la scuola dove trovano posto il coraggio, la curiosit\u00e0, l&#039;empatia, e la passione con l&#039;ambizione di orientare il futuro.\" \/>\n<meta name=\"robots\" content=\"index, follow, max-snippet:-1, max-image-preview:large, max-video-preview:-1\" \/>\n<link rel=\"canonical\" href=\"https:\/\/www.libriparlanti.org\/index.php\/2026\/04\/sabato-9-ore-17-00-narrazioni-paolo-scopetani-presenta-la-valigia-del-maestro-ed-radici-future\/\" \/>\n<meta property=\"og:locale\" content=\"it_IT\" \/>\n<meta property=\"og:type\" content=\"article\" \/>\n<meta property=\"og:title\" content=\"Paolo Scopetani presenta LA VALIGIA DEL MAESTRO\" \/>\n<meta property=\"og:description\" content=\"Paolo Scopetani presenta LA VALIGIA DEL MAESTRO Ed. Radici Future .Una biografia professionale che racconta la scuola dove trovano posto il coraggio, la curiosit\u00e0, l&#039;empatia, e la passione con l&#039;ambizione di orientare il futuro.\" \/>\n<meta property=\"og:url\" content=\"https:\/\/www.libriparlanti.org\/index.php\/2026\/04\/sabato-9-ore-17-00-narrazioni-paolo-scopetani-presenta-la-valigia-del-maestro-ed-radici-future\/\" \/>\n<meta property=\"og:site_name\" content=\"Libreria Libri parlanti\" \/>\n<meta property=\"article:publisher\" content=\"https:\/\/www.facebook.com\/LibriParlanti\" \/>\n<meta property=\"article:published_time\" content=\"2026-04-30T12:47:45+00:00\" \/>\n<meta property=\"article:modified_time\" content=\"2026-04-30T12:49:21+00:00\" \/>\n<meta property=\"og:image\" content=\"https:\/\/www.libriparlanti.org\/wp-content\/uploads\/2026\/04\/9791254900925_0_0_536_0_75.jpg\" \/>\n\t<meta property=\"og:image:width\" content=\"536\" \/>\n\t<meta property=\"og:image:height\" content=\"758\" \/>\n\t<meta property=\"og:image:type\" content=\"image\/jpeg\" \/>\n<meta name=\"author\" content=\"admin\" \/>\n<meta name=\"twitter:card\" content=\"summary_large_image\" \/>\n<meta name=\"twitter:label1\" content=\"Scritto da\" \/>\n\t<meta name=\"twitter:data1\" content=\"admin\" \/>\n\t<meta name=\"twitter:label2\" content=\"Tempo di lettura stimato\" \/>\n\t<meta name=\"twitter:data2\" content=\"2 minuti\" \/>\n<script type=\"application\/ld+json\" class=\"yoast-schema-graph\">{\"@context\":\"https:\\\/\\\/schema.org\",\"@graph\":[{\"@type\":\"Article\",\"@id\":\"https:\\\/\\\/www.libriparlanti.org\\\/index.php\\\/2026\\\/04\\\/sabato-9-ore-17-00-narrazioni-paolo-scopetani-presenta-la-valigia-del-maestro-ed-radici-future\\\/#article\",\"isPartOf\":{\"@id\":\"https:\\\/\\\/www.libriparlanti.org\\\/index.php\\\/2026\\\/04\\\/sabato-9-ore-17-00-narrazioni-paolo-scopetani-presenta-la-valigia-del-maestro-ed-radici-future\\\/\"},\"author\":{\"name\":\"admin\",\"@id\":\"https:\\\/\\\/www.libriparlanti.org\\\/#\\\/schema\\\/person\\\/a2101732f0cc0144f0a4d0ecc313655a\"},\"headline\":\"Sabato 9 ore 17.00 NarrAzioni &#8211; Paolo Scopetani presenta LA VALIGIA DEL MAESTRO Ed. Radici Future\",\"datePublished\":\"2026-04-30T12:47:45+00:00\",\"dateModified\":\"2026-04-30T12:49:21+00:00\",\"mainEntityOfPage\":{\"@id\":\"https:\\\/\\\/www.libriparlanti.org\\\/index.php\\\/2026\\\/04\\\/sabato-9-ore-17-00-narrazioni-paolo-scopetani-presenta-la-valigia-del-maestro-ed-radici-future\\\/\"},\"wordCount\":199,\"commentCount\":0,\"image\":{\"@id\":\"https:\\\/\\\/www.libriparlanti.org\\\/index.php\\\/2026\\\/04\\\/sabato-9-ore-17-00-narrazioni-paolo-scopetani-presenta-la-valigia-del-maestro-ed-radici-future\\\/#primaryimage\"},\"thumbnailUrl\":\"https:\\\/\\\/www.libriparlanti.org\\\/wp-content\\\/uploads\\\/2026\\\/04\\\/9791254900925_0_0_536_0_75.jpg\",\"keywords\":[\"la valigia del maestro\",\"libri parlanti\",\"NarrAzioni\",\"paolo scopetani\"],\"articleSection\":[\"eventi\",\"home page\"],\"inLanguage\":\"it-IT\",\"potentialAction\":[{\"@type\":\"CommentAction\",\"name\":\"Comment\",\"target\":[\"https:\\\/\\\/www.libriparlanti.org\\\/index.php\\\/2026\\\/04\\\/sabato-9-ore-17-00-narrazioni-paolo-scopetani-presenta-la-valigia-del-maestro-ed-radici-future\\\/#respond\"]}]},{\"@type\":\"WebPage\",\"@id\":\"https:\\\/\\\/www.libriparlanti.org\\\/index.php\\\/2026\\\/04\\\/sabato-9-ore-17-00-narrazioni-paolo-scopetani-presenta-la-valigia-del-maestro-ed-radici-future\\\/\",\"url\":\"https:\\\/\\\/www.libriparlanti.org\\\/index.php\\\/2026\\\/04\\\/sabato-9-ore-17-00-narrazioni-paolo-scopetani-presenta-la-valigia-del-maestro-ed-radici-future\\\/\",\"name\":\"Paolo Scopetani presenta LA VALIGIA DEL MAESTRO\",\"isPartOf\":{\"@id\":\"https:\\\/\\\/www.libriparlanti.org\\\/#website\"},\"primaryImageOfPage\":{\"@id\":\"https:\\\/\\\/www.libriparlanti.org\\\/index.php\\\/2026\\\/04\\\/sabato-9-ore-17-00-narrazioni-paolo-scopetani-presenta-la-valigia-del-maestro-ed-radici-future\\\/#primaryimage\"},\"image\":{\"@id\":\"https:\\\/\\\/www.libriparlanti.org\\\/index.php\\\/2026\\\/04\\\/sabato-9-ore-17-00-narrazioni-paolo-scopetani-presenta-la-valigia-del-maestro-ed-radici-future\\\/#primaryimage\"},\"thumbnailUrl\":\"https:\\\/\\\/www.libriparlanti.org\\\/wp-content\\\/uploads\\\/2026\\\/04\\\/9791254900925_0_0_536_0_75.jpg\",\"datePublished\":\"2026-04-30T12:47:45+00:00\",\"dateModified\":\"2026-04-30T12:49:21+00:00\",\"author\":{\"@id\":\"https:\\\/\\\/www.libriparlanti.org\\\/#\\\/schema\\\/person\\\/a2101732f0cc0144f0a4d0ecc313655a\"},\"description\":\"Paolo Scopetani presenta LA VALIGIA DEL MAESTRO Ed. Radici Future .Una biografia professionale che racconta la scuola dove trovano posto il coraggio, la curiosit\u00e0, l'empatia, e la passione con l'ambizione di orientare il futuro.\",\"breadcrumb\":{\"@id\":\"https:\\\/\\\/www.libriparlanti.org\\\/index.php\\\/2026\\\/04\\\/sabato-9-ore-17-00-narrazioni-paolo-scopetani-presenta-la-valigia-del-maestro-ed-radici-future\\\/#breadcrumb\"},\"inLanguage\":\"it-IT\",\"potentialAction\":[{\"@type\":\"ReadAction\",\"target\":[\"https:\\\/\\\/www.libriparlanti.org\\\/index.php\\\/2026\\\/04\\\/sabato-9-ore-17-00-narrazioni-paolo-scopetani-presenta-la-valigia-del-maestro-ed-radici-future\\\/\"]}]},{\"@type\":\"ImageObject\",\"inLanguage\":\"it-IT\",\"@id\":\"https:\\\/\\\/www.libriparlanti.org\\\/index.php\\\/2026\\\/04\\\/sabato-9-ore-17-00-narrazioni-paolo-scopetani-presenta-la-valigia-del-maestro-ed-radici-future\\\/#primaryimage\",\"url\":\"https:\\\/\\\/www.libriparlanti.org\\\/wp-content\\\/uploads\\\/2026\\\/04\\\/9791254900925_0_0_536_0_75.jpg\",\"contentUrl\":\"https:\\\/\\\/www.libriparlanti.org\\\/wp-content\\\/uploads\\\/2026\\\/04\\\/9791254900925_0_0_536_0_75.jpg\",\"width\":536,\"height\":758},{\"@type\":\"BreadcrumbList\",\"@id\":\"https:\\\/\\\/www.libriparlanti.org\\\/index.php\\\/2026\\\/04\\\/sabato-9-ore-17-00-narrazioni-paolo-scopetani-presenta-la-valigia-del-maestro-ed-radici-future\\\/#breadcrumb\",\"itemListElement\":[{\"@type\":\"ListItem\",\"position\":1,\"name\":\"Home\",\"item\":\"https:\\\/\\\/www.libriparlanti.org\\\/\"},{\"@type\":\"ListItem\",\"position\":2,\"name\":\"Sabato 9 ore 17.00 NarrAzioni &#8211; Paolo Scopetani presenta LA VALIGIA DEL MAESTRO Ed. Radici Future\"}]},{\"@type\":\"WebSite\",\"@id\":\"https:\\\/\\\/www.libriparlanti.org\\\/#website\",\"url\":\"https:\\\/\\\/www.libriparlanti.org\\\/\",\"name\":\"Libreria Libri parlanti\",\"description\":\"Libreria in Castiglione del Lago (Pg)\",\"potentialAction\":[{\"@type\":\"SearchAction\",\"target\":{\"@type\":\"EntryPoint\",\"urlTemplate\":\"https:\\\/\\\/www.libriparlanti.org\\\/?s={search_term_string}\"},\"query-input\":{\"@type\":\"PropertyValueSpecification\",\"valueRequired\":true,\"valueName\":\"search_term_string\"}}],\"inLanguage\":\"it-IT\"},{\"@type\":\"Person\",\"@id\":\"https:\\\/\\\/www.libriparlanti.org\\\/#\\\/schema\\\/person\\\/a2101732f0cc0144f0a4d0ecc313655a\",\"name\":\"admin\",\"image\":{\"@type\":\"ImageObject\",\"inLanguage\":\"it-IT\",\"@id\":\"https:\\\/\\\/secure.gravatar.com\\\/avatar\\\/f06887496a5753f3caca573646570e603d16e07cbd1553492c2c65009e6014ca?s=96&d=mm&r=g\",\"url\":\"https:\\\/\\\/secure.gravatar.com\\\/avatar\\\/f06887496a5753f3caca573646570e603d16e07cbd1553492c2c65009e6014ca?s=96&d=mm&r=g\",\"contentUrl\":\"https:\\\/\\\/secure.gravatar.com\\\/avatar\\\/f06887496a5753f3caca573646570e603d16e07cbd1553492c2c65009e6014ca?s=96&d=mm&r=g\",\"caption\":\"admin\"},\"sameAs\":[\"http:\\\/\\\/www.libriparlanti.org\"],\"url\":\"https:\\\/\\\/www.libriparlanti.org\\\/index.php\\\/author\\\/admin\\\/\"}]}<\/script>\n<!-- \/ Yoast SEO plugin. -->","yoast_head_json":{"title":"Paolo Scopetani presenta LA VALIGIA DEL MAESTRO","description":"Paolo Scopetani presenta LA VALIGIA DEL MAESTRO Ed. Radici Future .Una biografia professionale che racconta la scuola dove trovano posto il coraggio, la curiosit\u00e0, l'empatia, e la passione con l'ambizione di orientare il futuro.","robots":{"index":"index","follow":"follow","max-snippet":"max-snippet:-1","max-image-preview":"max-image-preview:large","max-video-preview":"max-video-preview:-1"},"canonical":"https:\/\/www.libriparlanti.org\/index.php\/2026\/04\/sabato-9-ore-17-00-narrazioni-paolo-scopetani-presenta-la-valigia-del-maestro-ed-radici-future\/","og_locale":"it_IT","og_type":"article","og_title":"Paolo Scopetani presenta LA VALIGIA DEL MAESTRO","og_description":"Paolo Scopetani presenta LA VALIGIA DEL MAESTRO Ed. Radici Future .Una biografia professionale che racconta la scuola dove trovano posto il coraggio, la curiosit\u00e0, l'empatia, e la passione con l'ambizione di orientare il futuro.","og_url":"https:\/\/www.libriparlanti.org\/index.php\/2026\/04\/sabato-9-ore-17-00-narrazioni-paolo-scopetani-presenta-la-valigia-del-maestro-ed-radici-future\/","og_site_name":"Libreria Libri parlanti","article_publisher":"https:\/\/www.facebook.com\/LibriParlanti","article_published_time":"2026-04-30T12:47:45+00:00","article_modified_time":"2026-04-30T12:49:21+00:00","og_image":[{"width":536,"height":758,"url":"https:\/\/www.libriparlanti.org\/wp-content\/uploads\/2026\/04\/9791254900925_0_0_536_0_75.jpg","type":"image\/jpeg"}],"author":"admin","twitter_card":"summary_large_image","twitter_misc":{"Scritto da":"admin","Tempo di lettura stimato":"2 minuti"},"schema":{"@context":"https:\/\/schema.org","@graph":[{"@type":"Article","@id":"https:\/\/www.libriparlanti.org\/index.php\/2026\/04\/sabato-9-ore-17-00-narrazioni-paolo-scopetani-presenta-la-valigia-del-maestro-ed-radici-future\/#article","isPartOf":{"@id":"https:\/\/www.libriparlanti.org\/index.php\/2026\/04\/sabato-9-ore-17-00-narrazioni-paolo-scopetani-presenta-la-valigia-del-maestro-ed-radici-future\/"},"author":{"name":"admin","@id":"https:\/\/www.libriparlanti.org\/#\/schema\/person\/a2101732f0cc0144f0a4d0ecc313655a"},"headline":"Sabato 9 ore 17.00 NarrAzioni &#8211; Paolo Scopetani presenta LA VALIGIA DEL MAESTRO Ed. Radici Future","datePublished":"2026-04-30T12:47:45+00:00","dateModified":"2026-04-30T12:49:21+00:00","mainEntityOfPage":{"@id":"https:\/\/www.libriparlanti.org\/index.php\/2026\/04\/sabato-9-ore-17-00-narrazioni-paolo-scopetani-presenta-la-valigia-del-maestro-ed-radici-future\/"},"wordCount":199,"commentCount":0,"image":{"@id":"https:\/\/www.libriparlanti.org\/index.php\/2026\/04\/sabato-9-ore-17-00-narrazioni-paolo-scopetani-presenta-la-valigia-del-maestro-ed-radici-future\/#primaryimage"},"thumbnailUrl":"https:\/\/www.libriparlanti.org\/wp-content\/uploads\/2026\/04\/9791254900925_0_0_536_0_75.jpg","keywords":["la valigia del maestro","libri parlanti","NarrAzioni","paolo scopetani"],"articleSection":["eventi","home page"],"inLanguage":"it-IT","potentialAction":[{"@type":"CommentAction","name":"Comment","target":["https:\/\/www.libriparlanti.org\/index.php\/2026\/04\/sabato-9-ore-17-00-narrazioni-paolo-scopetani-presenta-la-valigia-del-maestro-ed-radici-future\/#respond"]}]},{"@type":"WebPage","@id":"https:\/\/www.libriparlanti.org\/index.php\/2026\/04\/sabato-9-ore-17-00-narrazioni-paolo-scopetani-presenta-la-valigia-del-maestro-ed-radici-future\/","url":"https:\/\/www.libriparlanti.org\/index.php\/2026\/04\/sabato-9-ore-17-00-narrazioni-paolo-scopetani-presenta-la-valigia-del-maestro-ed-radici-future\/","name":"Paolo Scopetani presenta LA VALIGIA DEL MAESTRO","isPartOf":{"@id":"https:\/\/www.libriparlanti.org\/#website"},"primaryImageOfPage":{"@id":"https:\/\/www.libriparlanti.org\/index.php\/2026\/04\/sabato-9-ore-17-00-narrazioni-paolo-scopetani-presenta-la-valigia-del-maestro-ed-radici-future\/#primaryimage"},"image":{"@id":"https:\/\/www.libriparlanti.org\/index.php\/2026\/04\/sabato-9-ore-17-00-narrazioni-paolo-scopetani-presenta-la-valigia-del-maestro-ed-radici-future\/#primaryimage"},"thumbnailUrl":"https:\/\/www.libriparlanti.org\/wp-content\/uploads\/2026\/04\/9791254900925_0_0_536_0_75.jpg","datePublished":"2026-04-30T12:47:45+00:00","dateModified":"2026-04-30T12:49:21+00:00","author":{"@id":"https:\/\/www.libriparlanti.org\/#\/schema\/person\/a2101732f0cc0144f0a4d0ecc313655a"},"description":"Paolo Scopetani presenta LA VALIGIA DEL MAESTRO Ed. Radici Future .Una biografia professionale che racconta la scuola dove trovano posto il coraggio, la curiosit\u00e0, l'empatia, e la passione con l'ambizione di orientare il futuro.","breadcrumb":{"@id":"https:\/\/www.libriparlanti.org\/index.php\/2026\/04\/sabato-9-ore-17-00-narrazioni-paolo-scopetani-presenta-la-valigia-del-maestro-ed-radici-future\/#breadcrumb"},"inLanguage":"it-IT","potentialAction":[{"@type":"ReadAction","target":["https:\/\/www.libriparlanti.org\/index.php\/2026\/04\/sabato-9-ore-17-00-narrazioni-paolo-scopetani-presenta-la-valigia-del-maestro-ed-radici-future\/"]}]},{"@type":"ImageObject","inLanguage":"it-IT","@id":"https:\/\/www.libriparlanti.org\/index.php\/2026\/04\/sabato-9-ore-17-00-narrazioni-paolo-scopetani-presenta-la-valigia-del-maestro-ed-radici-future\/#primaryimage","url":"https:\/\/www.libriparlanti.org\/wp-content\/uploads\/2026\/04\/9791254900925_0_0_536_0_75.jpg","contentUrl":"https:\/\/www.libriparlanti.org\/wp-content\/uploads\/2026\/04\/9791254900925_0_0_536_0_75.jpg","width":536,"height":758},{"@type":"BreadcrumbList","@id":"https:\/\/www.libriparlanti.org\/index.php\/2026\/04\/sabato-9-ore-17-00-narrazioni-paolo-scopetani-presenta-la-valigia-del-maestro-ed-radici-future\/#breadcrumb","itemListElement":[{"@type":"ListItem","position":1,"name":"Home","item":"https:\/\/www.libriparlanti.org\/"},{"@type":"ListItem","position":2,"name":"Sabato 9 ore 17.00 NarrAzioni &#8211; Paolo Scopetani presenta LA VALIGIA DEL MAESTRO Ed. Radici Future"}]},{"@type":"WebSite","@id":"https:\/\/www.libriparlanti.org\/#website","url":"https:\/\/www.libriparlanti.org\/","name":"Libreria Libri parlanti","description":"Libreria in Castiglione del Lago (Pg)","potentialAction":[{"@type":"SearchAction","target":{"@type":"EntryPoint","urlTemplate":"https:\/\/www.libriparlanti.org\/?s={search_term_string}"},"query-input":{"@type":"PropertyValueSpecification","valueRequired":true,"valueName":"search_term_string"}}],"inLanguage":"it-IT"},{"@type":"Person","@id":"https:\/\/www.libriparlanti.org\/#\/schema\/person\/a2101732f0cc0144f0a4d0ecc313655a","name":"admin","image":{"@type":"ImageObject","inLanguage":"it-IT","@id":"https:\/\/secure.gravatar.com\/avatar\/f06887496a5753f3caca573646570e603d16e07cbd1553492c2c65009e6014ca?s=96&d=mm&r=g","url":"https:\/\/secure.gravatar.com\/avatar\/f06887496a5753f3caca573646570e603d16e07cbd1553492c2c65009e6014ca?s=96&d=mm&r=g","contentUrl":"https:\/\/secure.gravatar.com\/avatar\/f06887496a5753f3caca573646570e603d16e07cbd1553492c2c65009e6014ca?s=96&d=mm&r=g","caption":"admin"},"sameAs":["http:\/\/www.libriparlanti.org"],"url":"https:\/\/www.libriparlanti.org\/index.php\/author\/admin\/"}]}},"_links":{"self":[{"href":"https:\/\/www.libriparlanti.org\/index.php\/wp-json\/wp\/v2\/posts\/75381","targetHints":{"allow":["GET"]}}],"collection":[{"href":"https:\/\/www.libriparlanti.org\/index.php\/wp-json\/wp\/v2\/posts"}],"about":[{"href":"https:\/\/www.libriparlanti.org\/index.php\/wp-json\/wp\/v2\/types\/post"}],"author":[{"embeddable":true,"href":"https:\/\/www.libriparlanti.org\/index.php\/wp-json\/wp\/v2\/users\/1"}],"replies":[{"embeddable":true,"href":"https:\/\/www.libriparlanti.org\/index.php\/wp-json\/wp\/v2\/comments?post=75381"}],"version-history":[{"count":1,"href":"https:\/\/www.libriparlanti.org\/index.php\/wp-json\/wp\/v2\/posts\/75381\/revisions"}],"predecessor-version":[{"id":75383,"href":"https:\/\/www.libriparlanti.org\/index.php\/wp-json\/wp\/v2\/posts\/75381\/revisions\/75383"}],"wp:featuredmedia":[{"embeddable":true,"href":"https:\/\/www.libriparlanti.org\/index.php\/wp-json\/wp\/v2\/media\/75382"}],"wp:attachment":[{"href":"https:\/\/www.libriparlanti.org\/index.php\/wp-json\/wp\/v2\/media?parent=75381"}],"wp:term":[{"taxonomy":"category","embeddable":true,"href":"https:\/\/www.libriparlanti.org\/index.php\/wp-json\/wp\/v2\/categories?post=75381"},{"taxonomy":"post_tag","embeddable":true,"href":"https:\/\/www.libriparlanti.org\/index.php\/wp-json\/wp\/v2\/tags?post=75381"}],"curies":[{"name":"wp","href":"https:\/\/api.w.org\/{rel}","templated":true}]}}