{"id":75167,"date":"2026-04-30T14:47:11","date_gmt":"2026-04-30T12:47:11","guid":{"rendered":"https:\/\/www.libriparlanti.org\/?p=75167"},"modified":"2026-04-30T14:47:17","modified_gmt":"2026-04-30T12:47:17","slug":"giovedi-7-ore-21-00-narrazioni-luca-bianchini-presenta-le-ragazze-di-tunisi-ed-mondadori","status":"publish","type":"post","link":"https:\/\/www.libriparlanti.org\/index.php\/2026\/04\/giovedi-7-ore-21-00-narrazioni-luca-bianchini-presenta-le-ragazze-di-tunisi-ed-mondadori\/","title":{"rendered":"Gioved\u00ec 7 ore 21.00 NarrAzioni &#8211; Luca Bianchini presenta LE RAGAZZE DI TUNISI Ed. Mondadori"},"content":{"rendered":"\n<p>Gioved\u00ec 7 maggio alle ore 21.00 presso la Sala del Teatro di Palazzo della Corgna, Luca Bianchini presenta LE RAGAZZE DI TUNISI<a href=\"http:\/\/www.mondadori.it\"> Ed. Mondadori<\/a><\/p>\n\n\n\n<p>Un\u2019ambientazione esotica, Tunisi alla fine degli anni Cinquanta, una donna fiera e determinata e le sue tre figlie adolescenti, un microcosmo di amici e parenti impiccioni e affettuosi: un romanzo coloratissimo che emoziona e sorprende.<\/p>\n\n\n\n<p>Tunisi, 1959-1961. I Brancata sono una delle tante famiglie di origine siciliana che in Tunisia hanno cercato l&#8217;America, e non sempre l&#8217;hanno trovata. Hanno convissuto pacificamente con i francesi, che fino ad allora comandavano, insieme a tunisini, ebrei e maltesi. In questa cornice cosmopolita, Maria vede le sue tre figlie adolescenti diventare grandi.<\/p>\n\n\n\n<p> \u00c8 lei che si occupa di loro perch\u00e9 suo marito lavora in campagna ed \u00e8 quasi sempre sola. Per far fronte alle difficolt\u00e0 economiche si dedica a piccoli lavori di sartoria in casa, al pianterreno di una palazzina che si affaccia su un cortile dove tutti conoscono tutti. Al piano di sopra, un vedovo silenzioso la corteggia con discrezione, ma lei \u00e8 troppo occupata a tener d&#8217;occhio le sue ragazze, innanzitutto Anna, la primogenita. Sedici anni, Anna ama leggere e guardare le navi all&#8217;orizzonte e frequenta una delle migliori scuole di Tunisi grazie allo zio Jojo, il mascalzone latino di famiglia, che le paga gli studi. Per lei l&#8217;amore \u00e8 ancora qualcosa di irraggiungibile, ma per fortuna ha Marinette, l&#8217;amica francese che le apre le porte di un mondo fatto di cinema, bei vestiti e passeggiate in Avenue de France. <\/p>\n\n\n\n<p>Sempre tra i piedi, ci sono le sue sorelle: Vitina che in apparenza pensa solo a cantare e a fare ginnastica, e Pupetta, il grillo parlante della famiglia. Tutto intorno, una citt\u00e0 vivace in cui i nostri protagonisti si muovono in un tempo sospeso tra malinconia e incertezza: con l&#8217;indipendenza della Tunisia per molti si avvicina la stagione degli addii. Ma \u00e8 proprio la paura del cambiamento ad accendere i cuori, far nascere nuove storie e svelare segreti, in un microcosmo fatto di zii rancorosi, vicini curiosi, couscous a volont\u00e0 e serate trepidanti davanti alla tv. Le ragazze di Tunisi \u00e8 un romanzo coloratissimo che emoziona e sorprende<\/p>\n\n\n\n<p>Ingresso gratuito \u2013 Info e prenotazioni 0759658260 I 075951822 I 3486416096 I 3356870770<\/p>\n\n\n\n<p>Evento realizzato dal Comune di Castiglione del Lago in collaborazione con&nbsp;<a href=\"http:\/\/www.bibliocastiglione.it\/\">Biblioteca Comunale<\/a>&nbsp;e&nbsp;<a href=\"http:\/\/www.libriparlanti.org\/\">ParoleinCorsoAps<\/a><\/p>\n","protected":false},"excerpt":{"rendered":"<p>Gioved\u00ec 7 maggio alle ore 21.00 presso la Sala del Teatro di Palazzo della Corgna, Luca Bianchini presenta LE RAGAZZE DI TUNISI Ed. Mondadori Un\u2019ambientazione esotica, Tunisi alla fine degli anni Cinquanta, una donna fiera e determinata e le sue tre figlie adolescenti, un microcosmo di amici e parenti impiccioni e affettuosi: un romanzo coloratissimo [&hellip;]<\/p>\n","protected":false},"author":1,"featured_media":75173,"comment_status":"open","ping_status":"open","sticky":false,"template":"","format":"standard","meta":{"_et_pb_use_builder":"off","_et_pb_old_content":"","_et_gb_content_width":"","_joinchat":[],"footnotes":""},"categories":[3,4],"tags":[83,150,155,2023],"class_list":["post-75167","post","type-post","status-publish","format-standard","has-post-thumbnail","hentry","category-eventi","category-home-page","tag-libri-parlanti","tag-luca-bianchini","tag-mondadori","tag-narrazioni"],"yoast_head":"<!-- This site is optimized with the Yoast SEO plugin v27.5 - https:\/\/yoast.com\/product\/yoast-seo-wordpress\/ -->\n<title>Luca Bianchini presenta LE RAGAZZE DI TUNISI<\/title>\n<meta name=\"description\" content=\"Gioved\u00ec 7 maggio alle ore 21.00 presso la Sala del Teatro di Palazzo della Corgna, Luca Bianchini presenta LE RAGAZZE DI TUNISI Ed. Mondadori\" \/>\n<meta name=\"robots\" content=\"index, follow, max-snippet:-1, max-image-preview:large, max-video-preview:-1\" \/>\n<link rel=\"canonical\" href=\"https:\/\/www.libriparlanti.org\/index.php\/2026\/04\/giovedi-7-ore-21-00-narrazioni-luca-bianchini-presenta-le-ragazze-di-tunisi-ed-mondadori\/\" \/>\n<meta property=\"og:locale\" content=\"it_IT\" \/>\n<meta property=\"og:type\" content=\"article\" \/>\n<meta property=\"og:title\" content=\"Luca Bianchini presenta LE RAGAZZE DI TUNISI\" \/>\n<meta property=\"og:description\" content=\"Gioved\u00ec 7 maggio alle ore 21.00 presso la Sala del Teatro di Palazzo della Corgna, Luca Bianchini presenta LE RAGAZZE DI TUNISI Ed. Mondadori\" \/>\n<meta property=\"og:url\" content=\"https:\/\/www.libriparlanti.org\/index.php\/2026\/04\/giovedi-7-ore-21-00-narrazioni-luca-bianchini-presenta-le-ragazze-di-tunisi-ed-mondadori\/\" \/>\n<meta property=\"og:site_name\" content=\"Libreria Libri parlanti\" \/>\n<meta property=\"article:publisher\" content=\"https:\/\/www.facebook.com\/LibriParlanti\" \/>\n<meta property=\"article:published_time\" content=\"2026-04-30T12:47:11+00:00\" \/>\n<meta property=\"article:modified_time\" content=\"2026-04-30T12:47:17+00:00\" \/>\n<meta property=\"og:image\" content=\"https:\/\/www.libriparlanti.org\/wp-content\/uploads\/2026\/04\/9788804771005_0_0_0_350_75.jpg\" \/>\n\t<meta property=\"og:image:width\" content=\"235\" \/>\n\t<meta property=\"og:image:height\" content=\"350\" \/>\n\t<meta property=\"og:image:type\" content=\"image\/jpeg\" \/>\n<meta name=\"author\" content=\"admin\" \/>\n<meta name=\"twitter:card\" content=\"summary_large_image\" \/>\n<meta name=\"twitter:label1\" content=\"Scritto da\" \/>\n\t<meta name=\"twitter:data1\" content=\"admin\" \/>\n\t<meta name=\"twitter:label2\" content=\"Tempo di lettura stimato\" \/>\n\t<meta name=\"twitter:data2\" content=\"3 minuti\" \/>\n<script type=\"application\/ld+json\" class=\"yoast-schema-graph\">{\"@context\":\"https:\\\/\\\/schema.org\",\"@graph\":[{\"@type\":\"Article\",\"@id\":\"https:\\\/\\\/www.libriparlanti.org\\\/index.php\\\/2026\\\/04\\\/giovedi-7-ore-21-00-narrazioni-luca-bianchini-presenta-le-ragazze-di-tunisi-ed-mondadori\\\/#article\",\"isPartOf\":{\"@id\":\"https:\\\/\\\/www.libriparlanti.org\\\/index.php\\\/2026\\\/04\\\/giovedi-7-ore-21-00-narrazioni-luca-bianchini-presenta-le-ragazze-di-tunisi-ed-mondadori\\\/\"},\"author\":{\"name\":\"admin\",\"@id\":\"https:\\\/\\\/www.libriparlanti.org\\\/#\\\/schema\\\/person\\\/a2101732f0cc0144f0a4d0ecc313655a\"},\"headline\":\"Gioved\u00ec 7 ore 21.00 NarrAzioni &#8211; Luca Bianchini presenta LE RAGAZZE DI TUNISI Ed. Mondadori\",\"datePublished\":\"2026-04-30T12:47:11+00:00\",\"dateModified\":\"2026-04-30T12:47:17+00:00\",\"mainEntityOfPage\":{\"@id\":\"https:\\\/\\\/www.libriparlanti.org\\\/index.php\\\/2026\\\/04\\\/giovedi-7-ore-21-00-narrazioni-luca-bianchini-presenta-le-ragazze-di-tunisi-ed-mondadori\\\/\"},\"wordCount\":392,\"commentCount\":0,\"image\":{\"@id\":\"https:\\\/\\\/www.libriparlanti.org\\\/index.php\\\/2026\\\/04\\\/giovedi-7-ore-21-00-narrazioni-luca-bianchini-presenta-le-ragazze-di-tunisi-ed-mondadori\\\/#primaryimage\"},\"thumbnailUrl\":\"https:\\\/\\\/www.libriparlanti.org\\\/wp-content\\\/uploads\\\/2026\\\/04\\\/9788804771005_0_0_0_350_75.jpg\",\"keywords\":[\"libri parlanti\",\"LUCA BIANCHINI\",\"Mondadori\",\"NarrAzioni\"],\"articleSection\":[\"eventi\",\"home page\"],\"inLanguage\":\"it-IT\",\"potentialAction\":[{\"@type\":\"CommentAction\",\"name\":\"Comment\",\"target\":[\"https:\\\/\\\/www.libriparlanti.org\\\/index.php\\\/2026\\\/04\\\/giovedi-7-ore-21-00-narrazioni-luca-bianchini-presenta-le-ragazze-di-tunisi-ed-mondadori\\\/#respond\"]}]},{\"@type\":\"WebPage\",\"@id\":\"https:\\\/\\\/www.libriparlanti.org\\\/index.php\\\/2026\\\/04\\\/giovedi-7-ore-21-00-narrazioni-luca-bianchini-presenta-le-ragazze-di-tunisi-ed-mondadori\\\/\",\"url\":\"https:\\\/\\\/www.libriparlanti.org\\\/index.php\\\/2026\\\/04\\\/giovedi-7-ore-21-00-narrazioni-luca-bianchini-presenta-le-ragazze-di-tunisi-ed-mondadori\\\/\",\"name\":\"Luca Bianchini presenta LE RAGAZZE DI TUNISI\",\"isPartOf\":{\"@id\":\"https:\\\/\\\/www.libriparlanti.org\\\/#website\"},\"primaryImageOfPage\":{\"@id\":\"https:\\\/\\\/www.libriparlanti.org\\\/index.php\\\/2026\\\/04\\\/giovedi-7-ore-21-00-narrazioni-luca-bianchini-presenta-le-ragazze-di-tunisi-ed-mondadori\\\/#primaryimage\"},\"image\":{\"@id\":\"https:\\\/\\\/www.libriparlanti.org\\\/index.php\\\/2026\\\/04\\\/giovedi-7-ore-21-00-narrazioni-luca-bianchini-presenta-le-ragazze-di-tunisi-ed-mondadori\\\/#primaryimage\"},\"thumbnailUrl\":\"https:\\\/\\\/www.libriparlanti.org\\\/wp-content\\\/uploads\\\/2026\\\/04\\\/9788804771005_0_0_0_350_75.jpg\",\"datePublished\":\"2026-04-30T12:47:11+00:00\",\"dateModified\":\"2026-04-30T12:47:17+00:00\",\"author\":{\"@id\":\"https:\\\/\\\/www.libriparlanti.org\\\/#\\\/schema\\\/person\\\/a2101732f0cc0144f0a4d0ecc313655a\"},\"description\":\"Gioved\u00ec 7 maggio alle ore 21.00 presso la Sala del Teatro di Palazzo della Corgna, Luca Bianchini presenta LE RAGAZZE DI TUNISI Ed. Mondadori\",\"breadcrumb\":{\"@id\":\"https:\\\/\\\/www.libriparlanti.org\\\/index.php\\\/2026\\\/04\\\/giovedi-7-ore-21-00-narrazioni-luca-bianchini-presenta-le-ragazze-di-tunisi-ed-mondadori\\\/#breadcrumb\"},\"inLanguage\":\"it-IT\",\"potentialAction\":[{\"@type\":\"ReadAction\",\"target\":[\"https:\\\/\\\/www.libriparlanti.org\\\/index.php\\\/2026\\\/04\\\/giovedi-7-ore-21-00-narrazioni-luca-bianchini-presenta-le-ragazze-di-tunisi-ed-mondadori\\\/\"]}]},{\"@type\":\"ImageObject\",\"inLanguage\":\"it-IT\",\"@id\":\"https:\\\/\\\/www.libriparlanti.org\\\/index.php\\\/2026\\\/04\\\/giovedi-7-ore-21-00-narrazioni-luca-bianchini-presenta-le-ragazze-di-tunisi-ed-mondadori\\\/#primaryimage\",\"url\":\"https:\\\/\\\/www.libriparlanti.org\\\/wp-content\\\/uploads\\\/2026\\\/04\\\/9788804771005_0_0_0_350_75.jpg\",\"contentUrl\":\"https:\\\/\\\/www.libriparlanti.org\\\/wp-content\\\/uploads\\\/2026\\\/04\\\/9788804771005_0_0_0_350_75.jpg\",\"width\":235,\"height\":350},{\"@type\":\"BreadcrumbList\",\"@id\":\"https:\\\/\\\/www.libriparlanti.org\\\/index.php\\\/2026\\\/04\\\/giovedi-7-ore-21-00-narrazioni-luca-bianchini-presenta-le-ragazze-di-tunisi-ed-mondadori\\\/#breadcrumb\",\"itemListElement\":[{\"@type\":\"ListItem\",\"position\":1,\"name\":\"Home\",\"item\":\"https:\\\/\\\/www.libriparlanti.org\\\/\"},{\"@type\":\"ListItem\",\"position\":2,\"name\":\"Gioved\u00ec 7 ore 21.00 NarrAzioni &#8211; Luca Bianchini presenta LE RAGAZZE DI TUNISI Ed. Mondadori\"}]},{\"@type\":\"WebSite\",\"@id\":\"https:\\\/\\\/www.libriparlanti.org\\\/#website\",\"url\":\"https:\\\/\\\/www.libriparlanti.org\\\/\",\"name\":\"Libreria Libri parlanti\",\"description\":\"Libreria in Castiglione del Lago (Pg)\",\"potentialAction\":[{\"@type\":\"SearchAction\",\"target\":{\"@type\":\"EntryPoint\",\"urlTemplate\":\"https:\\\/\\\/www.libriparlanti.org\\\/?s={search_term_string}\"},\"query-input\":{\"@type\":\"PropertyValueSpecification\",\"valueRequired\":true,\"valueName\":\"search_term_string\"}}],\"inLanguage\":\"it-IT\"},{\"@type\":\"Person\",\"@id\":\"https:\\\/\\\/www.libriparlanti.org\\\/#\\\/schema\\\/person\\\/a2101732f0cc0144f0a4d0ecc313655a\",\"name\":\"admin\",\"image\":{\"@type\":\"ImageObject\",\"inLanguage\":\"it-IT\",\"@id\":\"https:\\\/\\\/secure.gravatar.com\\\/avatar\\\/f06887496a5753f3caca573646570e603d16e07cbd1553492c2c65009e6014ca?s=96&d=mm&r=g\",\"url\":\"https:\\\/\\\/secure.gravatar.com\\\/avatar\\\/f06887496a5753f3caca573646570e603d16e07cbd1553492c2c65009e6014ca?s=96&d=mm&r=g\",\"contentUrl\":\"https:\\\/\\\/secure.gravatar.com\\\/avatar\\\/f06887496a5753f3caca573646570e603d16e07cbd1553492c2c65009e6014ca?s=96&d=mm&r=g\",\"caption\":\"admin\"},\"sameAs\":[\"http:\\\/\\\/www.libriparlanti.org\"],\"url\":\"https:\\\/\\\/www.libriparlanti.org\\\/index.php\\\/author\\\/admin\\\/\"}]}<\/script>\n<!-- \/ Yoast SEO plugin. -->","yoast_head_json":{"title":"Luca Bianchini presenta LE RAGAZZE DI TUNISI","description":"Gioved\u00ec 7 maggio alle ore 21.00 presso la Sala del Teatro di Palazzo della Corgna, Luca Bianchini presenta LE RAGAZZE DI TUNISI Ed. Mondadori","robots":{"index":"index","follow":"follow","max-snippet":"max-snippet:-1","max-image-preview":"max-image-preview:large","max-video-preview":"max-video-preview:-1"},"canonical":"https:\/\/www.libriparlanti.org\/index.php\/2026\/04\/giovedi-7-ore-21-00-narrazioni-luca-bianchini-presenta-le-ragazze-di-tunisi-ed-mondadori\/","og_locale":"it_IT","og_type":"article","og_title":"Luca Bianchini presenta LE RAGAZZE DI TUNISI","og_description":"Gioved\u00ec 7 maggio alle ore 21.00 presso la Sala del Teatro di Palazzo della Corgna, Luca Bianchini presenta LE RAGAZZE DI TUNISI Ed. Mondadori","og_url":"https:\/\/www.libriparlanti.org\/index.php\/2026\/04\/giovedi-7-ore-21-00-narrazioni-luca-bianchini-presenta-le-ragazze-di-tunisi-ed-mondadori\/","og_site_name":"Libreria Libri parlanti","article_publisher":"https:\/\/www.facebook.com\/LibriParlanti","article_published_time":"2026-04-30T12:47:11+00:00","article_modified_time":"2026-04-30T12:47:17+00:00","og_image":[{"width":235,"height":350,"url":"https:\/\/www.libriparlanti.org\/wp-content\/uploads\/2026\/04\/9788804771005_0_0_0_350_75.jpg","type":"image\/jpeg"}],"author":"admin","twitter_card":"summary_large_image","twitter_misc":{"Scritto da":"admin","Tempo di lettura stimato":"3 minuti"},"schema":{"@context":"https:\/\/schema.org","@graph":[{"@type":"Article","@id":"https:\/\/www.libriparlanti.org\/index.php\/2026\/04\/giovedi-7-ore-21-00-narrazioni-luca-bianchini-presenta-le-ragazze-di-tunisi-ed-mondadori\/#article","isPartOf":{"@id":"https:\/\/www.libriparlanti.org\/index.php\/2026\/04\/giovedi-7-ore-21-00-narrazioni-luca-bianchini-presenta-le-ragazze-di-tunisi-ed-mondadori\/"},"author":{"name":"admin","@id":"https:\/\/www.libriparlanti.org\/#\/schema\/person\/a2101732f0cc0144f0a4d0ecc313655a"},"headline":"Gioved\u00ec 7 ore 21.00 NarrAzioni &#8211; Luca Bianchini presenta LE RAGAZZE DI TUNISI Ed. Mondadori","datePublished":"2026-04-30T12:47:11+00:00","dateModified":"2026-04-30T12:47:17+00:00","mainEntityOfPage":{"@id":"https:\/\/www.libriparlanti.org\/index.php\/2026\/04\/giovedi-7-ore-21-00-narrazioni-luca-bianchini-presenta-le-ragazze-di-tunisi-ed-mondadori\/"},"wordCount":392,"commentCount":0,"image":{"@id":"https:\/\/www.libriparlanti.org\/index.php\/2026\/04\/giovedi-7-ore-21-00-narrazioni-luca-bianchini-presenta-le-ragazze-di-tunisi-ed-mondadori\/#primaryimage"},"thumbnailUrl":"https:\/\/www.libriparlanti.org\/wp-content\/uploads\/2026\/04\/9788804771005_0_0_0_350_75.jpg","keywords":["libri parlanti","LUCA BIANCHINI","Mondadori","NarrAzioni"],"articleSection":["eventi","home page"],"inLanguage":"it-IT","potentialAction":[{"@type":"CommentAction","name":"Comment","target":["https:\/\/www.libriparlanti.org\/index.php\/2026\/04\/giovedi-7-ore-21-00-narrazioni-luca-bianchini-presenta-le-ragazze-di-tunisi-ed-mondadori\/#respond"]}]},{"@type":"WebPage","@id":"https:\/\/www.libriparlanti.org\/index.php\/2026\/04\/giovedi-7-ore-21-00-narrazioni-luca-bianchini-presenta-le-ragazze-di-tunisi-ed-mondadori\/","url":"https:\/\/www.libriparlanti.org\/index.php\/2026\/04\/giovedi-7-ore-21-00-narrazioni-luca-bianchini-presenta-le-ragazze-di-tunisi-ed-mondadori\/","name":"Luca Bianchini presenta LE RAGAZZE DI TUNISI","isPartOf":{"@id":"https:\/\/www.libriparlanti.org\/#website"},"primaryImageOfPage":{"@id":"https:\/\/www.libriparlanti.org\/index.php\/2026\/04\/giovedi-7-ore-21-00-narrazioni-luca-bianchini-presenta-le-ragazze-di-tunisi-ed-mondadori\/#primaryimage"},"image":{"@id":"https:\/\/www.libriparlanti.org\/index.php\/2026\/04\/giovedi-7-ore-21-00-narrazioni-luca-bianchini-presenta-le-ragazze-di-tunisi-ed-mondadori\/#primaryimage"},"thumbnailUrl":"https:\/\/www.libriparlanti.org\/wp-content\/uploads\/2026\/04\/9788804771005_0_0_0_350_75.jpg","datePublished":"2026-04-30T12:47:11+00:00","dateModified":"2026-04-30T12:47:17+00:00","author":{"@id":"https:\/\/www.libriparlanti.org\/#\/schema\/person\/a2101732f0cc0144f0a4d0ecc313655a"},"description":"Gioved\u00ec 7 maggio alle ore 21.00 presso la Sala del Teatro di Palazzo della Corgna, Luca Bianchini presenta LE RAGAZZE DI TUNISI Ed. Mondadori","breadcrumb":{"@id":"https:\/\/www.libriparlanti.org\/index.php\/2026\/04\/giovedi-7-ore-21-00-narrazioni-luca-bianchini-presenta-le-ragazze-di-tunisi-ed-mondadori\/#breadcrumb"},"inLanguage":"it-IT","potentialAction":[{"@type":"ReadAction","target":["https:\/\/www.libriparlanti.org\/index.php\/2026\/04\/giovedi-7-ore-21-00-narrazioni-luca-bianchini-presenta-le-ragazze-di-tunisi-ed-mondadori\/"]}]},{"@type":"ImageObject","inLanguage":"it-IT","@id":"https:\/\/www.libriparlanti.org\/index.php\/2026\/04\/giovedi-7-ore-21-00-narrazioni-luca-bianchini-presenta-le-ragazze-di-tunisi-ed-mondadori\/#primaryimage","url":"https:\/\/www.libriparlanti.org\/wp-content\/uploads\/2026\/04\/9788804771005_0_0_0_350_75.jpg","contentUrl":"https:\/\/www.libriparlanti.org\/wp-content\/uploads\/2026\/04\/9788804771005_0_0_0_350_75.jpg","width":235,"height":350},{"@type":"BreadcrumbList","@id":"https:\/\/www.libriparlanti.org\/index.php\/2026\/04\/giovedi-7-ore-21-00-narrazioni-luca-bianchini-presenta-le-ragazze-di-tunisi-ed-mondadori\/#breadcrumb","itemListElement":[{"@type":"ListItem","position":1,"name":"Home","item":"https:\/\/www.libriparlanti.org\/"},{"@type":"ListItem","position":2,"name":"Gioved\u00ec 7 ore 21.00 NarrAzioni &#8211; Luca Bianchini presenta LE RAGAZZE DI TUNISI Ed. Mondadori"}]},{"@type":"WebSite","@id":"https:\/\/www.libriparlanti.org\/#website","url":"https:\/\/www.libriparlanti.org\/","name":"Libreria Libri parlanti","description":"Libreria in Castiglione del Lago (Pg)","potentialAction":[{"@type":"SearchAction","target":{"@type":"EntryPoint","urlTemplate":"https:\/\/www.libriparlanti.org\/?s={search_term_string}"},"query-input":{"@type":"PropertyValueSpecification","valueRequired":true,"valueName":"search_term_string"}}],"inLanguage":"it-IT"},{"@type":"Person","@id":"https:\/\/www.libriparlanti.org\/#\/schema\/person\/a2101732f0cc0144f0a4d0ecc313655a","name":"admin","image":{"@type":"ImageObject","inLanguage":"it-IT","@id":"https:\/\/secure.gravatar.com\/avatar\/f06887496a5753f3caca573646570e603d16e07cbd1553492c2c65009e6014ca?s=96&d=mm&r=g","url":"https:\/\/secure.gravatar.com\/avatar\/f06887496a5753f3caca573646570e603d16e07cbd1553492c2c65009e6014ca?s=96&d=mm&r=g","contentUrl":"https:\/\/secure.gravatar.com\/avatar\/f06887496a5753f3caca573646570e603d16e07cbd1553492c2c65009e6014ca?s=96&d=mm&r=g","caption":"admin"},"sameAs":["http:\/\/www.libriparlanti.org"],"url":"https:\/\/www.libriparlanti.org\/index.php\/author\/admin\/"}]}},"_links":{"self":[{"href":"https:\/\/www.libriparlanti.org\/index.php\/wp-json\/wp\/v2\/posts\/75167","targetHints":{"allow":["GET"]}}],"collection":[{"href":"https:\/\/www.libriparlanti.org\/index.php\/wp-json\/wp\/v2\/posts"}],"about":[{"href":"https:\/\/www.libriparlanti.org\/index.php\/wp-json\/wp\/v2\/types\/post"}],"author":[{"embeddable":true,"href":"https:\/\/www.libriparlanti.org\/index.php\/wp-json\/wp\/v2\/users\/1"}],"replies":[{"embeddable":true,"href":"https:\/\/www.libriparlanti.org\/index.php\/wp-json\/wp\/v2\/comments?post=75167"}],"version-history":[{"count":1,"href":"https:\/\/www.libriparlanti.org\/index.php\/wp-json\/wp\/v2\/posts\/75167\/revisions"}],"predecessor-version":[{"id":75175,"href":"https:\/\/www.libriparlanti.org\/index.php\/wp-json\/wp\/v2\/posts\/75167\/revisions\/75175"}],"wp:featuredmedia":[{"embeddable":true,"href":"https:\/\/www.libriparlanti.org\/index.php\/wp-json\/wp\/v2\/media\/75173"}],"wp:attachment":[{"href":"https:\/\/www.libriparlanti.org\/index.php\/wp-json\/wp\/v2\/media?parent=75167"}],"wp:term":[{"taxonomy":"category","embeddable":true,"href":"https:\/\/www.libriparlanti.org\/index.php\/wp-json\/wp\/v2\/categories?post=75167"},{"taxonomy":"post_tag","embeddable":true,"href":"https:\/\/www.libriparlanti.org\/index.php\/wp-json\/wp\/v2\/tags?post=75167"}],"curies":[{"name":"wp","href":"https:\/\/api.w.org\/{rel}","templated":true}]}}