{"id":7474,"date":"2020-01-04T18:00:49","date_gmt":"2020-01-04T18:00:49","guid":{"rendered":"http:\/\/www.libriparlanti.org\/?p=7474"},"modified":"2020-01-08T14:50:55","modified_gmt":"2020-01-08T14:50:55","slug":"un-librofederico-fellini-dizionario-intimo-sab-4-ore-18-00","status":"publish","type":"post","link":"https:\/\/www.libriparlanti.org\/index.php\/2020\/01\/un-librofederico-fellini-dizionario-intimo-sab-4-ore-18-00\/","title":{"rendered":"Un Libro:Federico Fellini dizionario intimo&#8230;\/sab 4 ore 18.00"},"content":{"rendered":"<p><a href=\"http:\/\/www.libriparlanti.org\/wp-content\/uploads\/2020\/01\/9788856673401_0_230_350_0.jpg\"><img loading=\"lazy\" decoding=\"async\" class=\"alignnone size-medium wp-image-7478\" title=\"9788856673401_0_230_350_0\" src=\"http:\/\/www.libriparlanti.org\/wp-content\/uploads\/2020\/01\/9788856673401_0_230_350_0-e1578040093514.jpg\" alt=\"\" width=\"230\" height=\"231\" srcset=\"https:\/\/www.libriparlanti.org\/wp-content\/uploads\/2020\/01\/9788856673401_0_230_350_0-e1578040093514.jpg 230w, https:\/\/www.libriparlanti.org\/wp-content\/uploads\/2020\/01\/9788856673401_0_230_350_0-e1578040093514-100x100.jpg 100w, https:\/\/www.libriparlanti.org\/wp-content\/uploads\/2020\/01\/9788856673401_0_230_350_0-e1578040093514-150x150.jpg 150w\" sizes=\"(max-width: 230px) 100vw, 230px\" \/><\/a><strong>Il Giardino dei Lauri a Citt\u00e0 della Pieve<\/strong> ospiter\u00e0 a partire dal <strong>4 Gennaio 2020 alle ore 18.00<\/strong> la mostra dei <em>Disegni erotici di Federico Fellini<\/em>. Primo evento del 2020, sar\u00e0 esposta la collezione in larga parte inedita di disegni erotici di propriet\u00e0 di Daniela Barbiani, nipote di Fellini e sua assistente alla regia negli ultimi quattro film. Nella giornata d&#8217;inaugurazione della mostra coordinata da Massimo Lauro, si svolger\u00e0, inoltre, la presentazione del libro &#8220;<strong>Federico Fellini dizionario intimo per parole e immagini<\/strong>&#8220;, curato da <strong>Daniela Barbiani<\/strong> con prefazioni di Milan Kundera e Pietro Citati, pubblicato da Mondadori-Piemme.<\/p>\n<blockquote><p><em>Si \u00e8 sempre parlato dell&#8217;arte di Fellini cineasta e disegnatore, della sua immaginazione onirica, di saper vedere il mondo e di presentarlo sullo schermo attraverso la macchina da presa; ma c&#8217;\u00e8 un&#8217;arte pi\u00f9 nascosta, pi\u00f9 silenziosa e nello stesso tempo forte e dirompente che va fatta emergere, ed \u00e8 quella della parola, del suo modo di esprimersi e di raccontare di s\u00e9 e del mondo con uno stile elegante, profondo, leggero, sempre pieno di poesia e di emozione.<\/em><\/p><\/blockquote>\n<p>L&#8217;evento sar\u00e0 accompagnato dalle musiche di <strong>Nino Rota<\/strong> suonate da <strong>Alessandro Gwis.<\/strong><\/p>\n","protected":false},"excerpt":{"rendered":"<p>Il Giardino dei Lauri a Citt\u00e0 della Pieve ospiter\u00e0 a partire dal 4 Gennaio 2020 alle ore 18.00 la mostra dei Disegni erotici di Federico Fellini. Primo evento del 2020, sar\u00e0 esposta la collezione in larga parte inedita di disegni erotici di propriet\u00e0 di Daniela Barbiani, nipote di Fellini e sua assistente alla regia negli [&hellip;]<\/p>\n","protected":false},"author":1,"featured_media":0,"comment_status":"open","ping_status":"open","sticky":false,"template":"","format":"standard","meta":{"_et_pb_use_builder":"","_et_pb_old_content":"","_et_gb_content_width":"","_joinchat":[],"footnotes":""},"categories":[3],"tags":[935,934,933,936],"class_list":["post-7474","post","type-post","status-publish","format-standard","hentry","category-eventi","tag-disegni-erotici","tag-dizionario-intimo","tag-fellini","tag-giardino-dei-lauri"],"yoast_head":"<!-- This site is optimized with the Yoast SEO plugin v27.5 - https:\/\/yoast.com\/product\/yoast-seo-wordpress\/ -->\n<title>Un Libro:Federico Fellini dizionario intimo...\/sab 4 ore 18.00 - Libreria Libri parlanti<\/title>\n<meta name=\"robots\" content=\"index, follow, max-snippet:-1, max-image-preview:large, max-video-preview:-1\" \/>\n<link rel=\"canonical\" href=\"https:\/\/www.libriparlanti.org\/index.php\/2020\/01\/un-librofederico-fellini-dizionario-intimo-sab-4-ore-18-00\/\" \/>\n<meta property=\"og:locale\" content=\"it_IT\" \/>\n<meta property=\"og:type\" content=\"article\" \/>\n<meta property=\"og:title\" content=\"Un Libro:Federico Fellini dizionario intimo...\/sab 4 ore 18.00 - Libreria Libri parlanti\" \/>\n<meta property=\"og:description\" content=\"Il Giardino dei Lauri a Citt\u00e0 della Pieve ospiter\u00e0 a partire dal 4 Gennaio 2020 alle ore 18.00 la mostra dei Disegni erotici di Federico Fellini. Primo evento del 2020, sar\u00e0 esposta la collezione in larga parte inedita di disegni erotici di propriet\u00e0 di Daniela Barbiani, nipote di Fellini e sua assistente alla regia negli [&hellip;]\" \/>\n<meta property=\"og:url\" content=\"https:\/\/www.libriparlanti.org\/index.php\/2020\/01\/un-librofederico-fellini-dizionario-intimo-sab-4-ore-18-00\/\" \/>\n<meta property=\"og:site_name\" content=\"Libreria Libri parlanti\" \/>\n<meta property=\"article:publisher\" content=\"https:\/\/www.facebook.com\/LibriParlanti\" \/>\n<meta property=\"article:published_time\" content=\"2020-01-04T18:00:49+00:00\" \/>\n<meta property=\"article:modified_time\" content=\"2020-01-08T14:50:55+00:00\" \/>\n<meta property=\"og:image\" content=\"https:\/\/www.libriparlanti.org\/wp-content\/uploads\/2020\/01\/9788856673401_0_230_350_0-e1578040093514.jpg\" \/>\n\t<meta property=\"og:image:width\" content=\"230\" \/>\n\t<meta property=\"og:image:height\" content=\"231\" \/>\n\t<meta property=\"og:image:type\" content=\"image\/jpeg\" \/>\n<meta name=\"author\" content=\"admin\" \/>\n<meta name=\"twitter:card\" content=\"summary_large_image\" \/>\n<meta name=\"twitter:label1\" content=\"Scritto da\" \/>\n\t<meta name=\"twitter:data1\" content=\"admin\" \/>\n\t<meta name=\"twitter:label2\" content=\"Tempo di lettura stimato\" \/>\n\t<meta name=\"twitter:data2\" content=\"1 minuto\" \/>\n<script type=\"application\/ld+json\" class=\"yoast-schema-graph\">{\"@context\":\"https:\\\/\\\/schema.org\",\"@graph\":[{\"@type\":\"Article\",\"@id\":\"https:\\\/\\\/www.libriparlanti.org\\\/index.php\\\/2020\\\/01\\\/un-librofederico-fellini-dizionario-intimo-sab-4-ore-18-00\\\/#article\",\"isPartOf\":{\"@id\":\"https:\\\/\\\/www.libriparlanti.org\\\/index.php\\\/2020\\\/01\\\/un-librofederico-fellini-dizionario-intimo-sab-4-ore-18-00\\\/\"},\"author\":{\"name\":\"admin\",\"@id\":\"https:\\\/\\\/www.libriparlanti.org\\\/#\\\/schema\\\/person\\\/a2101732f0cc0144f0a4d0ecc313655a\"},\"headline\":\"Un Libro:Federico Fellini dizionario intimo&#8230;\\\/sab 4 ore 18.00\",\"datePublished\":\"2020-01-04T18:00:49+00:00\",\"dateModified\":\"2020-01-08T14:50:55+00:00\",\"mainEntityOfPage\":{\"@id\":\"https:\\\/\\\/www.libriparlanti.org\\\/index.php\\\/2020\\\/01\\\/un-librofederico-fellini-dizionario-intimo-sab-4-ore-18-00\\\/\"},\"wordCount\":189,\"commentCount\":0,\"image\":{\"@id\":\"https:\\\/\\\/www.libriparlanti.org\\\/index.php\\\/2020\\\/01\\\/un-librofederico-fellini-dizionario-intimo-sab-4-ore-18-00\\\/#primaryimage\"},\"thumbnailUrl\":\"http:\\\/\\\/www.libriparlanti.org\\\/wp-content\\\/uploads\\\/2020\\\/01\\\/9788856673401_0_230_350_0-e1578040093514.jpg\",\"keywords\":[\"disegni erotici\",\"dizionario intimo\",\"fellini\",\"giardino dei lauri\"],\"articleSection\":[\"eventi\"],\"inLanguage\":\"it-IT\",\"potentialAction\":[{\"@type\":\"CommentAction\",\"name\":\"Comment\",\"target\":[\"https:\\\/\\\/www.libriparlanti.org\\\/index.php\\\/2020\\\/01\\\/un-librofederico-fellini-dizionario-intimo-sab-4-ore-18-00\\\/#respond\"]}]},{\"@type\":\"WebPage\",\"@id\":\"https:\\\/\\\/www.libriparlanti.org\\\/index.php\\\/2020\\\/01\\\/un-librofederico-fellini-dizionario-intimo-sab-4-ore-18-00\\\/\",\"url\":\"https:\\\/\\\/www.libriparlanti.org\\\/index.php\\\/2020\\\/01\\\/un-librofederico-fellini-dizionario-intimo-sab-4-ore-18-00\\\/\",\"name\":\"Un Libro:Federico Fellini dizionario intimo...\\\/sab 4 ore 18.00 - Libreria Libri parlanti\",\"isPartOf\":{\"@id\":\"https:\\\/\\\/www.libriparlanti.org\\\/#website\"},\"primaryImageOfPage\":{\"@id\":\"https:\\\/\\\/www.libriparlanti.org\\\/index.php\\\/2020\\\/01\\\/un-librofederico-fellini-dizionario-intimo-sab-4-ore-18-00\\\/#primaryimage\"},\"image\":{\"@id\":\"https:\\\/\\\/www.libriparlanti.org\\\/index.php\\\/2020\\\/01\\\/un-librofederico-fellini-dizionario-intimo-sab-4-ore-18-00\\\/#primaryimage\"},\"thumbnailUrl\":\"http:\\\/\\\/www.libriparlanti.org\\\/wp-content\\\/uploads\\\/2020\\\/01\\\/9788856673401_0_230_350_0-e1578040093514.jpg\",\"datePublished\":\"2020-01-04T18:00:49+00:00\",\"dateModified\":\"2020-01-08T14:50:55+00:00\",\"author\":{\"@id\":\"https:\\\/\\\/www.libriparlanti.org\\\/#\\\/schema\\\/person\\\/a2101732f0cc0144f0a4d0ecc313655a\"},\"breadcrumb\":{\"@id\":\"https:\\\/\\\/www.libriparlanti.org\\\/index.php\\\/2020\\\/01\\\/un-librofederico-fellini-dizionario-intimo-sab-4-ore-18-00\\\/#breadcrumb\"},\"inLanguage\":\"it-IT\",\"potentialAction\":[{\"@type\":\"ReadAction\",\"target\":[\"https:\\\/\\\/www.libriparlanti.org\\\/index.php\\\/2020\\\/01\\\/un-librofederico-fellini-dizionario-intimo-sab-4-ore-18-00\\\/\"]}]},{\"@type\":\"ImageObject\",\"inLanguage\":\"it-IT\",\"@id\":\"https:\\\/\\\/www.libriparlanti.org\\\/index.php\\\/2020\\\/01\\\/un-librofederico-fellini-dizionario-intimo-sab-4-ore-18-00\\\/#primaryimage\",\"url\":\"https:\\\/\\\/www.libriparlanti.org\\\/wp-content\\\/uploads\\\/2020\\\/01\\\/9788856673401_0_230_350_0-e1578040093514.jpg\",\"contentUrl\":\"https:\\\/\\\/www.libriparlanti.org\\\/wp-content\\\/uploads\\\/2020\\\/01\\\/9788856673401_0_230_350_0-e1578040093514.jpg\",\"width\":230,\"height\":231},{\"@type\":\"BreadcrumbList\",\"@id\":\"https:\\\/\\\/www.libriparlanti.org\\\/index.php\\\/2020\\\/01\\\/un-librofederico-fellini-dizionario-intimo-sab-4-ore-18-00\\\/#breadcrumb\",\"itemListElement\":[{\"@type\":\"ListItem\",\"position\":1,\"name\":\"Home\",\"item\":\"https:\\\/\\\/www.libriparlanti.org\\\/\"},{\"@type\":\"ListItem\",\"position\":2,\"name\":\"Un Libro:Federico Fellini dizionario intimo&#8230;\\\/sab 4 ore 18.00\"}]},{\"@type\":\"WebSite\",\"@id\":\"https:\\\/\\\/www.libriparlanti.org\\\/#website\",\"url\":\"https:\\\/\\\/www.libriparlanti.org\\\/\",\"name\":\"Libreria Libri parlanti\",\"description\":\"Libreria in Castiglione del Lago (Pg)\",\"potentialAction\":[{\"@type\":\"SearchAction\",\"target\":{\"@type\":\"EntryPoint\",\"urlTemplate\":\"https:\\\/\\\/www.libriparlanti.org\\\/?s={search_term_string}\"},\"query-input\":{\"@type\":\"PropertyValueSpecification\",\"valueRequired\":true,\"valueName\":\"search_term_string\"}}],\"inLanguage\":\"it-IT\"},{\"@type\":\"Person\",\"@id\":\"https:\\\/\\\/www.libriparlanti.org\\\/#\\\/schema\\\/person\\\/a2101732f0cc0144f0a4d0ecc313655a\",\"name\":\"admin\",\"image\":{\"@type\":\"ImageObject\",\"inLanguage\":\"it-IT\",\"@id\":\"https:\\\/\\\/secure.gravatar.com\\\/avatar\\\/f06887496a5753f3caca573646570e603d16e07cbd1553492c2c65009e6014ca?s=96&d=mm&r=g\",\"url\":\"https:\\\/\\\/secure.gravatar.com\\\/avatar\\\/f06887496a5753f3caca573646570e603d16e07cbd1553492c2c65009e6014ca?s=96&d=mm&r=g\",\"contentUrl\":\"https:\\\/\\\/secure.gravatar.com\\\/avatar\\\/f06887496a5753f3caca573646570e603d16e07cbd1553492c2c65009e6014ca?s=96&d=mm&r=g\",\"caption\":\"admin\"},\"sameAs\":[\"http:\\\/\\\/www.libriparlanti.org\"],\"url\":\"https:\\\/\\\/www.libriparlanti.org\\\/index.php\\\/author\\\/admin\\\/\"}]}<\/script>\n<!-- \/ Yoast SEO plugin. -->","yoast_head_json":{"title":"Un Libro:Federico Fellini dizionario intimo...\/sab 4 ore 18.00 - Libreria Libri parlanti","robots":{"index":"index","follow":"follow","max-snippet":"max-snippet:-1","max-image-preview":"max-image-preview:large","max-video-preview":"max-video-preview:-1"},"canonical":"https:\/\/www.libriparlanti.org\/index.php\/2020\/01\/un-librofederico-fellini-dizionario-intimo-sab-4-ore-18-00\/","og_locale":"it_IT","og_type":"article","og_title":"Un Libro:Federico Fellini dizionario intimo...\/sab 4 ore 18.00 - Libreria Libri parlanti","og_description":"Il Giardino dei Lauri a Citt\u00e0 della Pieve ospiter\u00e0 a partire dal 4 Gennaio 2020 alle ore 18.00 la mostra dei Disegni erotici di Federico Fellini. Primo evento del 2020, sar\u00e0 esposta la collezione in larga parte inedita di disegni erotici di propriet\u00e0 di Daniela Barbiani, nipote di Fellini e sua assistente alla regia negli [&hellip;]","og_url":"https:\/\/www.libriparlanti.org\/index.php\/2020\/01\/un-librofederico-fellini-dizionario-intimo-sab-4-ore-18-00\/","og_site_name":"Libreria Libri parlanti","article_publisher":"https:\/\/www.facebook.com\/LibriParlanti","article_published_time":"2020-01-04T18:00:49+00:00","article_modified_time":"2020-01-08T14:50:55+00:00","og_image":[{"width":230,"height":231,"url":"https:\/\/www.libriparlanti.org\/wp-content\/uploads\/2020\/01\/9788856673401_0_230_350_0-e1578040093514.jpg","type":"image\/jpeg"}],"author":"admin","twitter_card":"summary_large_image","twitter_misc":{"Scritto da":"admin","Tempo di lettura stimato":"1 minuto"},"schema":{"@context":"https:\/\/schema.org","@graph":[{"@type":"Article","@id":"https:\/\/www.libriparlanti.org\/index.php\/2020\/01\/un-librofederico-fellini-dizionario-intimo-sab-4-ore-18-00\/#article","isPartOf":{"@id":"https:\/\/www.libriparlanti.org\/index.php\/2020\/01\/un-librofederico-fellini-dizionario-intimo-sab-4-ore-18-00\/"},"author":{"name":"admin","@id":"https:\/\/www.libriparlanti.org\/#\/schema\/person\/a2101732f0cc0144f0a4d0ecc313655a"},"headline":"Un Libro:Federico Fellini dizionario intimo&#8230;\/sab 4 ore 18.00","datePublished":"2020-01-04T18:00:49+00:00","dateModified":"2020-01-08T14:50:55+00:00","mainEntityOfPage":{"@id":"https:\/\/www.libriparlanti.org\/index.php\/2020\/01\/un-librofederico-fellini-dizionario-intimo-sab-4-ore-18-00\/"},"wordCount":189,"commentCount":0,"image":{"@id":"https:\/\/www.libriparlanti.org\/index.php\/2020\/01\/un-librofederico-fellini-dizionario-intimo-sab-4-ore-18-00\/#primaryimage"},"thumbnailUrl":"http:\/\/www.libriparlanti.org\/wp-content\/uploads\/2020\/01\/9788856673401_0_230_350_0-e1578040093514.jpg","keywords":["disegni erotici","dizionario intimo","fellini","giardino dei lauri"],"articleSection":["eventi"],"inLanguage":"it-IT","potentialAction":[{"@type":"CommentAction","name":"Comment","target":["https:\/\/www.libriparlanti.org\/index.php\/2020\/01\/un-librofederico-fellini-dizionario-intimo-sab-4-ore-18-00\/#respond"]}]},{"@type":"WebPage","@id":"https:\/\/www.libriparlanti.org\/index.php\/2020\/01\/un-librofederico-fellini-dizionario-intimo-sab-4-ore-18-00\/","url":"https:\/\/www.libriparlanti.org\/index.php\/2020\/01\/un-librofederico-fellini-dizionario-intimo-sab-4-ore-18-00\/","name":"Un Libro:Federico Fellini dizionario intimo...\/sab 4 ore 18.00 - Libreria Libri parlanti","isPartOf":{"@id":"https:\/\/www.libriparlanti.org\/#website"},"primaryImageOfPage":{"@id":"https:\/\/www.libriparlanti.org\/index.php\/2020\/01\/un-librofederico-fellini-dizionario-intimo-sab-4-ore-18-00\/#primaryimage"},"image":{"@id":"https:\/\/www.libriparlanti.org\/index.php\/2020\/01\/un-librofederico-fellini-dizionario-intimo-sab-4-ore-18-00\/#primaryimage"},"thumbnailUrl":"http:\/\/www.libriparlanti.org\/wp-content\/uploads\/2020\/01\/9788856673401_0_230_350_0-e1578040093514.jpg","datePublished":"2020-01-04T18:00:49+00:00","dateModified":"2020-01-08T14:50:55+00:00","author":{"@id":"https:\/\/www.libriparlanti.org\/#\/schema\/person\/a2101732f0cc0144f0a4d0ecc313655a"},"breadcrumb":{"@id":"https:\/\/www.libriparlanti.org\/index.php\/2020\/01\/un-librofederico-fellini-dizionario-intimo-sab-4-ore-18-00\/#breadcrumb"},"inLanguage":"it-IT","potentialAction":[{"@type":"ReadAction","target":["https:\/\/www.libriparlanti.org\/index.php\/2020\/01\/un-librofederico-fellini-dizionario-intimo-sab-4-ore-18-00\/"]}]},{"@type":"ImageObject","inLanguage":"it-IT","@id":"https:\/\/www.libriparlanti.org\/index.php\/2020\/01\/un-librofederico-fellini-dizionario-intimo-sab-4-ore-18-00\/#primaryimage","url":"https:\/\/www.libriparlanti.org\/wp-content\/uploads\/2020\/01\/9788856673401_0_230_350_0-e1578040093514.jpg","contentUrl":"https:\/\/www.libriparlanti.org\/wp-content\/uploads\/2020\/01\/9788856673401_0_230_350_0-e1578040093514.jpg","width":230,"height":231},{"@type":"BreadcrumbList","@id":"https:\/\/www.libriparlanti.org\/index.php\/2020\/01\/un-librofederico-fellini-dizionario-intimo-sab-4-ore-18-00\/#breadcrumb","itemListElement":[{"@type":"ListItem","position":1,"name":"Home","item":"https:\/\/www.libriparlanti.org\/"},{"@type":"ListItem","position":2,"name":"Un Libro:Federico Fellini dizionario intimo&#8230;\/sab 4 ore 18.00"}]},{"@type":"WebSite","@id":"https:\/\/www.libriparlanti.org\/#website","url":"https:\/\/www.libriparlanti.org\/","name":"Libreria Libri parlanti","description":"Libreria in Castiglione del Lago (Pg)","potentialAction":[{"@type":"SearchAction","target":{"@type":"EntryPoint","urlTemplate":"https:\/\/www.libriparlanti.org\/?s={search_term_string}"},"query-input":{"@type":"PropertyValueSpecification","valueRequired":true,"valueName":"search_term_string"}}],"inLanguage":"it-IT"},{"@type":"Person","@id":"https:\/\/www.libriparlanti.org\/#\/schema\/person\/a2101732f0cc0144f0a4d0ecc313655a","name":"admin","image":{"@type":"ImageObject","inLanguage":"it-IT","@id":"https:\/\/secure.gravatar.com\/avatar\/f06887496a5753f3caca573646570e603d16e07cbd1553492c2c65009e6014ca?s=96&d=mm&r=g","url":"https:\/\/secure.gravatar.com\/avatar\/f06887496a5753f3caca573646570e603d16e07cbd1553492c2c65009e6014ca?s=96&d=mm&r=g","contentUrl":"https:\/\/secure.gravatar.com\/avatar\/f06887496a5753f3caca573646570e603d16e07cbd1553492c2c65009e6014ca?s=96&d=mm&r=g","caption":"admin"},"sameAs":["http:\/\/www.libriparlanti.org"],"url":"https:\/\/www.libriparlanti.org\/index.php\/author\/admin\/"}]}},"_links":{"self":[{"href":"https:\/\/www.libriparlanti.org\/index.php\/wp-json\/wp\/v2\/posts\/7474","targetHints":{"allow":["GET"]}}],"collection":[{"href":"https:\/\/www.libriparlanti.org\/index.php\/wp-json\/wp\/v2\/posts"}],"about":[{"href":"https:\/\/www.libriparlanti.org\/index.php\/wp-json\/wp\/v2\/types\/post"}],"author":[{"embeddable":true,"href":"https:\/\/www.libriparlanti.org\/index.php\/wp-json\/wp\/v2\/users\/1"}],"replies":[{"embeddable":true,"href":"https:\/\/www.libriparlanti.org\/index.php\/wp-json\/wp\/v2\/comments?post=7474"}],"version-history":[{"count":3,"href":"https:\/\/www.libriparlanti.org\/index.php\/wp-json\/wp\/v2\/posts\/7474\/revisions"}],"predecessor-version":[{"id":7491,"href":"https:\/\/www.libriparlanti.org\/index.php\/wp-json\/wp\/v2\/posts\/7474\/revisions\/7491"}],"wp:attachment":[{"href":"https:\/\/www.libriparlanti.org\/index.php\/wp-json\/wp\/v2\/media?parent=7474"}],"wp:term":[{"taxonomy":"category","embeddable":true,"href":"https:\/\/www.libriparlanti.org\/index.php\/wp-json\/wp\/v2\/categories?post=7474"},{"taxonomy":"post_tag","embeddable":true,"href":"https:\/\/www.libriparlanti.org\/index.php\/wp-json\/wp\/v2\/tags?post=7474"}],"curies":[{"name":"wp","href":"https:\/\/api.w.org\/{rel}","templated":true}]}}