{"id":7467,"date":"2020-02-08T09:00:58","date_gmt":"2020-02-08T09:00:58","guid":{"rendered":"http:\/\/www.libriparlanti.org\/?p=7467"},"modified":"2020-02-10T16:03:10","modified_gmt":"2020-02-10T16:03:10","slug":"corso-formazione-sab-8-ore-9-00","status":"publish","type":"post","link":"https:\/\/www.libriparlanti.org\/index.php\/2020\/02\/corso-formazione-sab-8-ore-9-00\/","title":{"rendered":"Corso Formazione \/sab 8 ore 9.00 &#8211; 18.00"},"content":{"rendered":"<p><a href=\"http:\/\/www.libriparlanti.org\/wp-content\/uploads\/2020\/01\/70283330_2680391651993490_4909022279297400832_o.jpg\"><img loading=\"lazy\" decoding=\"async\" class=\"alignnone size-medium wp-image-7469\" title=\"70283330_2680391651993490_4909022279297400832_o\" src=\"http:\/\/www.libriparlanti.org\/wp-content\/uploads\/2020\/01\/70283330_2680391651993490_4909022279297400832_o-e1578038837618-300x300.jpg\" alt=\"\" width=\"300\" height=\"300\" srcset=\"https:\/\/www.libriparlanti.org\/wp-content\/uploads\/2020\/01\/70283330_2680391651993490_4909022279297400832_o-e1578038837618-300x300.jpg 300w, https:\/\/www.libriparlanti.org\/wp-content\/uploads\/2020\/01\/70283330_2680391651993490_4909022279297400832_o-e1578038837618-100x100.jpg 100w, https:\/\/www.libriparlanti.org\/wp-content\/uploads\/2020\/01\/70283330_2680391651993490_4909022279297400832_o-e1578038837618-600x600.jpg 600w, https:\/\/www.libriparlanti.org\/wp-content\/uploads\/2020\/01\/70283330_2680391651993490_4909022279297400832_o-e1578038837618-150x150.jpg 150w, https:\/\/www.libriparlanti.org\/wp-content\/uploads\/2020\/01\/70283330_2680391651993490_4909022279297400832_o-e1578038837618.jpg 796w\" sizes=\"(max-width: 300px) 100vw, 300px\" \/><\/a>Sabato 8 febbraio dalle ore 9.00 alle 18.00<\/p>\n<p>CORSO FORMAZIONE su&nbsp;<strong>Relazione, conflitto, identit\u00e0:<em>I libri per l\u2019infanzia come risorse educative<\/em><\/strong><\/p>\n<blockquote><p><em>La letteratura per l&#8217;infanzia \u00e8 uno strumento privilegiato di conoscenza e di esplorazione del mondo, inteso sia come realt\u00e0 sensibile (da conoscere attraverso l&#8217;azione della ragione), sia come realt\u00e0 psichica (da esplorare attraverso la pratica emotiva). L&#8217;unione di queste due vie consente l&#8217;accesso a una &#8216;conoscenza globale&#8217; fatta di pensiero e percezione, in continuo scambio ed equilibrio fra loro.Che sia genitore, insegnante o pedagogista, l\u2019educatore \u00e8 colui che facilita l&#8217;accesso a questi due strumenti conoscitivi, essenziali allo sviluppo delle competenze socio-affettive alla base delle relazioni interpersonali.<\/em><br \/>\n<em>Negli ultimi anni ho cercato di costruire percorsi di scrittura, di lettura e di analisi della narrazione che facilitino questo accesso,allo scopo di fare della letteratura per bambini uno spazio di riflessione condiviso fra infanzia e mondo adulto. L&#8217;ho fatto analizzandole trasformazioni principali che una narrazione offre al lettore, e cercando di riportarle ai meccanismi affettivi ed emotivi che le muovono. Il risultato \u00e8 un modello che indaga gli ambiti pi\u00f9 profondi che sottostanno a tali meccanismi &#8211; in particolare gli ambiti dell\u2019identit\u00e0, della relazione e del conflitto &#8211; e avvia al loro interno percorsi di riflessione e di approfondimento.<\/em><\/p>\n<p><em>Il modello, costruito sulle principali strategie dell\u2019approccio meta cognitivo,mira a individuare i nodi chiave di una narrazione e a stabilire fra loro i rapporti causa-effetto. \u00c8 una sorta di \u2018profilo dinamico\u2019, se cos\u00ec si pu\u00f2 chiamare, degli ambiti profondi che muovono il percorso narrativo nelle sue trasformazioni principali.A interessarci sono principalmente le interazioni fra trasformazioni identitarie e dinamiche relazionali, insieme agli elementi che questi due ambiti condividono.<\/em><em>L\u2019analisi verr\u00e0 condotta utilizzando esclusivamente albi illustrati per l\u2018infanzia, la cui semplicit\u00e0 e immediatezza faciliter\u00e0 la comprensione e l&#8217;apprendimento della metodologia. Il modello \u00e8 per\u00f2 applicabile a tutta la letteratura, per l&#8217;infanzia e non,e si rivolge dunque ad ogni ordine di scuola, dalle scuole dell\u2019infanzia alle primarie e secondarie di primo e di secondo grado.<\/em><\/p>\n<p>&nbsp;<\/p><\/blockquote>\n<p><strong>DESTINATARI<\/strong><br \/>\nInsegnanti, educatori, psicologi, pedagogisti e tutti coloro che si occupano di infanzia e di educazione.<\/p>\n<p><strong>BIBLIOGRAFIA<\/strong><br \/>\nLa bibliografia sulla quale i percorsi sono costruiti \u00e8 composta principalmente da albi illustrati tratti dal panorama editoriale italiano. A questa si aggiunge una bibliografia tecnica di saggi e manuali utili ad ampliare il proprio ambito d\u2019analisi e strumento educativo.<\/p>\n<p><strong>LUOGO DELL\u2019INCONTRO<\/strong><br \/>\nLibreria LIBRI PARLANTI&nbsp; Via G.Carducci,7 06061 Castiglione del Lago (PG)<\/p>\n<p>Tel. <strong>075951822<\/strong> email <strong><em>libriparlanti.booksandcoffee@gmail.com<\/em><\/strong><\/p>\n<p><strong>DURATA<\/strong><br \/>\nUna giornata suddivisa in due sessioni:<\/p>\n<p>&#8211; mattina (ore 9-13), ampliamento del modello<br \/>\n&#8211; pomeriggio (ore 14-18), attivit\u00e0 laboratoriale<\/p>\n<p><strong>MATERIALE RICHIESTO AI PARTECIPANTI<\/strong><\/p>\n<p>&#8211; quaderno per appunti<\/p>\n<p><strong>MATERIALE RILASCIATO AI PARTECIPANTI<\/strong><br \/>\n&#8211; metodologia per l\u2019analisi dei libri per l\u2019infanzia<br \/>\n&#8211; schede operative per l\u2019organizzazione dei percorsi<br \/>\n&#8211; bibliografia di riferimento<\/p>\n<p><strong>COSTI<\/strong><br \/>\n80 euro a partecipante con&nbsp;un numero minimo di 10 partecipanti e un massimo di 30.<\/p>\n<p><strong>PIATTAFORMA MIUR SOFIA<\/strong><br \/>\nPer le scuole \u00e8 possibile inserire la formazione sulla piattaforma Miur SOFIA, e ottenere cos\u00ec per gli insegnanti iscritti la possibilit\u00e0 di utilizzare la carta del docente e di acquisire crediti formativi. Per informazioni https:\/\/www.istruzione.it\/pdgf\/enti.html<\/p>\n<p>&nbsp;<\/p>\n","protected":false},"excerpt":{"rendered":"<p>Sabato 8 febbraio dalle ore 9.00 alle 18.00 CORSO FORMAZIONE su&nbsp;Relazione, conflitto, identit\u00e0:I libri per l\u2019infanzia come risorse educative La letteratura per l&#8217;infanzia \u00e8 uno strumento privilegiato di conoscenza e di esplorazione del mondo, inteso sia come realt\u00e0 sensibile (da conoscere attraverso l&#8217;azione della ragione), sia come realt\u00e0 psichica (da esplorare attraverso la pratica emotiva). [&hellip;]<\/p>\n","protected":false},"author":1,"featured_media":0,"comment_status":"open","ping_status":"open","sticky":false,"template":"","format":"standard","meta":{"_et_pb_use_builder":"","_et_pb_old_content":"","_et_gb_content_width":"","_joinchat":[],"footnotes":""},"categories":[3],"tags":[930,929,932,928,931],"class_list":["post-7467","post","type-post","status-publish","format-standard","hentry","category-eventi","tag-cartadel-docente","tag-corso-formazione","tag-crediti-formativi","tag-gabriele-clima","tag-piattaforma-sofia"],"yoast_head":"<!-- This site is optimized with the Yoast SEO plugin v27.5 - https:\/\/yoast.com\/product\/yoast-seo-wordpress\/ -->\n<title>Corso Formazione \/sab 8 ore 9.00 - 18.00 - Libreria Libri parlanti<\/title>\n<meta name=\"robots\" content=\"index, follow, max-snippet:-1, max-image-preview:large, max-video-preview:-1\" \/>\n<link rel=\"canonical\" href=\"https:\/\/www.libriparlanti.org\/index.php\/2020\/02\/corso-formazione-sab-8-ore-9-00\/\" \/>\n<meta property=\"og:locale\" content=\"it_IT\" \/>\n<meta property=\"og:type\" content=\"article\" \/>\n<meta property=\"og:title\" content=\"Corso Formazione \/sab 8 ore 9.00 - 18.00 - Libreria Libri parlanti\" \/>\n<meta property=\"og:description\" content=\"Sabato 8 febbraio dalle ore 9.00 alle 18.00 CORSO FORMAZIONE su&nbsp;Relazione, conflitto, identit\u00e0:I libri per l\u2019infanzia come risorse educative La letteratura per l&#8217;infanzia \u00e8 uno strumento privilegiato di conoscenza e di esplorazione del mondo, inteso sia come realt\u00e0 sensibile (da conoscere attraverso l&#8217;azione della ragione), sia come realt\u00e0 psichica (da esplorare attraverso la pratica emotiva). [&hellip;]\" \/>\n<meta property=\"og:url\" content=\"https:\/\/www.libriparlanti.org\/index.php\/2020\/02\/corso-formazione-sab-8-ore-9-00\/\" \/>\n<meta property=\"og:site_name\" content=\"Libreria Libri parlanti\" \/>\n<meta property=\"article:publisher\" content=\"https:\/\/www.facebook.com\/LibriParlanti\" \/>\n<meta property=\"article:published_time\" content=\"2020-02-08T09:00:58+00:00\" \/>\n<meta property=\"article:modified_time\" content=\"2020-02-10T16:03:10+00:00\" \/>\n<meta property=\"og:image\" content=\"http:\/\/www.libriparlanti.org\/wp-content\/uploads\/2020\/01\/70283330_2680391651993490_4909022279297400832_o-e1578038837618-300x300.jpg\" \/>\n<meta name=\"author\" content=\"admin\" \/>\n<meta name=\"twitter:card\" content=\"summary_large_image\" \/>\n<meta name=\"twitter:label1\" content=\"Scritto da\" \/>\n\t<meta name=\"twitter:data1\" content=\"admin\" \/>\n\t<meta name=\"twitter:label2\" content=\"Tempo di lettura stimato\" \/>\n\t<meta name=\"twitter:data2\" content=\"3 minuti\" \/>\n<script type=\"application\/ld+json\" class=\"yoast-schema-graph\">{\"@context\":\"https:\\\/\\\/schema.org\",\"@graph\":[{\"@type\":\"Article\",\"@id\":\"https:\\\/\\\/www.libriparlanti.org\\\/index.php\\\/2020\\\/02\\\/corso-formazione-sab-8-ore-9-00\\\/#article\",\"isPartOf\":{\"@id\":\"https:\\\/\\\/www.libriparlanti.org\\\/index.php\\\/2020\\\/02\\\/corso-formazione-sab-8-ore-9-00\\\/\"},\"author\":{\"name\":\"admin\",\"@id\":\"https:\\\/\\\/www.libriparlanti.org\\\/#\\\/schema\\\/person\\\/a2101732f0cc0144f0a4d0ecc313655a\"},\"headline\":\"Corso Formazione \\\/sab 8 ore 9.00 &#8211; 18.00\",\"datePublished\":\"2020-02-08T09:00:58+00:00\",\"dateModified\":\"2020-02-10T16:03:10+00:00\",\"mainEntityOfPage\":{\"@id\":\"https:\\\/\\\/www.libriparlanti.org\\\/index.php\\\/2020\\\/02\\\/corso-formazione-sab-8-ore-9-00\\\/\"},\"wordCount\":530,\"commentCount\":0,\"image\":{\"@id\":\"https:\\\/\\\/www.libriparlanti.org\\\/index.php\\\/2020\\\/02\\\/corso-formazione-sab-8-ore-9-00\\\/#primaryimage\"},\"thumbnailUrl\":\"http:\\\/\\\/www.libriparlanti.org\\\/wp-content\\\/uploads\\\/2020\\\/01\\\/70283330_2680391651993490_4909022279297400832_o-e1578038837618-300x300.jpg\",\"keywords\":[\"cartadel docente\",\"corso formazione\",\"crediti formativi\",\"gabriele clima\",\"piattaforma sofia\"],\"articleSection\":[\"eventi\"],\"inLanguage\":\"it-IT\",\"potentialAction\":[{\"@type\":\"CommentAction\",\"name\":\"Comment\",\"target\":[\"https:\\\/\\\/www.libriparlanti.org\\\/index.php\\\/2020\\\/02\\\/corso-formazione-sab-8-ore-9-00\\\/#respond\"]}]},{\"@type\":\"WebPage\",\"@id\":\"https:\\\/\\\/www.libriparlanti.org\\\/index.php\\\/2020\\\/02\\\/corso-formazione-sab-8-ore-9-00\\\/\",\"url\":\"https:\\\/\\\/www.libriparlanti.org\\\/index.php\\\/2020\\\/02\\\/corso-formazione-sab-8-ore-9-00\\\/\",\"name\":\"Corso Formazione \\\/sab 8 ore 9.00 - 18.00 - Libreria Libri parlanti\",\"isPartOf\":{\"@id\":\"https:\\\/\\\/www.libriparlanti.org\\\/#website\"},\"primaryImageOfPage\":{\"@id\":\"https:\\\/\\\/www.libriparlanti.org\\\/index.php\\\/2020\\\/02\\\/corso-formazione-sab-8-ore-9-00\\\/#primaryimage\"},\"image\":{\"@id\":\"https:\\\/\\\/www.libriparlanti.org\\\/index.php\\\/2020\\\/02\\\/corso-formazione-sab-8-ore-9-00\\\/#primaryimage\"},\"thumbnailUrl\":\"http:\\\/\\\/www.libriparlanti.org\\\/wp-content\\\/uploads\\\/2020\\\/01\\\/70283330_2680391651993490_4909022279297400832_o-e1578038837618-300x300.jpg\",\"datePublished\":\"2020-02-08T09:00:58+00:00\",\"dateModified\":\"2020-02-10T16:03:10+00:00\",\"author\":{\"@id\":\"https:\\\/\\\/www.libriparlanti.org\\\/#\\\/schema\\\/person\\\/a2101732f0cc0144f0a4d0ecc313655a\"},\"breadcrumb\":{\"@id\":\"https:\\\/\\\/www.libriparlanti.org\\\/index.php\\\/2020\\\/02\\\/corso-formazione-sab-8-ore-9-00\\\/#breadcrumb\"},\"inLanguage\":\"it-IT\",\"potentialAction\":[{\"@type\":\"ReadAction\",\"target\":[\"https:\\\/\\\/www.libriparlanti.org\\\/index.php\\\/2020\\\/02\\\/corso-formazione-sab-8-ore-9-00\\\/\"]}]},{\"@type\":\"ImageObject\",\"inLanguage\":\"it-IT\",\"@id\":\"https:\\\/\\\/www.libriparlanti.org\\\/index.php\\\/2020\\\/02\\\/corso-formazione-sab-8-ore-9-00\\\/#primaryimage\",\"url\":\"http:\\\/\\\/www.libriparlanti.org\\\/wp-content\\\/uploads\\\/2020\\\/01\\\/70283330_2680391651993490_4909022279297400832_o-e1578038837618-300x300.jpg\",\"contentUrl\":\"http:\\\/\\\/www.libriparlanti.org\\\/wp-content\\\/uploads\\\/2020\\\/01\\\/70283330_2680391651993490_4909022279297400832_o-e1578038837618-300x300.jpg\"},{\"@type\":\"BreadcrumbList\",\"@id\":\"https:\\\/\\\/www.libriparlanti.org\\\/index.php\\\/2020\\\/02\\\/corso-formazione-sab-8-ore-9-00\\\/#breadcrumb\",\"itemListElement\":[{\"@type\":\"ListItem\",\"position\":1,\"name\":\"Home\",\"item\":\"https:\\\/\\\/www.libriparlanti.org\\\/\"},{\"@type\":\"ListItem\",\"position\":2,\"name\":\"Corso Formazione \\\/sab 8 ore 9.00 &#8211; 18.00\"}]},{\"@type\":\"WebSite\",\"@id\":\"https:\\\/\\\/www.libriparlanti.org\\\/#website\",\"url\":\"https:\\\/\\\/www.libriparlanti.org\\\/\",\"name\":\"Libreria Libri parlanti\",\"description\":\"Libreria in Castiglione del Lago (Pg)\",\"potentialAction\":[{\"@type\":\"SearchAction\",\"target\":{\"@type\":\"EntryPoint\",\"urlTemplate\":\"https:\\\/\\\/www.libriparlanti.org\\\/?s={search_term_string}\"},\"query-input\":{\"@type\":\"PropertyValueSpecification\",\"valueRequired\":true,\"valueName\":\"search_term_string\"}}],\"inLanguage\":\"it-IT\"},{\"@type\":\"Person\",\"@id\":\"https:\\\/\\\/www.libriparlanti.org\\\/#\\\/schema\\\/person\\\/a2101732f0cc0144f0a4d0ecc313655a\",\"name\":\"admin\",\"image\":{\"@type\":\"ImageObject\",\"inLanguage\":\"it-IT\",\"@id\":\"https:\\\/\\\/secure.gravatar.com\\\/avatar\\\/f06887496a5753f3caca573646570e603d16e07cbd1553492c2c65009e6014ca?s=96&d=mm&r=g\",\"url\":\"https:\\\/\\\/secure.gravatar.com\\\/avatar\\\/f06887496a5753f3caca573646570e603d16e07cbd1553492c2c65009e6014ca?s=96&d=mm&r=g\",\"contentUrl\":\"https:\\\/\\\/secure.gravatar.com\\\/avatar\\\/f06887496a5753f3caca573646570e603d16e07cbd1553492c2c65009e6014ca?s=96&d=mm&r=g\",\"caption\":\"admin\"},\"sameAs\":[\"http:\\\/\\\/www.libriparlanti.org\"],\"url\":\"https:\\\/\\\/www.libriparlanti.org\\\/index.php\\\/author\\\/admin\\\/\"}]}<\/script>\n<!-- \/ Yoast SEO plugin. -->","yoast_head_json":{"title":"Corso Formazione \/sab 8 ore 9.00 - 18.00 - Libreria Libri parlanti","robots":{"index":"index","follow":"follow","max-snippet":"max-snippet:-1","max-image-preview":"max-image-preview:large","max-video-preview":"max-video-preview:-1"},"canonical":"https:\/\/www.libriparlanti.org\/index.php\/2020\/02\/corso-formazione-sab-8-ore-9-00\/","og_locale":"it_IT","og_type":"article","og_title":"Corso Formazione \/sab 8 ore 9.00 - 18.00 - Libreria Libri parlanti","og_description":"Sabato 8 febbraio dalle ore 9.00 alle 18.00 CORSO FORMAZIONE su&nbsp;Relazione, conflitto, identit\u00e0:I libri per l\u2019infanzia come risorse educative La letteratura per l&#8217;infanzia \u00e8 uno strumento privilegiato di conoscenza e di esplorazione del mondo, inteso sia come realt\u00e0 sensibile (da conoscere attraverso l&#8217;azione della ragione), sia come realt\u00e0 psichica (da esplorare attraverso la pratica emotiva). [&hellip;]","og_url":"https:\/\/www.libriparlanti.org\/index.php\/2020\/02\/corso-formazione-sab-8-ore-9-00\/","og_site_name":"Libreria Libri parlanti","article_publisher":"https:\/\/www.facebook.com\/LibriParlanti","article_published_time":"2020-02-08T09:00:58+00:00","article_modified_time":"2020-02-10T16:03:10+00:00","og_image":[{"url":"http:\/\/www.libriparlanti.org\/wp-content\/uploads\/2020\/01\/70283330_2680391651993490_4909022279297400832_o-e1578038837618-300x300.jpg","type":"","width":"","height":""}],"author":"admin","twitter_card":"summary_large_image","twitter_misc":{"Scritto da":"admin","Tempo di lettura stimato":"3 minuti"},"schema":{"@context":"https:\/\/schema.org","@graph":[{"@type":"Article","@id":"https:\/\/www.libriparlanti.org\/index.php\/2020\/02\/corso-formazione-sab-8-ore-9-00\/#article","isPartOf":{"@id":"https:\/\/www.libriparlanti.org\/index.php\/2020\/02\/corso-formazione-sab-8-ore-9-00\/"},"author":{"name":"admin","@id":"https:\/\/www.libriparlanti.org\/#\/schema\/person\/a2101732f0cc0144f0a4d0ecc313655a"},"headline":"Corso Formazione \/sab 8 ore 9.00 &#8211; 18.00","datePublished":"2020-02-08T09:00:58+00:00","dateModified":"2020-02-10T16:03:10+00:00","mainEntityOfPage":{"@id":"https:\/\/www.libriparlanti.org\/index.php\/2020\/02\/corso-formazione-sab-8-ore-9-00\/"},"wordCount":530,"commentCount":0,"image":{"@id":"https:\/\/www.libriparlanti.org\/index.php\/2020\/02\/corso-formazione-sab-8-ore-9-00\/#primaryimage"},"thumbnailUrl":"http:\/\/www.libriparlanti.org\/wp-content\/uploads\/2020\/01\/70283330_2680391651993490_4909022279297400832_o-e1578038837618-300x300.jpg","keywords":["cartadel docente","corso formazione","crediti formativi","gabriele clima","piattaforma sofia"],"articleSection":["eventi"],"inLanguage":"it-IT","potentialAction":[{"@type":"CommentAction","name":"Comment","target":["https:\/\/www.libriparlanti.org\/index.php\/2020\/02\/corso-formazione-sab-8-ore-9-00\/#respond"]}]},{"@type":"WebPage","@id":"https:\/\/www.libriparlanti.org\/index.php\/2020\/02\/corso-formazione-sab-8-ore-9-00\/","url":"https:\/\/www.libriparlanti.org\/index.php\/2020\/02\/corso-formazione-sab-8-ore-9-00\/","name":"Corso Formazione \/sab 8 ore 9.00 - 18.00 - Libreria Libri parlanti","isPartOf":{"@id":"https:\/\/www.libriparlanti.org\/#website"},"primaryImageOfPage":{"@id":"https:\/\/www.libriparlanti.org\/index.php\/2020\/02\/corso-formazione-sab-8-ore-9-00\/#primaryimage"},"image":{"@id":"https:\/\/www.libriparlanti.org\/index.php\/2020\/02\/corso-formazione-sab-8-ore-9-00\/#primaryimage"},"thumbnailUrl":"http:\/\/www.libriparlanti.org\/wp-content\/uploads\/2020\/01\/70283330_2680391651993490_4909022279297400832_o-e1578038837618-300x300.jpg","datePublished":"2020-02-08T09:00:58+00:00","dateModified":"2020-02-10T16:03:10+00:00","author":{"@id":"https:\/\/www.libriparlanti.org\/#\/schema\/person\/a2101732f0cc0144f0a4d0ecc313655a"},"breadcrumb":{"@id":"https:\/\/www.libriparlanti.org\/index.php\/2020\/02\/corso-formazione-sab-8-ore-9-00\/#breadcrumb"},"inLanguage":"it-IT","potentialAction":[{"@type":"ReadAction","target":["https:\/\/www.libriparlanti.org\/index.php\/2020\/02\/corso-formazione-sab-8-ore-9-00\/"]}]},{"@type":"ImageObject","inLanguage":"it-IT","@id":"https:\/\/www.libriparlanti.org\/index.php\/2020\/02\/corso-formazione-sab-8-ore-9-00\/#primaryimage","url":"http:\/\/www.libriparlanti.org\/wp-content\/uploads\/2020\/01\/70283330_2680391651993490_4909022279297400832_o-e1578038837618-300x300.jpg","contentUrl":"http:\/\/www.libriparlanti.org\/wp-content\/uploads\/2020\/01\/70283330_2680391651993490_4909022279297400832_o-e1578038837618-300x300.jpg"},{"@type":"BreadcrumbList","@id":"https:\/\/www.libriparlanti.org\/index.php\/2020\/02\/corso-formazione-sab-8-ore-9-00\/#breadcrumb","itemListElement":[{"@type":"ListItem","position":1,"name":"Home","item":"https:\/\/www.libriparlanti.org\/"},{"@type":"ListItem","position":2,"name":"Corso Formazione \/sab 8 ore 9.00 &#8211; 18.00"}]},{"@type":"WebSite","@id":"https:\/\/www.libriparlanti.org\/#website","url":"https:\/\/www.libriparlanti.org\/","name":"Libreria Libri parlanti","description":"Libreria in Castiglione del Lago (Pg)","potentialAction":[{"@type":"SearchAction","target":{"@type":"EntryPoint","urlTemplate":"https:\/\/www.libriparlanti.org\/?s={search_term_string}"},"query-input":{"@type":"PropertyValueSpecification","valueRequired":true,"valueName":"search_term_string"}}],"inLanguage":"it-IT"},{"@type":"Person","@id":"https:\/\/www.libriparlanti.org\/#\/schema\/person\/a2101732f0cc0144f0a4d0ecc313655a","name":"admin","image":{"@type":"ImageObject","inLanguage":"it-IT","@id":"https:\/\/secure.gravatar.com\/avatar\/f06887496a5753f3caca573646570e603d16e07cbd1553492c2c65009e6014ca?s=96&d=mm&r=g","url":"https:\/\/secure.gravatar.com\/avatar\/f06887496a5753f3caca573646570e603d16e07cbd1553492c2c65009e6014ca?s=96&d=mm&r=g","contentUrl":"https:\/\/secure.gravatar.com\/avatar\/f06887496a5753f3caca573646570e603d16e07cbd1553492c2c65009e6014ca?s=96&d=mm&r=g","caption":"admin"},"sameAs":["http:\/\/www.libriparlanti.org"],"url":"https:\/\/www.libriparlanti.org\/index.php\/author\/admin\/"}]}},"_links":{"self":[{"href":"https:\/\/www.libriparlanti.org\/index.php\/wp-json\/wp\/v2\/posts\/7467","targetHints":{"allow":["GET"]}}],"collection":[{"href":"https:\/\/www.libriparlanti.org\/index.php\/wp-json\/wp\/v2\/posts"}],"about":[{"href":"https:\/\/www.libriparlanti.org\/index.php\/wp-json\/wp\/v2\/types\/post"}],"author":[{"embeddable":true,"href":"https:\/\/www.libriparlanti.org\/index.php\/wp-json\/wp\/v2\/users\/1"}],"replies":[{"embeddable":true,"href":"https:\/\/www.libriparlanti.org\/index.php\/wp-json\/wp\/v2\/comments?post=7467"}],"version-history":[{"count":5,"href":"https:\/\/www.libriparlanti.org\/index.php\/wp-json\/wp\/v2\/posts\/7467\/revisions"}],"predecessor-version":[{"id":7559,"href":"https:\/\/www.libriparlanti.org\/index.php\/wp-json\/wp\/v2\/posts\/7467\/revisions\/7559"}],"wp:attachment":[{"href":"https:\/\/www.libriparlanti.org\/index.php\/wp-json\/wp\/v2\/media?parent=7467"}],"wp:term":[{"taxonomy":"category","embeddable":true,"href":"https:\/\/www.libriparlanti.org\/index.php\/wp-json\/wp\/v2\/categories?post=7467"},{"taxonomy":"post_tag","embeddable":true,"href":"https:\/\/www.libriparlanti.org\/index.php\/wp-json\/wp\/v2\/tags?post=7467"}],"curies":[{"name":"wp","href":"https:\/\/api.w.org\/{rel}","templated":true}]}}