{"id":74511,"date":"2026-04-24T12:19:37","date_gmt":"2026-04-24T10:19:37","guid":{"rendered":"https:\/\/www.libriparlanti.org\/?p=74511"},"modified":"2026-04-24T12:19:52","modified_gmt":"2026-04-24T10:19:52","slug":"venerdi-24-ore-18-00-presso-ex-aeroporto-eleuteri-muvat-museo-del-volo-al-trasimeno-mimmo-catania-presenta-clisteros","status":"publish","type":"post","link":"https:\/\/www.libriparlanti.org\/index.php\/2026\/04\/venerdi-24-ore-18-00-presso-ex-aeroporto-eleuteri-muvat-museo-del-volo-al-trasimeno-mimmo-catania-presenta-clisteros\/","title":{"rendered":"Venerd\u00ec 24 ore 18.00 presso Ex Aeroporto Eleuteri (MUVAT) Museo del Volo al Trasimeno &#8211; Mimmo Catania presenta CLISTEROS"},"content":{"rendered":"\n<p>Venerd\u00ec 24 ore 18.00 presso Ex Aeroporto Eleuteri (MUVAT) Museo del Volo al Trasimeno &#8211; Mimmo Catania presenta CLISTEROS<\/p>\n\n\n\n<p>Cl\u00ecst\u00e8ros, il protagonista del racconto, \u00e8 un giovane Calcidese dell\u2019ottavo secolo a.C. costretto da una serie di eventi, a fuggire con tutta la sua famiglia dalla sua Calcide fino a naufragare, nell&#8217;anno 735 a.C., sulla costa orientale della Sicilia, dove incontra una popolazione indigena con cui sar\u00e0 costretto ad intrecciare una solida rete d\u2019interessi comuni, di relazioni e rapporti sociali ed economici e commerciali. <\/p>\n\n\n\n<p>Gli eventi rocamboleschi del viaggio e del forzato espatrio di Cl\u00ecst\u00e8ros non mancano di tratti distintivi che portarono al successo di quella migrazione dalla Grecia alla Sicilia.<\/p>\n\n\n\n<p>Il racconto ricostruisce, in maniera fantasiosa e romanzata, la nascita della Magna Grecia che ha dato vita ad un fenomeno storico, economico, tecnologico e soprattutto culturale, e che ha permeato per sempre il futuro pensiero occidentale.<\/p>\n\n\n\n<p>Roma, da l\u00ec a poche centinaia di anni, avrebbe assorbito completamente gli Dei, i Miti, la cultura e le passioni dei Greci facendole proprie, trasformandole, ingigantendole e poi esportandole nello spazio e nel tempo. Un evento cardine della Storia dell&#8217;Umanit\u00e0 e che fonda il proprio successo su due elementi che caratterizzeranno fortemente il pensiero Occidentale.<\/p>\n\n\n\n<p>La libert\u00e0 individuale e la capacit\u00e0 di liberare il genio e le idee che sono insite nella natura umana. Insomma, \u00e8 stata la successione degli eventi determinata dalle peripezie di Cl\u00ecst\u00e8ros che ha cambiato, per fortuna in meglio, il destino della Civilt\u00e0 occidentale.<\/p>\n\n\n\n<p>Evento organizzato in collaborazione con la libreria <a href=\"http:\/\/www.libriparlanti.org\">Libri Parlanti.<\/a><\/p>\n\n\n\n<p>Ingresso gratuito<\/p>\n","protected":false},"excerpt":{"rendered":"<p>Venerd\u00ec 24 ore 18.00 presso Ex Aeroporto Eleuteri (MUVAT) Museo del Volo al Trasimeno &#8211; Mimmo Catania presenta CLISTEROS Cl\u00ecst\u00e8ros, il protagonista del racconto, \u00e8 un giovane Calcidese dell\u2019ottavo secolo a.C. costretto da una serie di eventi, a fuggire con tutta la sua famiglia dalla sua Calcide fino a naufragare, nell&#8217;anno 735 a.C., sulla costa [&hellip;]<\/p>\n","protected":false},"author":1,"featured_media":74513,"comment_status":"open","ping_status":"open","sticky":false,"template":"","format":"standard","meta":{"_et_pb_use_builder":"off","_et_pb_old_content":"","_et_gb_content_width":"","_joinchat":[],"footnotes":""},"categories":[3,4],"tags":[2411,83,2412],"class_list":["post-74511","post","type-post","status-publish","format-standard","has-post-thumbnail","hentry","category-eventi","category-home-page","tag-festival-del-volo","tag-libri-parlanti","tag-mimmo-catania"],"yoast_head":"<!-- This site is optimized with the Yoast SEO plugin v27.4 - https:\/\/yoast.com\/product\/yoast-seo-wordpress\/ -->\n<title>Mimmo Catania presenta CLISTEROS<\/title>\n<meta name=\"description\" content=\"Venerd\u00ec 24 ore 18.00 presso Ex Aeroporto Eleuteri (MUVAT) Museo del Volo al Trasimeno - Mimmo Catania presenta CLISTEROS\" \/>\n<meta name=\"robots\" content=\"index, follow, max-snippet:-1, max-image-preview:large, max-video-preview:-1\" \/>\n<link rel=\"canonical\" href=\"https:\/\/www.libriparlanti.org\/index.php\/2026\/04\/venerdi-24-ore-18-00-presso-ex-aeroporto-eleuteri-muvat-museo-del-volo-al-trasimeno-mimmo-catania-presenta-clisteros\/\" \/>\n<meta property=\"og:locale\" content=\"it_IT\" \/>\n<meta property=\"og:type\" content=\"article\" \/>\n<meta property=\"og:title\" content=\"Mimmo Catania presenta CLISTEROS\" \/>\n<meta property=\"og:description\" content=\"Venerd\u00ec 24 ore 18.00 presso Ex Aeroporto Eleuteri (MUVAT) Museo del Volo al Trasimeno - Mimmo Catania presenta CLISTEROS\" \/>\n<meta property=\"og:url\" content=\"https:\/\/www.libriparlanti.org\/index.php\/2026\/04\/venerdi-24-ore-18-00-presso-ex-aeroporto-eleuteri-muvat-museo-del-volo-al-trasimeno-mimmo-catania-presenta-clisteros\/\" \/>\n<meta property=\"og:site_name\" content=\"Libreria Libri parlanti\" \/>\n<meta property=\"article:publisher\" content=\"https:\/\/www.facebook.com\/LibriParlanti\" \/>\n<meta property=\"article:published_time\" content=\"2026-04-24T10:19:37+00:00\" \/>\n<meta property=\"article:modified_time\" content=\"2026-04-24T10:19:52+00:00\" \/>\n<meta property=\"og:image\" content=\"https:\/\/www.libriparlanti.org\/wp-content\/uploads\/2026\/04\/613HICONBAL._SL1500_.jpg\" \/>\n\t<meta property=\"og:image:width\" content=\"1000\" \/>\n\t<meta property=\"og:image:height\" content=\"1500\" \/>\n\t<meta property=\"og:image:type\" content=\"image\/jpeg\" \/>\n<meta name=\"author\" content=\"admin\" \/>\n<meta name=\"twitter:card\" content=\"summary_large_image\" \/>\n<meta name=\"twitter:label1\" content=\"Scritto da\" \/>\n\t<meta name=\"twitter:data1\" content=\"admin\" \/>\n\t<meta name=\"twitter:label2\" content=\"Tempo di lettura stimato\" \/>\n\t<meta name=\"twitter:data2\" content=\"2 minuti\" \/>\n<script type=\"application\/ld+json\" class=\"yoast-schema-graph\">{\"@context\":\"https:\\\/\\\/schema.org\",\"@graph\":[{\"@type\":\"Article\",\"@id\":\"https:\\\/\\\/www.libriparlanti.org\\\/index.php\\\/2026\\\/04\\\/venerdi-24-ore-18-00-presso-ex-aeroporto-eleuteri-muvat-museo-del-volo-al-trasimeno-mimmo-catania-presenta-clisteros\\\/#article\",\"isPartOf\":{\"@id\":\"https:\\\/\\\/www.libriparlanti.org\\\/index.php\\\/2026\\\/04\\\/venerdi-24-ore-18-00-presso-ex-aeroporto-eleuteri-muvat-museo-del-volo-al-trasimeno-mimmo-catania-presenta-clisteros\\\/\"},\"author\":{\"name\":\"admin\",\"@id\":\"https:\\\/\\\/www.libriparlanti.org\\\/#\\\/schema\\\/person\\\/a2101732f0cc0144f0a4d0ecc313655a\"},\"headline\":\"Venerd\u00ec 24 ore 18.00 presso Ex Aeroporto Eleuteri (MUVAT) Museo del Volo al Trasimeno &#8211; Mimmo Catania presenta CLISTEROS\",\"datePublished\":\"2026-04-24T10:19:37+00:00\",\"dateModified\":\"2026-04-24T10:19:52+00:00\",\"mainEntityOfPage\":{\"@id\":\"https:\\\/\\\/www.libriparlanti.org\\\/index.php\\\/2026\\\/04\\\/venerdi-24-ore-18-00-presso-ex-aeroporto-eleuteri-muvat-museo-del-volo-al-trasimeno-mimmo-catania-presenta-clisteros\\\/\"},\"wordCount\":277,\"commentCount\":0,\"image\":{\"@id\":\"https:\\\/\\\/www.libriparlanti.org\\\/index.php\\\/2026\\\/04\\\/venerdi-24-ore-18-00-presso-ex-aeroporto-eleuteri-muvat-museo-del-volo-al-trasimeno-mimmo-catania-presenta-clisteros\\\/#primaryimage\"},\"thumbnailUrl\":\"https:\\\/\\\/www.libriparlanti.org\\\/wp-content\\\/uploads\\\/2026\\\/04\\\/613HICONBAL._SL1500_.jpg\",\"keywords\":[\"festival del volo\",\"libri parlanti\",\"mimmo catania\"],\"articleSection\":[\"eventi\",\"home page\"],\"inLanguage\":\"it-IT\",\"potentialAction\":[{\"@type\":\"CommentAction\",\"name\":\"Comment\",\"target\":[\"https:\\\/\\\/www.libriparlanti.org\\\/index.php\\\/2026\\\/04\\\/venerdi-24-ore-18-00-presso-ex-aeroporto-eleuteri-muvat-museo-del-volo-al-trasimeno-mimmo-catania-presenta-clisteros\\\/#respond\"]}]},{\"@type\":\"WebPage\",\"@id\":\"https:\\\/\\\/www.libriparlanti.org\\\/index.php\\\/2026\\\/04\\\/venerdi-24-ore-18-00-presso-ex-aeroporto-eleuteri-muvat-museo-del-volo-al-trasimeno-mimmo-catania-presenta-clisteros\\\/\",\"url\":\"https:\\\/\\\/www.libriparlanti.org\\\/index.php\\\/2026\\\/04\\\/venerdi-24-ore-18-00-presso-ex-aeroporto-eleuteri-muvat-museo-del-volo-al-trasimeno-mimmo-catania-presenta-clisteros\\\/\",\"name\":\"Mimmo Catania presenta CLISTEROS\",\"isPartOf\":{\"@id\":\"https:\\\/\\\/www.libriparlanti.org\\\/#website\"},\"primaryImageOfPage\":{\"@id\":\"https:\\\/\\\/www.libriparlanti.org\\\/index.php\\\/2026\\\/04\\\/venerdi-24-ore-18-00-presso-ex-aeroporto-eleuteri-muvat-museo-del-volo-al-trasimeno-mimmo-catania-presenta-clisteros\\\/#primaryimage\"},\"image\":{\"@id\":\"https:\\\/\\\/www.libriparlanti.org\\\/index.php\\\/2026\\\/04\\\/venerdi-24-ore-18-00-presso-ex-aeroporto-eleuteri-muvat-museo-del-volo-al-trasimeno-mimmo-catania-presenta-clisteros\\\/#primaryimage\"},\"thumbnailUrl\":\"https:\\\/\\\/www.libriparlanti.org\\\/wp-content\\\/uploads\\\/2026\\\/04\\\/613HICONBAL._SL1500_.jpg\",\"datePublished\":\"2026-04-24T10:19:37+00:00\",\"dateModified\":\"2026-04-24T10:19:52+00:00\",\"author\":{\"@id\":\"https:\\\/\\\/www.libriparlanti.org\\\/#\\\/schema\\\/person\\\/a2101732f0cc0144f0a4d0ecc313655a\"},\"description\":\"Venerd\u00ec 24 ore 18.00 presso Ex Aeroporto Eleuteri (MUVAT) Museo del Volo al Trasimeno - Mimmo Catania presenta CLISTEROS\",\"breadcrumb\":{\"@id\":\"https:\\\/\\\/www.libriparlanti.org\\\/index.php\\\/2026\\\/04\\\/venerdi-24-ore-18-00-presso-ex-aeroporto-eleuteri-muvat-museo-del-volo-al-trasimeno-mimmo-catania-presenta-clisteros\\\/#breadcrumb\"},\"inLanguage\":\"it-IT\",\"potentialAction\":[{\"@type\":\"ReadAction\",\"target\":[\"https:\\\/\\\/www.libriparlanti.org\\\/index.php\\\/2026\\\/04\\\/venerdi-24-ore-18-00-presso-ex-aeroporto-eleuteri-muvat-museo-del-volo-al-trasimeno-mimmo-catania-presenta-clisteros\\\/\"]}]},{\"@type\":\"ImageObject\",\"inLanguage\":\"it-IT\",\"@id\":\"https:\\\/\\\/www.libriparlanti.org\\\/index.php\\\/2026\\\/04\\\/venerdi-24-ore-18-00-presso-ex-aeroporto-eleuteri-muvat-museo-del-volo-al-trasimeno-mimmo-catania-presenta-clisteros\\\/#primaryimage\",\"url\":\"https:\\\/\\\/www.libriparlanti.org\\\/wp-content\\\/uploads\\\/2026\\\/04\\\/613HICONBAL._SL1500_.jpg\",\"contentUrl\":\"https:\\\/\\\/www.libriparlanti.org\\\/wp-content\\\/uploads\\\/2026\\\/04\\\/613HICONBAL._SL1500_.jpg\",\"width\":1000,\"height\":1500},{\"@type\":\"BreadcrumbList\",\"@id\":\"https:\\\/\\\/www.libriparlanti.org\\\/index.php\\\/2026\\\/04\\\/venerdi-24-ore-18-00-presso-ex-aeroporto-eleuteri-muvat-museo-del-volo-al-trasimeno-mimmo-catania-presenta-clisteros\\\/#breadcrumb\",\"itemListElement\":[{\"@type\":\"ListItem\",\"position\":1,\"name\":\"Home\",\"item\":\"https:\\\/\\\/www.libriparlanti.org\\\/\"},{\"@type\":\"ListItem\",\"position\":2,\"name\":\"Venerd\u00ec 24 ore 18.00 presso Ex Aeroporto Eleuteri (MUVAT) Museo del Volo al Trasimeno &#8211; Mimmo Catania presenta CLISTEROS\"}]},{\"@type\":\"WebSite\",\"@id\":\"https:\\\/\\\/www.libriparlanti.org\\\/#website\",\"url\":\"https:\\\/\\\/www.libriparlanti.org\\\/\",\"name\":\"Libreria Libri parlanti\",\"description\":\"Libreria in Castiglione del Lago (Pg)\",\"potentialAction\":[{\"@type\":\"SearchAction\",\"target\":{\"@type\":\"EntryPoint\",\"urlTemplate\":\"https:\\\/\\\/www.libriparlanti.org\\\/?s={search_term_string}\"},\"query-input\":{\"@type\":\"PropertyValueSpecification\",\"valueRequired\":true,\"valueName\":\"search_term_string\"}}],\"inLanguage\":\"it-IT\"},{\"@type\":\"Person\",\"@id\":\"https:\\\/\\\/www.libriparlanti.org\\\/#\\\/schema\\\/person\\\/a2101732f0cc0144f0a4d0ecc313655a\",\"name\":\"admin\",\"image\":{\"@type\":\"ImageObject\",\"inLanguage\":\"it-IT\",\"@id\":\"https:\\\/\\\/secure.gravatar.com\\\/avatar\\\/f06887496a5753f3caca573646570e603d16e07cbd1553492c2c65009e6014ca?s=96&d=mm&r=g\",\"url\":\"https:\\\/\\\/secure.gravatar.com\\\/avatar\\\/f06887496a5753f3caca573646570e603d16e07cbd1553492c2c65009e6014ca?s=96&d=mm&r=g\",\"contentUrl\":\"https:\\\/\\\/secure.gravatar.com\\\/avatar\\\/f06887496a5753f3caca573646570e603d16e07cbd1553492c2c65009e6014ca?s=96&d=mm&r=g\",\"caption\":\"admin\"},\"sameAs\":[\"http:\\\/\\\/www.libriparlanti.org\"],\"url\":\"https:\\\/\\\/www.libriparlanti.org\\\/index.php\\\/author\\\/admin\\\/\"}]}<\/script>\n<!-- \/ Yoast SEO plugin. -->","yoast_head_json":{"title":"Mimmo Catania presenta CLISTEROS","description":"Venerd\u00ec 24 ore 18.00 presso Ex Aeroporto Eleuteri (MUVAT) Museo del Volo al Trasimeno - Mimmo Catania presenta CLISTEROS","robots":{"index":"index","follow":"follow","max-snippet":"max-snippet:-1","max-image-preview":"max-image-preview:large","max-video-preview":"max-video-preview:-1"},"canonical":"https:\/\/www.libriparlanti.org\/index.php\/2026\/04\/venerdi-24-ore-18-00-presso-ex-aeroporto-eleuteri-muvat-museo-del-volo-al-trasimeno-mimmo-catania-presenta-clisteros\/","og_locale":"it_IT","og_type":"article","og_title":"Mimmo Catania presenta CLISTEROS","og_description":"Venerd\u00ec 24 ore 18.00 presso Ex Aeroporto Eleuteri (MUVAT) Museo del Volo al Trasimeno - Mimmo Catania presenta CLISTEROS","og_url":"https:\/\/www.libriparlanti.org\/index.php\/2026\/04\/venerdi-24-ore-18-00-presso-ex-aeroporto-eleuteri-muvat-museo-del-volo-al-trasimeno-mimmo-catania-presenta-clisteros\/","og_site_name":"Libreria Libri parlanti","article_publisher":"https:\/\/www.facebook.com\/LibriParlanti","article_published_time":"2026-04-24T10:19:37+00:00","article_modified_time":"2026-04-24T10:19:52+00:00","og_image":[{"width":1000,"height":1500,"url":"https:\/\/www.libriparlanti.org\/wp-content\/uploads\/2026\/04\/613HICONBAL._SL1500_.jpg","type":"image\/jpeg"}],"author":"admin","twitter_card":"summary_large_image","twitter_misc":{"Scritto da":"admin","Tempo di lettura stimato":"2 minuti"},"schema":{"@context":"https:\/\/schema.org","@graph":[{"@type":"Article","@id":"https:\/\/www.libriparlanti.org\/index.php\/2026\/04\/venerdi-24-ore-18-00-presso-ex-aeroporto-eleuteri-muvat-museo-del-volo-al-trasimeno-mimmo-catania-presenta-clisteros\/#article","isPartOf":{"@id":"https:\/\/www.libriparlanti.org\/index.php\/2026\/04\/venerdi-24-ore-18-00-presso-ex-aeroporto-eleuteri-muvat-museo-del-volo-al-trasimeno-mimmo-catania-presenta-clisteros\/"},"author":{"name":"admin","@id":"https:\/\/www.libriparlanti.org\/#\/schema\/person\/a2101732f0cc0144f0a4d0ecc313655a"},"headline":"Venerd\u00ec 24 ore 18.00 presso Ex Aeroporto Eleuteri (MUVAT) Museo del Volo al Trasimeno &#8211; Mimmo Catania presenta CLISTEROS","datePublished":"2026-04-24T10:19:37+00:00","dateModified":"2026-04-24T10:19:52+00:00","mainEntityOfPage":{"@id":"https:\/\/www.libriparlanti.org\/index.php\/2026\/04\/venerdi-24-ore-18-00-presso-ex-aeroporto-eleuteri-muvat-museo-del-volo-al-trasimeno-mimmo-catania-presenta-clisteros\/"},"wordCount":277,"commentCount":0,"image":{"@id":"https:\/\/www.libriparlanti.org\/index.php\/2026\/04\/venerdi-24-ore-18-00-presso-ex-aeroporto-eleuteri-muvat-museo-del-volo-al-trasimeno-mimmo-catania-presenta-clisteros\/#primaryimage"},"thumbnailUrl":"https:\/\/www.libriparlanti.org\/wp-content\/uploads\/2026\/04\/613HICONBAL._SL1500_.jpg","keywords":["festival del volo","libri parlanti","mimmo catania"],"articleSection":["eventi","home page"],"inLanguage":"it-IT","potentialAction":[{"@type":"CommentAction","name":"Comment","target":["https:\/\/www.libriparlanti.org\/index.php\/2026\/04\/venerdi-24-ore-18-00-presso-ex-aeroporto-eleuteri-muvat-museo-del-volo-al-trasimeno-mimmo-catania-presenta-clisteros\/#respond"]}]},{"@type":"WebPage","@id":"https:\/\/www.libriparlanti.org\/index.php\/2026\/04\/venerdi-24-ore-18-00-presso-ex-aeroporto-eleuteri-muvat-museo-del-volo-al-trasimeno-mimmo-catania-presenta-clisteros\/","url":"https:\/\/www.libriparlanti.org\/index.php\/2026\/04\/venerdi-24-ore-18-00-presso-ex-aeroporto-eleuteri-muvat-museo-del-volo-al-trasimeno-mimmo-catania-presenta-clisteros\/","name":"Mimmo Catania presenta CLISTEROS","isPartOf":{"@id":"https:\/\/www.libriparlanti.org\/#website"},"primaryImageOfPage":{"@id":"https:\/\/www.libriparlanti.org\/index.php\/2026\/04\/venerdi-24-ore-18-00-presso-ex-aeroporto-eleuteri-muvat-museo-del-volo-al-trasimeno-mimmo-catania-presenta-clisteros\/#primaryimage"},"image":{"@id":"https:\/\/www.libriparlanti.org\/index.php\/2026\/04\/venerdi-24-ore-18-00-presso-ex-aeroporto-eleuteri-muvat-museo-del-volo-al-trasimeno-mimmo-catania-presenta-clisteros\/#primaryimage"},"thumbnailUrl":"https:\/\/www.libriparlanti.org\/wp-content\/uploads\/2026\/04\/613HICONBAL._SL1500_.jpg","datePublished":"2026-04-24T10:19:37+00:00","dateModified":"2026-04-24T10:19:52+00:00","author":{"@id":"https:\/\/www.libriparlanti.org\/#\/schema\/person\/a2101732f0cc0144f0a4d0ecc313655a"},"description":"Venerd\u00ec 24 ore 18.00 presso Ex Aeroporto Eleuteri (MUVAT) Museo del Volo al Trasimeno - Mimmo Catania presenta CLISTEROS","breadcrumb":{"@id":"https:\/\/www.libriparlanti.org\/index.php\/2026\/04\/venerdi-24-ore-18-00-presso-ex-aeroporto-eleuteri-muvat-museo-del-volo-al-trasimeno-mimmo-catania-presenta-clisteros\/#breadcrumb"},"inLanguage":"it-IT","potentialAction":[{"@type":"ReadAction","target":["https:\/\/www.libriparlanti.org\/index.php\/2026\/04\/venerdi-24-ore-18-00-presso-ex-aeroporto-eleuteri-muvat-museo-del-volo-al-trasimeno-mimmo-catania-presenta-clisteros\/"]}]},{"@type":"ImageObject","inLanguage":"it-IT","@id":"https:\/\/www.libriparlanti.org\/index.php\/2026\/04\/venerdi-24-ore-18-00-presso-ex-aeroporto-eleuteri-muvat-museo-del-volo-al-trasimeno-mimmo-catania-presenta-clisteros\/#primaryimage","url":"https:\/\/www.libriparlanti.org\/wp-content\/uploads\/2026\/04\/613HICONBAL._SL1500_.jpg","contentUrl":"https:\/\/www.libriparlanti.org\/wp-content\/uploads\/2026\/04\/613HICONBAL._SL1500_.jpg","width":1000,"height":1500},{"@type":"BreadcrumbList","@id":"https:\/\/www.libriparlanti.org\/index.php\/2026\/04\/venerdi-24-ore-18-00-presso-ex-aeroporto-eleuteri-muvat-museo-del-volo-al-trasimeno-mimmo-catania-presenta-clisteros\/#breadcrumb","itemListElement":[{"@type":"ListItem","position":1,"name":"Home","item":"https:\/\/www.libriparlanti.org\/"},{"@type":"ListItem","position":2,"name":"Venerd\u00ec 24 ore 18.00 presso Ex Aeroporto Eleuteri (MUVAT) Museo del Volo al Trasimeno &#8211; Mimmo Catania presenta CLISTEROS"}]},{"@type":"WebSite","@id":"https:\/\/www.libriparlanti.org\/#website","url":"https:\/\/www.libriparlanti.org\/","name":"Libreria Libri parlanti","description":"Libreria in Castiglione del Lago (Pg)","potentialAction":[{"@type":"SearchAction","target":{"@type":"EntryPoint","urlTemplate":"https:\/\/www.libriparlanti.org\/?s={search_term_string}"},"query-input":{"@type":"PropertyValueSpecification","valueRequired":true,"valueName":"search_term_string"}}],"inLanguage":"it-IT"},{"@type":"Person","@id":"https:\/\/www.libriparlanti.org\/#\/schema\/person\/a2101732f0cc0144f0a4d0ecc313655a","name":"admin","image":{"@type":"ImageObject","inLanguage":"it-IT","@id":"https:\/\/secure.gravatar.com\/avatar\/f06887496a5753f3caca573646570e603d16e07cbd1553492c2c65009e6014ca?s=96&d=mm&r=g","url":"https:\/\/secure.gravatar.com\/avatar\/f06887496a5753f3caca573646570e603d16e07cbd1553492c2c65009e6014ca?s=96&d=mm&r=g","contentUrl":"https:\/\/secure.gravatar.com\/avatar\/f06887496a5753f3caca573646570e603d16e07cbd1553492c2c65009e6014ca?s=96&d=mm&r=g","caption":"admin"},"sameAs":["http:\/\/www.libriparlanti.org"],"url":"https:\/\/www.libriparlanti.org\/index.php\/author\/admin\/"}]}},"_links":{"self":[{"href":"https:\/\/www.libriparlanti.org\/index.php\/wp-json\/wp\/v2\/posts\/74511","targetHints":{"allow":["GET"]}}],"collection":[{"href":"https:\/\/www.libriparlanti.org\/index.php\/wp-json\/wp\/v2\/posts"}],"about":[{"href":"https:\/\/www.libriparlanti.org\/index.php\/wp-json\/wp\/v2\/types\/post"}],"author":[{"embeddable":true,"href":"https:\/\/www.libriparlanti.org\/index.php\/wp-json\/wp\/v2\/users\/1"}],"replies":[{"embeddable":true,"href":"https:\/\/www.libriparlanti.org\/index.php\/wp-json\/wp\/v2\/comments?post=74511"}],"version-history":[{"count":1,"href":"https:\/\/www.libriparlanti.org\/index.php\/wp-json\/wp\/v2\/posts\/74511\/revisions"}],"predecessor-version":[{"id":74514,"href":"https:\/\/www.libriparlanti.org\/index.php\/wp-json\/wp\/v2\/posts\/74511\/revisions\/74514"}],"wp:featuredmedia":[{"embeddable":true,"href":"https:\/\/www.libriparlanti.org\/index.php\/wp-json\/wp\/v2\/media\/74513"}],"wp:attachment":[{"href":"https:\/\/www.libriparlanti.org\/index.php\/wp-json\/wp\/v2\/media?parent=74511"}],"wp:term":[{"taxonomy":"category","embeddable":true,"href":"https:\/\/www.libriparlanti.org\/index.php\/wp-json\/wp\/v2\/categories?post=74511"},{"taxonomy":"post_tag","embeddable":true,"href":"https:\/\/www.libriparlanti.org\/index.php\/wp-json\/wp\/v2\/tags?post=74511"}],"curies":[{"name":"wp","href":"https:\/\/api.w.org\/{rel}","templated":true}]}}