{"id":7378,"date":"2019-11-29T17:30:37","date_gmt":"2019-11-29T17:30:37","guid":{"rendered":"http:\/\/www.libriparlanti.org\/?p=7378"},"modified":"2019-12-04T14:05:30","modified_gmt":"2019-12-04T14:05:30","slug":"storie-di-storia-2019-29-30-nov-e1-2-dic","status":"publish","type":"post","link":"https:\/\/www.libriparlanti.org\/index.php\/2019\/11\/storie-di-storia-2019-29-30-nov-e1-2-dic\/","title":{"rendered":"Storie di Storia 2019 \/ 29-30 NOV e1-2 DIC"},"content":{"rendered":"<p><a href=\"http:\/\/www.libriparlanti.org\/wp-content\/uploads\/2019\/11\/loc-2019-1-01.jpg\"><img loading=\"lazy\" decoding=\"async\" class=\"alignnone size-medium wp-image-7379\" title=\"loc 2019-1-01\" src=\"http:\/\/www.libriparlanti.org\/wp-content\/uploads\/2019\/11\/loc-2019-1-01-e1574804056743-300x300.jpg\" alt=\"\" width=\"300\" height=\"300\" srcset=\"https:\/\/www.libriparlanti.org\/wp-content\/uploads\/2019\/11\/loc-2019-1-01-e1574804056743-300x300.jpg 300w, https:\/\/www.libriparlanti.org\/wp-content\/uploads\/2019\/11\/loc-2019-1-01-e1574804056743-100x100.jpg 100w, https:\/\/www.libriparlanti.org\/wp-content\/uploads\/2019\/11\/loc-2019-1-01-e1574804056743-600x600.jpg 600w, https:\/\/www.libriparlanti.org\/wp-content\/uploads\/2019\/11\/loc-2019-1-01-e1574804056743-150x150.jpg 150w, https:\/\/www.libriparlanti.org\/wp-content\/uploads\/2019\/11\/loc-2019-1-01-e1574804056743.jpg 985w\" sizes=\"(max-width: 300px) 100vw, 300px\" \/><\/a><\/p>\n<p>Venerd\u00ec 29 ore 17.30 presso Sala del Teatro a Palazzo della Corgna<\/p>\n<p>Federico Meda presenta il suo libro <strong>IL MURO DI BERLINO ISTRUZIONI PER L&#8217;USO<\/strong> Ed. Ediciclo<br \/>\n<em>Perch\u00e9 \u00e8 stato eretto il muro di Berlino? Come hanno vissuto le due parti divise della citt\u00e0? Quali sono state le fughe pi\u00f9 assurde e mirabolanti? Come si \u00e8 ricomposta la citt\u00e0 dopo la caduta del Muro?<\/em><\/p>\n<p>Conduce l&#8217;incontro Giovanni Dozzini giornalista e scrittore<\/p>\n<p>Sabato 30 ore 15.30\u00a0presso Orto Botanico Ex Asilo Reattelli LEONARDO BOTANICO<\/p>\n<p>Laura Maneresi e Giovanni Manna presentano <strong>IL MONDO DI LEONARDO<\/strong> Ed.Rizzoli <em>Guardare il mondo con gli occhi di Leonardo. I misteri della natura, dell\u2019acqua e della terra, delle piante e del corpo umano. Le scoperte sorprendenti e le suggestive visioni di un uomo straordinario svelate in un viaggio eccezionale tra arte e scienza<\/em>.<\/p>\n<p>Evento in collaborazione con Laboratorio del Cittadino<\/p>\n<p>Sabato 30\u00a0ore 17.30 Luca Petrucci e Oscar Bigarini presentano <strong>Il Bracciale e il pozzo etrusco<\/strong> ed. Realibri Pegaso<\/p>\n<p><em>Dal ritrovamento di un bracciale nel lago Trasimeno, prendono avvio le vicende collegate, che si sviluppano in epoche diverse: quella di Ascanio, giovane romano del III secolo a.C., e quella di Giulio, studente umbro contemporaneo<\/em><\/p>\n<p>Conduce l&#8217;incontro Maria Grazia Virgilio<\/p>\n<p>Domenica 1\u00a0ore 17.30 presso Sala del Teatro a Palazzo della Corgna<\/p>\n<p>Maria Giulia Andretta presenta il suo libro <strong>STREGATI DALLA LUNA<\/strong> ed. Carocci<\/p>\n<p><em>Per millenni gli uomini sono stati stregati dal fascino della Luna e hanno immaginato un\u2019infinit\u00e0 di modi per raggiungerla<\/em><\/p>\n<p><em><\/em>Conduce l&#8217;incontro Italo Carmignani Capo Redattore de Il Messaggero Umbria<\/p>\n<p><em><strong>STORIE DI STORIA va a scuola<\/strong><\/em><\/p>\n<p>Venerd\u00ec 29 presso scuola primaria e scuola infanzia del Circolo Didattico F. Rasetti Laura Maneresi e Giovanni Manna presentano <strong>IL MONDO DI LEONARDO<\/strong> Ed.Rizzoli<\/p>\n<p>Luned\u00ec 2 dicembre presso scuola primaria e scuola infanzia del Circolo Didattico F.Rasetti Laura Maneresi e Giovanni Manna presentano <strong>IL MONDO DI LEONARDO<\/strong> Ed.Rizzoli<\/p>\n","protected":false},"excerpt":{"rendered":"<p>Venerd\u00ec 29 ore 17.30 presso Sala del Teatro a Palazzo della Corgna Federico Meda presenta il suo libro IL MURO DI BERLINO ISTRUZIONI PER L&#8217;USO Ed. Ediciclo Perch\u00e9 \u00e8 stato eretto il muro di Berlino? Come hanno vissuto le due parti divise della citt\u00e0? Quali sono state le fughe pi\u00f9 assurde e mirabolanti? Come si [&hellip;]<\/p>\n","protected":false},"author":1,"featured_media":0,"comment_status":"open","ping_status":"open","sticky":false,"template":"","format":"standard","meta":{"_et_pb_use_builder":"","_et_pb_old_content":"","_et_gb_content_width":"","_joinchat":[],"footnotes":""},"categories":[3],"tags":[910,909,691,908],"class_list":["post-7378","post","type-post","status-publish","format-standard","hentry","category-eventi","tag-il-bracciale-e-il-pozzo-etrusco","tag-il-mondo-di-leonardo","tag-storie-di-storia","tag-stregati-dalla-luna"],"yoast_head":"<!-- This site is optimized with the Yoast SEO plugin v27.5 - https:\/\/yoast.com\/product\/yoast-seo-wordpress\/ -->\n<title>Storie di Storia 2019 \/ 29-30 NOV e1-2 DIC  - Libreria Libri parlanti<\/title>\n<meta name=\"robots\" content=\"index, follow, max-snippet:-1, max-image-preview:large, max-video-preview:-1\" \/>\n<link rel=\"canonical\" href=\"https:\/\/www.libriparlanti.org\/index.php\/2019\/11\/storie-di-storia-2019-29-30-nov-e1-2-dic\/\" \/>\n<meta property=\"og:locale\" content=\"it_IT\" \/>\n<meta property=\"og:type\" content=\"article\" \/>\n<meta property=\"og:title\" content=\"Storie di Storia 2019 \/ 29-30 NOV e1-2 DIC  - Libreria Libri parlanti\" \/>\n<meta property=\"og:description\" content=\"Venerd\u00ec 29 ore 17.30 presso Sala del Teatro a Palazzo della Corgna Federico Meda presenta il suo libro IL MURO DI BERLINO ISTRUZIONI PER L&#8217;USO Ed. Ediciclo Perch\u00e9 \u00e8 stato eretto il muro di Berlino? Come hanno vissuto le due parti divise della citt\u00e0? Quali sono state le fughe pi\u00f9 assurde e mirabolanti? Come si [&hellip;]\" \/>\n<meta property=\"og:url\" content=\"https:\/\/www.libriparlanti.org\/index.php\/2019\/11\/storie-di-storia-2019-29-30-nov-e1-2-dic\/\" \/>\n<meta property=\"og:site_name\" content=\"Libreria Libri parlanti\" \/>\n<meta property=\"article:publisher\" content=\"https:\/\/www.facebook.com\/LibriParlanti\" \/>\n<meta property=\"article:published_time\" content=\"2019-11-29T17:30:37+00:00\" \/>\n<meta property=\"article:modified_time\" content=\"2019-12-04T14:05:30+00:00\" \/>\n<meta property=\"og:image\" content=\"https:\/\/www.libriparlanti.org\/wp-content\/uploads\/2019\/11\/loc-2019-1-01-e1574804056743.jpg\" \/>\n\t<meta property=\"og:image:width\" content=\"985\" \/>\n\t<meta property=\"og:image:height\" content=\"985\" \/>\n\t<meta property=\"og:image:type\" content=\"image\/jpeg\" \/>\n<meta name=\"author\" content=\"admin\" \/>\n<meta name=\"twitter:card\" content=\"summary_large_image\" \/>\n<meta name=\"twitter:label1\" content=\"Scritto da\" \/>\n\t<meta name=\"twitter:data1\" content=\"admin\" \/>\n\t<meta name=\"twitter:label2\" content=\"Tempo di lettura stimato\" \/>\n\t<meta name=\"twitter:data2\" content=\"2 minuti\" \/>\n<script type=\"application\/ld+json\" class=\"yoast-schema-graph\">{\"@context\":\"https:\\\/\\\/schema.org\",\"@graph\":[{\"@type\":\"Article\",\"@id\":\"https:\\\/\\\/www.libriparlanti.org\\\/index.php\\\/2019\\\/11\\\/storie-di-storia-2019-29-30-nov-e1-2-dic\\\/#article\",\"isPartOf\":{\"@id\":\"https:\\\/\\\/www.libriparlanti.org\\\/index.php\\\/2019\\\/11\\\/storie-di-storia-2019-29-30-nov-e1-2-dic\\\/\"},\"author\":{\"name\":\"admin\",\"@id\":\"https:\\\/\\\/www.libriparlanti.org\\\/#\\\/schema\\\/person\\\/a2101732f0cc0144f0a4d0ecc313655a\"},\"headline\":\"Storie di Storia 2019 \\\/ 29-30 NOV e1-2 DIC\",\"datePublished\":\"2019-11-29T17:30:37+00:00\",\"dateModified\":\"2019-12-04T14:05:30+00:00\",\"mainEntityOfPage\":{\"@id\":\"https:\\\/\\\/www.libriparlanti.org\\\/index.php\\\/2019\\\/11\\\/storie-di-storia-2019-29-30-nov-e1-2-dic\\\/\"},\"wordCount\":312,\"commentCount\":0,\"image\":{\"@id\":\"https:\\\/\\\/www.libriparlanti.org\\\/index.php\\\/2019\\\/11\\\/storie-di-storia-2019-29-30-nov-e1-2-dic\\\/#primaryimage\"},\"thumbnailUrl\":\"http:\\\/\\\/www.libriparlanti.org\\\/wp-content\\\/uploads\\\/2019\\\/11\\\/loc-2019-1-01-e1574804056743-300x300.jpg\",\"keywords\":[\"il bracciale e il pozzo etrusco\",\"il mondo di leonardo\",\"storie di storia\",\"stregati dalla luna\"],\"articleSection\":[\"eventi\"],\"inLanguage\":\"it-IT\",\"potentialAction\":[{\"@type\":\"CommentAction\",\"name\":\"Comment\",\"target\":[\"https:\\\/\\\/www.libriparlanti.org\\\/index.php\\\/2019\\\/11\\\/storie-di-storia-2019-29-30-nov-e1-2-dic\\\/#respond\"]}]},{\"@type\":\"WebPage\",\"@id\":\"https:\\\/\\\/www.libriparlanti.org\\\/index.php\\\/2019\\\/11\\\/storie-di-storia-2019-29-30-nov-e1-2-dic\\\/\",\"url\":\"https:\\\/\\\/www.libriparlanti.org\\\/index.php\\\/2019\\\/11\\\/storie-di-storia-2019-29-30-nov-e1-2-dic\\\/\",\"name\":\"Storie di Storia 2019 \\\/ 29-30 NOV e1-2 DIC - Libreria Libri parlanti\",\"isPartOf\":{\"@id\":\"https:\\\/\\\/www.libriparlanti.org\\\/#website\"},\"primaryImageOfPage\":{\"@id\":\"https:\\\/\\\/www.libriparlanti.org\\\/index.php\\\/2019\\\/11\\\/storie-di-storia-2019-29-30-nov-e1-2-dic\\\/#primaryimage\"},\"image\":{\"@id\":\"https:\\\/\\\/www.libriparlanti.org\\\/index.php\\\/2019\\\/11\\\/storie-di-storia-2019-29-30-nov-e1-2-dic\\\/#primaryimage\"},\"thumbnailUrl\":\"http:\\\/\\\/www.libriparlanti.org\\\/wp-content\\\/uploads\\\/2019\\\/11\\\/loc-2019-1-01-e1574804056743-300x300.jpg\",\"datePublished\":\"2019-11-29T17:30:37+00:00\",\"dateModified\":\"2019-12-04T14:05:30+00:00\",\"author\":{\"@id\":\"https:\\\/\\\/www.libriparlanti.org\\\/#\\\/schema\\\/person\\\/a2101732f0cc0144f0a4d0ecc313655a\"},\"breadcrumb\":{\"@id\":\"https:\\\/\\\/www.libriparlanti.org\\\/index.php\\\/2019\\\/11\\\/storie-di-storia-2019-29-30-nov-e1-2-dic\\\/#breadcrumb\"},\"inLanguage\":\"it-IT\",\"potentialAction\":[{\"@type\":\"ReadAction\",\"target\":[\"https:\\\/\\\/www.libriparlanti.org\\\/index.php\\\/2019\\\/11\\\/storie-di-storia-2019-29-30-nov-e1-2-dic\\\/\"]}]},{\"@type\":\"ImageObject\",\"inLanguage\":\"it-IT\",\"@id\":\"https:\\\/\\\/www.libriparlanti.org\\\/index.php\\\/2019\\\/11\\\/storie-di-storia-2019-29-30-nov-e1-2-dic\\\/#primaryimage\",\"url\":\"https:\\\/\\\/www.libriparlanti.org\\\/wp-content\\\/uploads\\\/2019\\\/11\\\/loc-2019-1-01-e1574804056743.jpg\",\"contentUrl\":\"https:\\\/\\\/www.libriparlanti.org\\\/wp-content\\\/uploads\\\/2019\\\/11\\\/loc-2019-1-01-e1574804056743.jpg\",\"width\":985,\"height\":985},{\"@type\":\"BreadcrumbList\",\"@id\":\"https:\\\/\\\/www.libriparlanti.org\\\/index.php\\\/2019\\\/11\\\/storie-di-storia-2019-29-30-nov-e1-2-dic\\\/#breadcrumb\",\"itemListElement\":[{\"@type\":\"ListItem\",\"position\":1,\"name\":\"Home\",\"item\":\"https:\\\/\\\/www.libriparlanti.org\\\/\"},{\"@type\":\"ListItem\",\"position\":2,\"name\":\"Storie di Storia 2019 \\\/ 29-30 NOV e1-2 DIC\"}]},{\"@type\":\"WebSite\",\"@id\":\"https:\\\/\\\/www.libriparlanti.org\\\/#website\",\"url\":\"https:\\\/\\\/www.libriparlanti.org\\\/\",\"name\":\"Libreria Libri parlanti\",\"description\":\"Libreria in Castiglione del Lago (Pg)\",\"potentialAction\":[{\"@type\":\"SearchAction\",\"target\":{\"@type\":\"EntryPoint\",\"urlTemplate\":\"https:\\\/\\\/www.libriparlanti.org\\\/?s={search_term_string}\"},\"query-input\":{\"@type\":\"PropertyValueSpecification\",\"valueRequired\":true,\"valueName\":\"search_term_string\"}}],\"inLanguage\":\"it-IT\"},{\"@type\":\"Person\",\"@id\":\"https:\\\/\\\/www.libriparlanti.org\\\/#\\\/schema\\\/person\\\/a2101732f0cc0144f0a4d0ecc313655a\",\"name\":\"admin\",\"image\":{\"@type\":\"ImageObject\",\"inLanguage\":\"it-IT\",\"@id\":\"https:\\\/\\\/secure.gravatar.com\\\/avatar\\\/f06887496a5753f3caca573646570e603d16e07cbd1553492c2c65009e6014ca?s=96&d=mm&r=g\",\"url\":\"https:\\\/\\\/secure.gravatar.com\\\/avatar\\\/f06887496a5753f3caca573646570e603d16e07cbd1553492c2c65009e6014ca?s=96&d=mm&r=g\",\"contentUrl\":\"https:\\\/\\\/secure.gravatar.com\\\/avatar\\\/f06887496a5753f3caca573646570e603d16e07cbd1553492c2c65009e6014ca?s=96&d=mm&r=g\",\"caption\":\"admin\"},\"sameAs\":[\"http:\\\/\\\/www.libriparlanti.org\"],\"url\":\"https:\\\/\\\/www.libriparlanti.org\\\/index.php\\\/author\\\/admin\\\/\"}]}<\/script>\n<!-- \/ Yoast SEO plugin. -->","yoast_head_json":{"title":"Storie di Storia 2019 \/ 29-30 NOV e1-2 DIC  - Libreria Libri parlanti","robots":{"index":"index","follow":"follow","max-snippet":"max-snippet:-1","max-image-preview":"max-image-preview:large","max-video-preview":"max-video-preview:-1"},"canonical":"https:\/\/www.libriparlanti.org\/index.php\/2019\/11\/storie-di-storia-2019-29-30-nov-e1-2-dic\/","og_locale":"it_IT","og_type":"article","og_title":"Storie di Storia 2019 \/ 29-30 NOV e1-2 DIC  - Libreria Libri parlanti","og_description":"Venerd\u00ec 29 ore 17.30 presso Sala del Teatro a Palazzo della Corgna Federico Meda presenta il suo libro IL MURO DI BERLINO ISTRUZIONI PER L&#8217;USO Ed. Ediciclo Perch\u00e9 \u00e8 stato eretto il muro di Berlino? Come hanno vissuto le due parti divise della citt\u00e0? Quali sono state le fughe pi\u00f9 assurde e mirabolanti? Come si [&hellip;]","og_url":"https:\/\/www.libriparlanti.org\/index.php\/2019\/11\/storie-di-storia-2019-29-30-nov-e1-2-dic\/","og_site_name":"Libreria Libri parlanti","article_publisher":"https:\/\/www.facebook.com\/LibriParlanti","article_published_time":"2019-11-29T17:30:37+00:00","article_modified_time":"2019-12-04T14:05:30+00:00","og_image":[{"width":985,"height":985,"url":"https:\/\/www.libriparlanti.org\/wp-content\/uploads\/2019\/11\/loc-2019-1-01-e1574804056743.jpg","type":"image\/jpeg"}],"author":"admin","twitter_card":"summary_large_image","twitter_misc":{"Scritto da":"admin","Tempo di lettura stimato":"2 minuti"},"schema":{"@context":"https:\/\/schema.org","@graph":[{"@type":"Article","@id":"https:\/\/www.libriparlanti.org\/index.php\/2019\/11\/storie-di-storia-2019-29-30-nov-e1-2-dic\/#article","isPartOf":{"@id":"https:\/\/www.libriparlanti.org\/index.php\/2019\/11\/storie-di-storia-2019-29-30-nov-e1-2-dic\/"},"author":{"name":"admin","@id":"https:\/\/www.libriparlanti.org\/#\/schema\/person\/a2101732f0cc0144f0a4d0ecc313655a"},"headline":"Storie di Storia 2019 \/ 29-30 NOV e1-2 DIC","datePublished":"2019-11-29T17:30:37+00:00","dateModified":"2019-12-04T14:05:30+00:00","mainEntityOfPage":{"@id":"https:\/\/www.libriparlanti.org\/index.php\/2019\/11\/storie-di-storia-2019-29-30-nov-e1-2-dic\/"},"wordCount":312,"commentCount":0,"image":{"@id":"https:\/\/www.libriparlanti.org\/index.php\/2019\/11\/storie-di-storia-2019-29-30-nov-e1-2-dic\/#primaryimage"},"thumbnailUrl":"http:\/\/www.libriparlanti.org\/wp-content\/uploads\/2019\/11\/loc-2019-1-01-e1574804056743-300x300.jpg","keywords":["il bracciale e il pozzo etrusco","il mondo di leonardo","storie di storia","stregati dalla luna"],"articleSection":["eventi"],"inLanguage":"it-IT","potentialAction":[{"@type":"CommentAction","name":"Comment","target":["https:\/\/www.libriparlanti.org\/index.php\/2019\/11\/storie-di-storia-2019-29-30-nov-e1-2-dic\/#respond"]}]},{"@type":"WebPage","@id":"https:\/\/www.libriparlanti.org\/index.php\/2019\/11\/storie-di-storia-2019-29-30-nov-e1-2-dic\/","url":"https:\/\/www.libriparlanti.org\/index.php\/2019\/11\/storie-di-storia-2019-29-30-nov-e1-2-dic\/","name":"Storie di Storia 2019 \/ 29-30 NOV e1-2 DIC - Libreria Libri parlanti","isPartOf":{"@id":"https:\/\/www.libriparlanti.org\/#website"},"primaryImageOfPage":{"@id":"https:\/\/www.libriparlanti.org\/index.php\/2019\/11\/storie-di-storia-2019-29-30-nov-e1-2-dic\/#primaryimage"},"image":{"@id":"https:\/\/www.libriparlanti.org\/index.php\/2019\/11\/storie-di-storia-2019-29-30-nov-e1-2-dic\/#primaryimage"},"thumbnailUrl":"http:\/\/www.libriparlanti.org\/wp-content\/uploads\/2019\/11\/loc-2019-1-01-e1574804056743-300x300.jpg","datePublished":"2019-11-29T17:30:37+00:00","dateModified":"2019-12-04T14:05:30+00:00","author":{"@id":"https:\/\/www.libriparlanti.org\/#\/schema\/person\/a2101732f0cc0144f0a4d0ecc313655a"},"breadcrumb":{"@id":"https:\/\/www.libriparlanti.org\/index.php\/2019\/11\/storie-di-storia-2019-29-30-nov-e1-2-dic\/#breadcrumb"},"inLanguage":"it-IT","potentialAction":[{"@type":"ReadAction","target":["https:\/\/www.libriparlanti.org\/index.php\/2019\/11\/storie-di-storia-2019-29-30-nov-e1-2-dic\/"]}]},{"@type":"ImageObject","inLanguage":"it-IT","@id":"https:\/\/www.libriparlanti.org\/index.php\/2019\/11\/storie-di-storia-2019-29-30-nov-e1-2-dic\/#primaryimage","url":"https:\/\/www.libriparlanti.org\/wp-content\/uploads\/2019\/11\/loc-2019-1-01-e1574804056743.jpg","contentUrl":"https:\/\/www.libriparlanti.org\/wp-content\/uploads\/2019\/11\/loc-2019-1-01-e1574804056743.jpg","width":985,"height":985},{"@type":"BreadcrumbList","@id":"https:\/\/www.libriparlanti.org\/index.php\/2019\/11\/storie-di-storia-2019-29-30-nov-e1-2-dic\/#breadcrumb","itemListElement":[{"@type":"ListItem","position":1,"name":"Home","item":"https:\/\/www.libriparlanti.org\/"},{"@type":"ListItem","position":2,"name":"Storie di Storia 2019 \/ 29-30 NOV e1-2 DIC"}]},{"@type":"WebSite","@id":"https:\/\/www.libriparlanti.org\/#website","url":"https:\/\/www.libriparlanti.org\/","name":"Libreria Libri parlanti","description":"Libreria in Castiglione del Lago (Pg)","potentialAction":[{"@type":"SearchAction","target":{"@type":"EntryPoint","urlTemplate":"https:\/\/www.libriparlanti.org\/?s={search_term_string}"},"query-input":{"@type":"PropertyValueSpecification","valueRequired":true,"valueName":"search_term_string"}}],"inLanguage":"it-IT"},{"@type":"Person","@id":"https:\/\/www.libriparlanti.org\/#\/schema\/person\/a2101732f0cc0144f0a4d0ecc313655a","name":"admin","image":{"@type":"ImageObject","inLanguage":"it-IT","@id":"https:\/\/secure.gravatar.com\/avatar\/f06887496a5753f3caca573646570e603d16e07cbd1553492c2c65009e6014ca?s=96&d=mm&r=g","url":"https:\/\/secure.gravatar.com\/avatar\/f06887496a5753f3caca573646570e603d16e07cbd1553492c2c65009e6014ca?s=96&d=mm&r=g","contentUrl":"https:\/\/secure.gravatar.com\/avatar\/f06887496a5753f3caca573646570e603d16e07cbd1553492c2c65009e6014ca?s=96&d=mm&r=g","caption":"admin"},"sameAs":["http:\/\/www.libriparlanti.org"],"url":"https:\/\/www.libriparlanti.org\/index.php\/author\/admin\/"}]}},"_links":{"self":[{"href":"https:\/\/www.libriparlanti.org\/index.php\/wp-json\/wp\/v2\/posts\/7378","targetHints":{"allow":["GET"]}}],"collection":[{"href":"https:\/\/www.libriparlanti.org\/index.php\/wp-json\/wp\/v2\/posts"}],"about":[{"href":"https:\/\/www.libriparlanti.org\/index.php\/wp-json\/wp\/v2\/types\/post"}],"author":[{"embeddable":true,"href":"https:\/\/www.libriparlanti.org\/index.php\/wp-json\/wp\/v2\/users\/1"}],"replies":[{"embeddable":true,"href":"https:\/\/www.libriparlanti.org\/index.php\/wp-json\/wp\/v2\/comments?post=7378"}],"version-history":[{"count":2,"href":"https:\/\/www.libriparlanti.org\/index.php\/wp-json\/wp\/v2\/posts\/7378\/revisions"}],"predecessor-version":[{"id":7383,"href":"https:\/\/www.libriparlanti.org\/index.php\/wp-json\/wp\/v2\/posts\/7378\/revisions\/7383"}],"wp:attachment":[{"href":"https:\/\/www.libriparlanti.org\/index.php\/wp-json\/wp\/v2\/media?parent=7378"}],"wp:term":[{"taxonomy":"category","embeddable":true,"href":"https:\/\/www.libriparlanti.org\/index.php\/wp-json\/wp\/v2\/categories?post=7378"},{"taxonomy":"post_tag","embeddable":true,"href":"https:\/\/www.libriparlanti.org\/index.php\/wp-json\/wp\/v2\/tags?post=7378"}],"curies":[{"name":"wp","href":"https:\/\/api.w.org\/{rel}","templated":true}]}}