{"id":7286,"date":"2019-11-08T17:00:00","date_gmt":"2019-11-08T17:00:00","guid":{"rendered":"http:\/\/www.libriparlanti.org\/?p=7286"},"modified":"2019-11-12T09:31:02","modified_gmt":"2019-11-12T09:31:02","slug":"scrittori-allora-del-te-ven-8-ore-17-00","status":"publish","type":"post","link":"https:\/\/www.libriparlanti.org\/index.php\/2019\/11\/scrittori-allora-del-te-ven-8-ore-17-00\/","title":{"rendered":"Scrittori all&#8217;ora del t\u00e9 \/ ven 8  ore 17.00"},"content":{"rendered":"<p><a href=\"http:\/\/www.libriparlanti.org\/wp-content\/uploads\/2019\/11\/download-31.jpg\"><img loading=\"lazy\" decoding=\"async\" class=\"alignnone size-medium wp-image-7288\" title=\"download (3)\" src=\"http:\/\/www.libriparlanti.org\/wp-content\/uploads\/2019\/11\/download-31-e1572862179998-300x300.jpg\" alt=\"\" width=\"300\" height=\"300\" srcset=\"https:\/\/www.libriparlanti.org\/wp-content\/uploads\/2019\/11\/download-31-e1572862179998-300x300.jpg 300w, https:\/\/www.libriparlanti.org\/wp-content\/uploads\/2019\/11\/download-31-e1572862179998-100x100.jpg 100w, https:\/\/www.libriparlanti.org\/wp-content\/uploads\/2019\/11\/download-31-e1572862179998-150x150.jpg 150w, https:\/\/www.libriparlanti.org\/wp-content\/uploads\/2019\/11\/download-31-e1572862179998.jpg 363w\" sizes=\"(max-width: 300px) 100vw, 300px\" \/><\/a>Venerdi 8 novembre alle ore 17.00 <strong>Fausto Moroni<\/strong> presenta <strong>AFRICA INSOLITA<\/strong> Racconti di viaggio nel difficile continente Ed. Futura<\/p>\n<blockquote><p><em>Spazi immensi, natura primordiale, tanti popoli, trib\u00f9 e antiche tradizioni, luoghi culla dell&#8217;umanit\u00e0, questo \u00e8 l&#8217;Africa. Basterebbero tali elementi ad attrarre e far amare questo immenso continente.\u00a0Per\u00f2 \u00e8 anche una terra per molti aspetti repulsiva, fatta di malattie, guerre, fame, violenze e incertezze d&#8217;ogni genere. Chi approda all&#8217;Africa per scoprirla e non per sfruttarla, spesso non lo fa per scelta deliberata ma obbedendo all&#8217;impulso del proprio inconscio, al \u201cs\u00e9 profondo\u201d di cui non si ha consapevolezza ma che dirige i nostri sentimenti e le nostre scelte, \u00e8 questa la sensazione che ispira l&#8217;amore per questa terra, quella specie di malattia che tutti definiscono \u201cMal d&#8217;Afric<\/em>a\u201d&#8230;con questo spirito Fausto mette su carta i suoi viaggi.<\/p><\/blockquote>\n","protected":false},"excerpt":{"rendered":"<p>Venerdi 8 novembre alle ore 17.00 Fausto Moroni presenta AFRICA INSOLITA Racconti di viaggio nel difficile continente Ed. Futura Spazi immensi, natura primordiale, tanti popoli, trib\u00f9 e antiche tradizioni, luoghi culla dell&#8217;umanit\u00e0, questo \u00e8 l&#8217;Africa. Basterebbero tali elementi ad attrarre e far amare questo immenso continente.\u00a0Per\u00f2 \u00e8 anche una terra per molti aspetti repulsiva, fatta [&hellip;]<\/p>\n","protected":false},"author":1,"featured_media":0,"comment_status":"open","ping_status":"open","sticky":false,"template":"","format":"standard","meta":{"_et_pb_use_builder":"","_et_pb_old_content":"","_et_gb_content_width":"","_joinchat":[],"footnotes":""},"categories":[3],"tags":[886,884,885],"class_list":["post-7286","post","type-post","status-publish","format-standard","hentry","category-eventi","tag-africa-insolita","tag-fausto-moroni","tag-viaggi-in-africa"],"yoast_head":"<!-- This site is optimized with the Yoast SEO plugin v27.5 - https:\/\/yoast.com\/product\/yoast-seo-wordpress\/ -->\n<title>Scrittori all&#039;ora del t\u00e9 \/ ven 8 ore 17.00 - Libreria Libri parlanti<\/title>\n<meta name=\"robots\" content=\"index, follow, max-snippet:-1, max-image-preview:large, max-video-preview:-1\" \/>\n<link rel=\"canonical\" href=\"https:\/\/www.libriparlanti.org\/index.php\/2019\/11\/scrittori-allora-del-te-ven-8-ore-17-00\/\" \/>\n<meta property=\"og:locale\" content=\"it_IT\" \/>\n<meta property=\"og:type\" content=\"article\" \/>\n<meta property=\"og:title\" content=\"Scrittori all&#039;ora del t\u00e9 \/ ven 8 ore 17.00 - Libreria Libri parlanti\" \/>\n<meta property=\"og:description\" content=\"Venerdi 8 novembre alle ore 17.00 Fausto Moroni presenta AFRICA INSOLITA Racconti di viaggio nel difficile continente Ed. Futura Spazi immensi, natura primordiale, tanti popoli, trib\u00f9 e antiche tradizioni, luoghi culla dell&#8217;umanit\u00e0, questo \u00e8 l&#8217;Africa. Basterebbero tali elementi ad attrarre e far amare questo immenso continente.\u00a0Per\u00f2 \u00e8 anche una terra per molti aspetti repulsiva, fatta [&hellip;]\" \/>\n<meta property=\"og:url\" content=\"https:\/\/www.libriparlanti.org\/index.php\/2019\/11\/scrittori-allora-del-te-ven-8-ore-17-00\/\" \/>\n<meta property=\"og:site_name\" content=\"Libreria Libri parlanti\" \/>\n<meta property=\"article:publisher\" content=\"https:\/\/www.facebook.com\/LibriParlanti\" \/>\n<meta property=\"article:published_time\" content=\"2019-11-08T17:00:00+00:00\" \/>\n<meta property=\"article:modified_time\" content=\"2019-11-12T09:31:02+00:00\" \/>\n<meta property=\"og:image\" content=\"https:\/\/www.libriparlanti.org\/wp-content\/uploads\/2019\/11\/download-31-e1572862179998.jpg\" \/>\n\t<meta property=\"og:image:width\" content=\"363\" \/>\n\t<meta property=\"og:image:height\" content=\"363\" \/>\n\t<meta property=\"og:image:type\" content=\"image\/jpeg\" \/>\n<meta name=\"author\" content=\"admin\" \/>\n<meta name=\"twitter:card\" content=\"summary_large_image\" \/>\n<meta name=\"twitter:label1\" content=\"Scritto da\" \/>\n\t<meta name=\"twitter:data1\" content=\"admin\" \/>\n\t<meta name=\"twitter:label2\" content=\"Tempo di lettura stimato\" \/>\n\t<meta name=\"twitter:data2\" content=\"1 minuto\" \/>\n<script type=\"application\/ld+json\" class=\"yoast-schema-graph\">{\"@context\":\"https:\\\/\\\/schema.org\",\"@graph\":[{\"@type\":\"Article\",\"@id\":\"https:\\\/\\\/www.libriparlanti.org\\\/index.php\\\/2019\\\/11\\\/scrittori-allora-del-te-ven-8-ore-17-00\\\/#article\",\"isPartOf\":{\"@id\":\"https:\\\/\\\/www.libriparlanti.org\\\/index.php\\\/2019\\\/11\\\/scrittori-allora-del-te-ven-8-ore-17-00\\\/\"},\"author\":{\"name\":\"admin\",\"@id\":\"https:\\\/\\\/www.libriparlanti.org\\\/#\\\/schema\\\/person\\\/a2101732f0cc0144f0a4d0ecc313655a\"},\"headline\":\"Scrittori all&#8217;ora del t\u00e9 \\\/ ven 8 ore 17.00\",\"datePublished\":\"2019-11-08T17:00:00+00:00\",\"dateModified\":\"2019-11-12T09:31:02+00:00\",\"mainEntityOfPage\":{\"@id\":\"https:\\\/\\\/www.libriparlanti.org\\\/index.php\\\/2019\\\/11\\\/scrittori-allora-del-te-ven-8-ore-17-00\\\/\"},\"wordCount\":136,\"commentCount\":0,\"image\":{\"@id\":\"https:\\\/\\\/www.libriparlanti.org\\\/index.php\\\/2019\\\/11\\\/scrittori-allora-del-te-ven-8-ore-17-00\\\/#primaryimage\"},\"thumbnailUrl\":\"http:\\\/\\\/www.libriparlanti.org\\\/wp-content\\\/uploads\\\/2019\\\/11\\\/download-31-e1572862179998-300x300.jpg\",\"keywords\":[\"africa insolita\",\"fausto moroni\",\"viaggi in africa\"],\"articleSection\":[\"eventi\"],\"inLanguage\":\"it-IT\",\"potentialAction\":[{\"@type\":\"CommentAction\",\"name\":\"Comment\",\"target\":[\"https:\\\/\\\/www.libriparlanti.org\\\/index.php\\\/2019\\\/11\\\/scrittori-allora-del-te-ven-8-ore-17-00\\\/#respond\"]}]},{\"@type\":\"WebPage\",\"@id\":\"https:\\\/\\\/www.libriparlanti.org\\\/index.php\\\/2019\\\/11\\\/scrittori-allora-del-te-ven-8-ore-17-00\\\/\",\"url\":\"https:\\\/\\\/www.libriparlanti.org\\\/index.php\\\/2019\\\/11\\\/scrittori-allora-del-te-ven-8-ore-17-00\\\/\",\"name\":\"Scrittori all'ora del t\u00e9 \\\/ ven 8 ore 17.00 - Libreria Libri parlanti\",\"isPartOf\":{\"@id\":\"https:\\\/\\\/www.libriparlanti.org\\\/#website\"},\"primaryImageOfPage\":{\"@id\":\"https:\\\/\\\/www.libriparlanti.org\\\/index.php\\\/2019\\\/11\\\/scrittori-allora-del-te-ven-8-ore-17-00\\\/#primaryimage\"},\"image\":{\"@id\":\"https:\\\/\\\/www.libriparlanti.org\\\/index.php\\\/2019\\\/11\\\/scrittori-allora-del-te-ven-8-ore-17-00\\\/#primaryimage\"},\"thumbnailUrl\":\"http:\\\/\\\/www.libriparlanti.org\\\/wp-content\\\/uploads\\\/2019\\\/11\\\/download-31-e1572862179998-300x300.jpg\",\"datePublished\":\"2019-11-08T17:00:00+00:00\",\"dateModified\":\"2019-11-12T09:31:02+00:00\",\"author\":{\"@id\":\"https:\\\/\\\/www.libriparlanti.org\\\/#\\\/schema\\\/person\\\/a2101732f0cc0144f0a4d0ecc313655a\"},\"breadcrumb\":{\"@id\":\"https:\\\/\\\/www.libriparlanti.org\\\/index.php\\\/2019\\\/11\\\/scrittori-allora-del-te-ven-8-ore-17-00\\\/#breadcrumb\"},\"inLanguage\":\"it-IT\",\"potentialAction\":[{\"@type\":\"ReadAction\",\"target\":[\"https:\\\/\\\/www.libriparlanti.org\\\/index.php\\\/2019\\\/11\\\/scrittori-allora-del-te-ven-8-ore-17-00\\\/\"]}]},{\"@type\":\"ImageObject\",\"inLanguage\":\"it-IT\",\"@id\":\"https:\\\/\\\/www.libriparlanti.org\\\/index.php\\\/2019\\\/11\\\/scrittori-allora-del-te-ven-8-ore-17-00\\\/#primaryimage\",\"url\":\"https:\\\/\\\/www.libriparlanti.org\\\/wp-content\\\/uploads\\\/2019\\\/11\\\/download-31-e1572862179998.jpg\",\"contentUrl\":\"https:\\\/\\\/www.libriparlanti.org\\\/wp-content\\\/uploads\\\/2019\\\/11\\\/download-31-e1572862179998.jpg\",\"width\":363,\"height\":363},{\"@type\":\"BreadcrumbList\",\"@id\":\"https:\\\/\\\/www.libriparlanti.org\\\/index.php\\\/2019\\\/11\\\/scrittori-allora-del-te-ven-8-ore-17-00\\\/#breadcrumb\",\"itemListElement\":[{\"@type\":\"ListItem\",\"position\":1,\"name\":\"Home\",\"item\":\"https:\\\/\\\/www.libriparlanti.org\\\/\"},{\"@type\":\"ListItem\",\"position\":2,\"name\":\"Scrittori all&#8217;ora del t\u00e9 \\\/ ven 8 ore 17.00\"}]},{\"@type\":\"WebSite\",\"@id\":\"https:\\\/\\\/www.libriparlanti.org\\\/#website\",\"url\":\"https:\\\/\\\/www.libriparlanti.org\\\/\",\"name\":\"Libreria Libri parlanti\",\"description\":\"Libreria in Castiglione del Lago (Pg)\",\"potentialAction\":[{\"@type\":\"SearchAction\",\"target\":{\"@type\":\"EntryPoint\",\"urlTemplate\":\"https:\\\/\\\/www.libriparlanti.org\\\/?s={search_term_string}\"},\"query-input\":{\"@type\":\"PropertyValueSpecification\",\"valueRequired\":true,\"valueName\":\"search_term_string\"}}],\"inLanguage\":\"it-IT\"},{\"@type\":\"Person\",\"@id\":\"https:\\\/\\\/www.libriparlanti.org\\\/#\\\/schema\\\/person\\\/a2101732f0cc0144f0a4d0ecc313655a\",\"name\":\"admin\",\"image\":{\"@type\":\"ImageObject\",\"inLanguage\":\"it-IT\",\"@id\":\"https:\\\/\\\/secure.gravatar.com\\\/avatar\\\/f06887496a5753f3caca573646570e603d16e07cbd1553492c2c65009e6014ca?s=96&d=mm&r=g\",\"url\":\"https:\\\/\\\/secure.gravatar.com\\\/avatar\\\/f06887496a5753f3caca573646570e603d16e07cbd1553492c2c65009e6014ca?s=96&d=mm&r=g\",\"contentUrl\":\"https:\\\/\\\/secure.gravatar.com\\\/avatar\\\/f06887496a5753f3caca573646570e603d16e07cbd1553492c2c65009e6014ca?s=96&d=mm&r=g\",\"caption\":\"admin\"},\"sameAs\":[\"http:\\\/\\\/www.libriparlanti.org\"],\"url\":\"https:\\\/\\\/www.libriparlanti.org\\\/index.php\\\/author\\\/admin\\\/\"}]}<\/script>\n<!-- \/ Yoast SEO plugin. -->","yoast_head_json":{"title":"Scrittori all'ora del t\u00e9 \/ ven 8 ore 17.00 - Libreria Libri parlanti","robots":{"index":"index","follow":"follow","max-snippet":"max-snippet:-1","max-image-preview":"max-image-preview:large","max-video-preview":"max-video-preview:-1"},"canonical":"https:\/\/www.libriparlanti.org\/index.php\/2019\/11\/scrittori-allora-del-te-ven-8-ore-17-00\/","og_locale":"it_IT","og_type":"article","og_title":"Scrittori all'ora del t\u00e9 \/ ven 8 ore 17.00 - Libreria Libri parlanti","og_description":"Venerdi 8 novembre alle ore 17.00 Fausto Moroni presenta AFRICA INSOLITA Racconti di viaggio nel difficile continente Ed. Futura Spazi immensi, natura primordiale, tanti popoli, trib\u00f9 e antiche tradizioni, luoghi culla dell&#8217;umanit\u00e0, questo \u00e8 l&#8217;Africa. Basterebbero tali elementi ad attrarre e far amare questo immenso continente.\u00a0Per\u00f2 \u00e8 anche una terra per molti aspetti repulsiva, fatta [&hellip;]","og_url":"https:\/\/www.libriparlanti.org\/index.php\/2019\/11\/scrittori-allora-del-te-ven-8-ore-17-00\/","og_site_name":"Libreria Libri parlanti","article_publisher":"https:\/\/www.facebook.com\/LibriParlanti","article_published_time":"2019-11-08T17:00:00+00:00","article_modified_time":"2019-11-12T09:31:02+00:00","og_image":[{"width":363,"height":363,"url":"https:\/\/www.libriparlanti.org\/wp-content\/uploads\/2019\/11\/download-31-e1572862179998.jpg","type":"image\/jpeg"}],"author":"admin","twitter_card":"summary_large_image","twitter_misc":{"Scritto da":"admin","Tempo di lettura stimato":"1 minuto"},"schema":{"@context":"https:\/\/schema.org","@graph":[{"@type":"Article","@id":"https:\/\/www.libriparlanti.org\/index.php\/2019\/11\/scrittori-allora-del-te-ven-8-ore-17-00\/#article","isPartOf":{"@id":"https:\/\/www.libriparlanti.org\/index.php\/2019\/11\/scrittori-allora-del-te-ven-8-ore-17-00\/"},"author":{"name":"admin","@id":"https:\/\/www.libriparlanti.org\/#\/schema\/person\/a2101732f0cc0144f0a4d0ecc313655a"},"headline":"Scrittori all&#8217;ora del t\u00e9 \/ ven 8 ore 17.00","datePublished":"2019-11-08T17:00:00+00:00","dateModified":"2019-11-12T09:31:02+00:00","mainEntityOfPage":{"@id":"https:\/\/www.libriparlanti.org\/index.php\/2019\/11\/scrittori-allora-del-te-ven-8-ore-17-00\/"},"wordCount":136,"commentCount":0,"image":{"@id":"https:\/\/www.libriparlanti.org\/index.php\/2019\/11\/scrittori-allora-del-te-ven-8-ore-17-00\/#primaryimage"},"thumbnailUrl":"http:\/\/www.libriparlanti.org\/wp-content\/uploads\/2019\/11\/download-31-e1572862179998-300x300.jpg","keywords":["africa insolita","fausto moroni","viaggi in africa"],"articleSection":["eventi"],"inLanguage":"it-IT","potentialAction":[{"@type":"CommentAction","name":"Comment","target":["https:\/\/www.libriparlanti.org\/index.php\/2019\/11\/scrittori-allora-del-te-ven-8-ore-17-00\/#respond"]}]},{"@type":"WebPage","@id":"https:\/\/www.libriparlanti.org\/index.php\/2019\/11\/scrittori-allora-del-te-ven-8-ore-17-00\/","url":"https:\/\/www.libriparlanti.org\/index.php\/2019\/11\/scrittori-allora-del-te-ven-8-ore-17-00\/","name":"Scrittori all'ora del t\u00e9 \/ ven 8 ore 17.00 - Libreria Libri parlanti","isPartOf":{"@id":"https:\/\/www.libriparlanti.org\/#website"},"primaryImageOfPage":{"@id":"https:\/\/www.libriparlanti.org\/index.php\/2019\/11\/scrittori-allora-del-te-ven-8-ore-17-00\/#primaryimage"},"image":{"@id":"https:\/\/www.libriparlanti.org\/index.php\/2019\/11\/scrittori-allora-del-te-ven-8-ore-17-00\/#primaryimage"},"thumbnailUrl":"http:\/\/www.libriparlanti.org\/wp-content\/uploads\/2019\/11\/download-31-e1572862179998-300x300.jpg","datePublished":"2019-11-08T17:00:00+00:00","dateModified":"2019-11-12T09:31:02+00:00","author":{"@id":"https:\/\/www.libriparlanti.org\/#\/schema\/person\/a2101732f0cc0144f0a4d0ecc313655a"},"breadcrumb":{"@id":"https:\/\/www.libriparlanti.org\/index.php\/2019\/11\/scrittori-allora-del-te-ven-8-ore-17-00\/#breadcrumb"},"inLanguage":"it-IT","potentialAction":[{"@type":"ReadAction","target":["https:\/\/www.libriparlanti.org\/index.php\/2019\/11\/scrittori-allora-del-te-ven-8-ore-17-00\/"]}]},{"@type":"ImageObject","inLanguage":"it-IT","@id":"https:\/\/www.libriparlanti.org\/index.php\/2019\/11\/scrittori-allora-del-te-ven-8-ore-17-00\/#primaryimage","url":"https:\/\/www.libriparlanti.org\/wp-content\/uploads\/2019\/11\/download-31-e1572862179998.jpg","contentUrl":"https:\/\/www.libriparlanti.org\/wp-content\/uploads\/2019\/11\/download-31-e1572862179998.jpg","width":363,"height":363},{"@type":"BreadcrumbList","@id":"https:\/\/www.libriparlanti.org\/index.php\/2019\/11\/scrittori-allora-del-te-ven-8-ore-17-00\/#breadcrumb","itemListElement":[{"@type":"ListItem","position":1,"name":"Home","item":"https:\/\/www.libriparlanti.org\/"},{"@type":"ListItem","position":2,"name":"Scrittori all&#8217;ora del t\u00e9 \/ ven 8 ore 17.00"}]},{"@type":"WebSite","@id":"https:\/\/www.libriparlanti.org\/#website","url":"https:\/\/www.libriparlanti.org\/","name":"Libreria Libri parlanti","description":"Libreria in Castiglione del Lago (Pg)","potentialAction":[{"@type":"SearchAction","target":{"@type":"EntryPoint","urlTemplate":"https:\/\/www.libriparlanti.org\/?s={search_term_string}"},"query-input":{"@type":"PropertyValueSpecification","valueRequired":true,"valueName":"search_term_string"}}],"inLanguage":"it-IT"},{"@type":"Person","@id":"https:\/\/www.libriparlanti.org\/#\/schema\/person\/a2101732f0cc0144f0a4d0ecc313655a","name":"admin","image":{"@type":"ImageObject","inLanguage":"it-IT","@id":"https:\/\/secure.gravatar.com\/avatar\/f06887496a5753f3caca573646570e603d16e07cbd1553492c2c65009e6014ca?s=96&d=mm&r=g","url":"https:\/\/secure.gravatar.com\/avatar\/f06887496a5753f3caca573646570e603d16e07cbd1553492c2c65009e6014ca?s=96&d=mm&r=g","contentUrl":"https:\/\/secure.gravatar.com\/avatar\/f06887496a5753f3caca573646570e603d16e07cbd1553492c2c65009e6014ca?s=96&d=mm&r=g","caption":"admin"},"sameAs":["http:\/\/www.libriparlanti.org"],"url":"https:\/\/www.libriparlanti.org\/index.php\/author\/admin\/"}]}},"_links":{"self":[{"href":"https:\/\/www.libriparlanti.org\/index.php\/wp-json\/wp\/v2\/posts\/7286","targetHints":{"allow":["GET"]}}],"collection":[{"href":"https:\/\/www.libriparlanti.org\/index.php\/wp-json\/wp\/v2\/posts"}],"about":[{"href":"https:\/\/www.libriparlanti.org\/index.php\/wp-json\/wp\/v2\/types\/post"}],"author":[{"embeddable":true,"href":"https:\/\/www.libriparlanti.org\/index.php\/wp-json\/wp\/v2\/users\/1"}],"replies":[{"embeddable":true,"href":"https:\/\/www.libriparlanti.org\/index.php\/wp-json\/wp\/v2\/comments?post=7286"}],"version-history":[{"count":4,"href":"https:\/\/www.libriparlanti.org\/index.php\/wp-json\/wp\/v2\/posts\/7286\/revisions"}],"predecessor-version":[{"id":7296,"href":"https:\/\/www.libriparlanti.org\/index.php\/wp-json\/wp\/v2\/posts\/7286\/revisions\/7296"}],"wp:attachment":[{"href":"https:\/\/www.libriparlanti.org\/index.php\/wp-json\/wp\/v2\/media?parent=7286"}],"wp:term":[{"taxonomy":"category","embeddable":true,"href":"https:\/\/www.libriparlanti.org\/index.php\/wp-json\/wp\/v2\/categories?post=7286"},{"taxonomy":"post_tag","embeddable":true,"href":"https:\/\/www.libriparlanti.org\/index.php\/wp-json\/wp\/v2\/tags?post=7286"}],"curies":[{"name":"wp","href":"https:\/\/api.w.org\/{rel}","templated":true}]}}