{"id":6883,"date":"2019-02-16T08:15:08","date_gmt":"2019-02-16T08:15:08","guid":{"rendered":"http:\/\/www.libriparlanti.org\/?p=6883"},"modified":"2019-02-19T07:48:18","modified_gmt":"2019-02-19T07:48:18","slug":"convegno-una-scuola-di-qualita-sab-16-ore-8-15-13-30","status":"publish","type":"post","link":"https:\/\/www.libriparlanti.org\/index.php\/2019\/02\/convegno-una-scuola-di-qualita-sab-16-ore-8-15-13-30\/","title":{"rendered":"Convegno: Una scuola di qualit\u00e0 \/sab 16 ore 8.15 &#8211; 13.30"},"content":{"rendered":"<p><a href=\"http:\/\/www.libriparlanti.org\/wp-content\/uploads\/2019\/02\/IMG-20190125-WA0000.jpg\"><img loading=\"lazy\" decoding=\"async\" class=\"alignnone size-thumbnail wp-image-6894\" title=\"IMG-20190125-WA0000\" src=\"http:\/\/www.libriparlanti.org\/wp-content\/uploads\/2019\/02\/IMG-20190125-WA0000-e1548425766827-150x150.jpg\" alt=\"\" width=\"150\" height=\"150\" srcset=\"https:\/\/www.libriparlanti.org\/wp-content\/uploads\/2019\/02\/IMG-20190125-WA0000-e1548425766827-150x150.jpg 150w, https:\/\/www.libriparlanti.org\/wp-content\/uploads\/2019\/02\/IMG-20190125-WA0000-e1548425766827-300x300.jpg 300w, https:\/\/www.libriparlanti.org\/wp-content\/uploads\/2019\/02\/IMG-20190125-WA0000-e1548425766827-100x100.jpg 100w, https:\/\/www.libriparlanti.org\/wp-content\/uploads\/2019\/02\/IMG-20190125-WA0000-e1548425766827-600x600.jpg 600w, https:\/\/www.libriparlanti.org\/wp-content\/uploads\/2019\/02\/IMG-20190125-WA0000-e1548425766827.jpg 716w\" sizes=\"(max-width: 150px) 100vw, 150px\" \/><\/a>Sabato 16 febbraio, 2019 ore 8.15 -13.30 presso la\u00a0Direzione Didattica Statale F.Rasetti una\u00a0Giornata di Formazione :<\/p>\n<h2><em><strong>\u201cUna scuola di qualit\u00e0\u201d Metodologie e strategie di intervento\u00a0 \u00a0 \u00a0 \u00a0 \u00a0 \u00a0 \u00a0 \u00a0 \u00a0 \u00a0 \u00a0 \u00a0 \u00a0 \u00a0 \u00a0 \u00a0 \u00a0 <\/strong><\/em><\/h2>\n<h2><em><strong>\u00a0 \u00a0 \u00a0 \u00a0 \u00a0 \u00a0 \u00a0 \u00a0 \u00a0 \u00a0 \u00a0 \u00a0 \u00a0 \u00a0 didattico-educative in ottica inclusiva<\/strong><\/em><\/h2>\n<p>L\u2019attuale normativa traccia un punto di svolta aprendo un diverso canale di cura educativa, concretizzando i principi di personalizzazione dei percorsi di studio enunciati nella legge 53\/2003, nella prospettiva della \u201cpresa in carico\u201d dell\u2019alunno da parte di ciascun docente curricolare e di tutto il team di docenti coinvolto, attraverso l\u2019 attivazione di competenze organizzative, comunicative e metodologico- didattiche richieste per la realizzazione di una didattica inclusiva.<\/p>\n<p><strong>OBIETTIVI DELL\u2019INCONTRO<\/strong><br \/>\nPromuovere una didattica inclusiva per permettere ad ognuno di realizzare il meglio delle proprie potenzialit\u00e0 e di stare bene a scuola.<br \/>\nAcquisire modalit\u00e0 e tecniche di intervento didattico per l\u2019attivazione di strategie compensative e l\u2019adozione di misure dispensative per promuovere l\u2019inclusione anche degli alunni con BES\/DSA.<br \/>\nFavorire lo sviluppo di competenze organizzativo-relazionali per la gestione del gruppo classe in particolare su aspetti emotive e comportamentali.<\/p>\n<p><strong>PROGRAMMA<\/strong><br \/>\n08.15 &#8211; Registrazione dei partecipanti<br \/>\n08.45- Saluti Istituzionali e Introduzione ai lavori<br \/>\n09.00- Inizio lavori<br \/>\n09.15 &#8211; Metodologie e strategie di intervento didattico-educative in ottica inclusiva rivolte a docenti di scuola dell\u2019infanzia, primaria e secondaria di primo grado.<br \/>\n<strong>Dott.ssa Luciana Ventriglia<\/strong><br \/>\n10.45.- Dibattito<br \/>\n11.15 &#8211; Pausa<br \/>\n11.30 &#8211; \u201cLa classe come squadra, vincere senza gareggiare\u201d<br \/>\nDinamiche di classe e fattori protettivi in un\u2019ottica sistemica<br \/>\n<strong>Dott. Mauro Luciani<\/strong><br \/>\n13.00 Dibattito<br \/>\n13.30 Chiusura dei lavori<\/p>\n<p>Relatori:<br \/>\n<strong>Dott.ssa Luciana Ventriglia<\/strong><br \/>\ndocente specializzata in pedagogia clinica , perfezionamento sul lavoro clinico nelle difficolt\u00e0 di apprendimento. Autrice di articoli e testi sulle difficolt\u00e0 di apprendimento e sui bisogni educativi speciali .<\/p>\n<p><strong>Dottor Mauro Luciani<\/strong><br \/>\nPsicologo psicoterapeuta. Oltre alla attivit\u00e0 di libera professione, lavora da anni come psicologo scolastico sull&#8217;alfabetizzazione emotiva, sul bullismo, sulle dinamiche di gruppo nelle classi, sull&#8217;alleanza scuola-famiglia, sulle fobie scolastiche e sull&#8217;interculturalit\u00e0. Collabora con l&#8217;Universit\u00e0 di Perugia alla cattedra di psicologia generale ed \u00e8 stato docente a contratto di Psicologia generale e sociale.<br \/>\n<strong>SEDE CONVEGNO<\/strong><br \/>\nDirezione Didattica Statale f. Rasetti<br \/>\nVia Giosue Carducci, 25<br \/>\nCastiglione del Lago \u2013 Perugia<br \/>\nmail pgee021002@istruzione.it<\/p>\n<p><strong>ISCRIZIONE AL CONVEGNO<\/strong><br \/>\nIl costo \u00e8 di \u20ac 30.00.<br \/>\nE\u2019 possibile iscriversi tramite PORTALE SOFIA con identificativo 24955 o modulo Google predisposto. https:\/\/goo.gl\/forms\/ZkIZ5Svyh0Lyx5aI2<br \/>\nCARTA DEL DOCENTE su piattaforma SOFIA con identificativo 24955.<br \/>\nBONIFICO BANCARIO coordinate bancarie IT 21 K 0103038350 000000850145<br \/>\nIl convegno \u00e8 rivolto a docenti di scuola del\u2019infanzia, primaria e secondaria e a tutti coloro che sono interessati al tema.<\/p>\n<p><strong>ATTESTATO DI PARTECIPAZIONE<\/strong><br \/>\nA tutti i partecipanti verr\u00e0 rilasciato un Attestato di Partecipazione<\/p>\n<p><strong>SEGRETERIA ORGANIZZATIVA<\/strong><br \/>\nCentro FARE<br \/>\nContatti formazione@centrofare.it tel 07544317 cell 3319872791<\/p>\n<p><strong>IL CONVEGNO \u00c8 PROMOSSO DA<\/strong>:<br \/>\nDirezione Didattica Statale f. Rasetti<\/p>\n<p><strong>IN COLLABORAZIONE CON:<\/strong><br \/>\nCentro FARE<br \/>\nCentro Specialistico per la Dislessia, le Difficolt\u00e0 di Apprendimento e di Linguaggio.<br \/>\nAccreditato Regione Umbria SSN &#8220;www.centrofare.it \u2013 formazione@centrofare.it 07544317<\/p>\n","protected":false},"excerpt":{"rendered":"<p>Sabato 16 febbraio, 2019 ore 8.15 -13.30 presso la\u00a0Direzione Didattica Statale F.Rasetti una\u00a0Giornata di Formazione : \u201cUna scuola di qualit\u00e0\u201d Metodologie e strategie di intervento\u00a0 \u00a0 \u00a0 \u00a0 \u00a0 \u00a0 \u00a0 \u00a0 \u00a0 \u00a0 \u00a0 \u00a0 \u00a0 \u00a0 \u00a0 \u00a0 \u00a0 \u00a0 \u00a0 \u00a0 \u00a0 \u00a0 \u00a0 \u00a0 \u00a0 \u00a0 \u00a0 \u00a0 \u00a0 \u00a0 \u00a0 [&hellip;]<\/p>\n","protected":false},"author":1,"featured_media":6896,"comment_status":"open","ping_status":"open","sticky":false,"template":"","format":"standard","meta":{"_et_pb_use_builder":"","_et_pb_old_content":"","_et_gb_content_width":"","_joinchat":[],"footnotes":""},"categories":[3],"tags":[],"class_list":["post-6883","post","type-post","status-publish","format-standard","has-post-thumbnail","hentry","category-eventi"],"yoast_head":"<!-- This site is optimized with the Yoast SEO plugin v27.5 - https:\/\/yoast.com\/product\/yoast-seo-wordpress\/ -->\n<title>Convegno: Una scuola di qualit\u00e0 \/sab 16 ore 8.15 - 13.30 - Libreria Libri parlanti<\/title>\n<meta name=\"robots\" content=\"index, follow, max-snippet:-1, max-image-preview:large, max-video-preview:-1\" \/>\n<link rel=\"canonical\" href=\"https:\/\/www.libriparlanti.org\/index.php\/2019\/02\/convegno-una-scuola-di-qualita-sab-16-ore-8-15-13-30\/\" \/>\n<meta property=\"og:locale\" content=\"it_IT\" \/>\n<meta property=\"og:type\" content=\"article\" \/>\n<meta property=\"og:title\" content=\"Convegno: Una scuola di qualit\u00e0 \/sab 16 ore 8.15 - 13.30 - Libreria Libri parlanti\" \/>\n<meta property=\"og:description\" content=\"Sabato 16 febbraio, 2019 ore 8.15 -13.30 presso la\u00a0Direzione Didattica Statale F.Rasetti una\u00a0Giornata di Formazione : \u201cUna scuola di qualit\u00e0\u201d Metodologie e strategie di intervento\u00a0 \u00a0 \u00a0 \u00a0 \u00a0 \u00a0 \u00a0 \u00a0 \u00a0 \u00a0 \u00a0 \u00a0 \u00a0 \u00a0 \u00a0 \u00a0 \u00a0 \u00a0 \u00a0 \u00a0 \u00a0 \u00a0 \u00a0 \u00a0 \u00a0 \u00a0 \u00a0 \u00a0 \u00a0 \u00a0 \u00a0 [&hellip;]\" \/>\n<meta property=\"og:url\" content=\"https:\/\/www.libriparlanti.org\/index.php\/2019\/02\/convegno-una-scuola-di-qualita-sab-16-ore-8-15-13-30\/\" \/>\n<meta property=\"og:site_name\" content=\"Libreria Libri parlanti\" \/>\n<meta property=\"article:publisher\" content=\"https:\/\/www.facebook.com\/LibriParlanti\" \/>\n<meta property=\"article:published_time\" content=\"2019-02-16T08:15:08+00:00\" \/>\n<meta property=\"article:modified_time\" content=\"2019-02-19T07:48:18+00:00\" \/>\n<meta property=\"og:image\" content=\"https:\/\/www.libriparlanti.org\/wp-content\/uploads\/2019\/02\/IMG-20190125-WA00001-e1548425826146.jpg\" \/>\n\t<meta property=\"og:image:width\" content=\"673\" \/>\n\t<meta property=\"og:image:height\" content=\"673\" \/>\n\t<meta property=\"og:image:type\" content=\"image\/jpeg\" \/>\n<meta name=\"author\" content=\"admin\" \/>\n<meta name=\"twitter:card\" content=\"summary_large_image\" \/>\n<meta name=\"twitter:label1\" content=\"Scritto da\" \/>\n\t<meta name=\"twitter:data1\" content=\"admin\" \/>\n\t<meta name=\"twitter:label2\" content=\"Tempo di lettura stimato\" \/>\n\t<meta name=\"twitter:data2\" content=\"2 minuti\" \/>\n<script type=\"application\/ld+json\" class=\"yoast-schema-graph\">{\"@context\":\"https:\\\/\\\/schema.org\",\"@graph\":[{\"@type\":\"Article\",\"@id\":\"https:\\\/\\\/www.libriparlanti.org\\\/index.php\\\/2019\\\/02\\\/convegno-una-scuola-di-qualita-sab-16-ore-8-15-13-30\\\/#article\",\"isPartOf\":{\"@id\":\"https:\\\/\\\/www.libriparlanti.org\\\/index.php\\\/2019\\\/02\\\/convegno-una-scuola-di-qualita-sab-16-ore-8-15-13-30\\\/\"},\"author\":{\"name\":\"admin\",\"@id\":\"https:\\\/\\\/www.libriparlanti.org\\\/#\\\/schema\\\/person\\\/a2101732f0cc0144f0a4d0ecc313655a\"},\"headline\":\"Convegno: Una scuola di qualit\u00e0 \\\/sab 16 ore 8.15 &#8211; 13.30\",\"datePublished\":\"2019-02-16T08:15:08+00:00\",\"dateModified\":\"2019-02-19T07:48:18+00:00\",\"mainEntityOfPage\":{\"@id\":\"https:\\\/\\\/www.libriparlanti.org\\\/index.php\\\/2019\\\/02\\\/convegno-una-scuola-di-qualita-sab-16-ore-8-15-13-30\\\/\"},\"wordCount\":470,\"commentCount\":0,\"image\":{\"@id\":\"https:\\\/\\\/www.libriparlanti.org\\\/index.php\\\/2019\\\/02\\\/convegno-una-scuola-di-qualita-sab-16-ore-8-15-13-30\\\/#primaryimage\"},\"thumbnailUrl\":\"https:\\\/\\\/www.libriparlanti.org\\\/wp-content\\\/uploads\\\/2019\\\/02\\\/IMG-20190125-WA00001-e1548425826146.jpg\",\"articleSection\":[\"eventi\"],\"inLanguage\":\"it-IT\",\"potentialAction\":[{\"@type\":\"CommentAction\",\"name\":\"Comment\",\"target\":[\"https:\\\/\\\/www.libriparlanti.org\\\/index.php\\\/2019\\\/02\\\/convegno-una-scuola-di-qualita-sab-16-ore-8-15-13-30\\\/#respond\"]}]},{\"@type\":\"WebPage\",\"@id\":\"https:\\\/\\\/www.libriparlanti.org\\\/index.php\\\/2019\\\/02\\\/convegno-una-scuola-di-qualita-sab-16-ore-8-15-13-30\\\/\",\"url\":\"https:\\\/\\\/www.libriparlanti.org\\\/index.php\\\/2019\\\/02\\\/convegno-una-scuola-di-qualita-sab-16-ore-8-15-13-30\\\/\",\"name\":\"Convegno: Una scuola di qualit\u00e0 \\\/sab 16 ore 8.15 - 13.30 - Libreria Libri parlanti\",\"isPartOf\":{\"@id\":\"https:\\\/\\\/www.libriparlanti.org\\\/#website\"},\"primaryImageOfPage\":{\"@id\":\"https:\\\/\\\/www.libriparlanti.org\\\/index.php\\\/2019\\\/02\\\/convegno-una-scuola-di-qualita-sab-16-ore-8-15-13-30\\\/#primaryimage\"},\"image\":{\"@id\":\"https:\\\/\\\/www.libriparlanti.org\\\/index.php\\\/2019\\\/02\\\/convegno-una-scuola-di-qualita-sab-16-ore-8-15-13-30\\\/#primaryimage\"},\"thumbnailUrl\":\"https:\\\/\\\/www.libriparlanti.org\\\/wp-content\\\/uploads\\\/2019\\\/02\\\/IMG-20190125-WA00001-e1548425826146.jpg\",\"datePublished\":\"2019-02-16T08:15:08+00:00\",\"dateModified\":\"2019-02-19T07:48:18+00:00\",\"author\":{\"@id\":\"https:\\\/\\\/www.libriparlanti.org\\\/#\\\/schema\\\/person\\\/a2101732f0cc0144f0a4d0ecc313655a\"},\"breadcrumb\":{\"@id\":\"https:\\\/\\\/www.libriparlanti.org\\\/index.php\\\/2019\\\/02\\\/convegno-una-scuola-di-qualita-sab-16-ore-8-15-13-30\\\/#breadcrumb\"},\"inLanguage\":\"it-IT\",\"potentialAction\":[{\"@type\":\"ReadAction\",\"target\":[\"https:\\\/\\\/www.libriparlanti.org\\\/index.php\\\/2019\\\/02\\\/convegno-una-scuola-di-qualita-sab-16-ore-8-15-13-30\\\/\"]}]},{\"@type\":\"ImageObject\",\"inLanguage\":\"it-IT\",\"@id\":\"https:\\\/\\\/www.libriparlanti.org\\\/index.php\\\/2019\\\/02\\\/convegno-una-scuola-di-qualita-sab-16-ore-8-15-13-30\\\/#primaryimage\",\"url\":\"https:\\\/\\\/www.libriparlanti.org\\\/wp-content\\\/uploads\\\/2019\\\/02\\\/IMG-20190125-WA00001-e1548425826146.jpg\",\"contentUrl\":\"https:\\\/\\\/www.libriparlanti.org\\\/wp-content\\\/uploads\\\/2019\\\/02\\\/IMG-20190125-WA00001-e1548425826146.jpg\",\"width\":673,\"height\":673},{\"@type\":\"BreadcrumbList\",\"@id\":\"https:\\\/\\\/www.libriparlanti.org\\\/index.php\\\/2019\\\/02\\\/convegno-una-scuola-di-qualita-sab-16-ore-8-15-13-30\\\/#breadcrumb\",\"itemListElement\":[{\"@type\":\"ListItem\",\"position\":1,\"name\":\"Home\",\"item\":\"https:\\\/\\\/www.libriparlanti.org\\\/\"},{\"@type\":\"ListItem\",\"position\":2,\"name\":\"Convegno: Una scuola di qualit\u00e0 \\\/sab 16 ore 8.15 &#8211; 13.30\"}]},{\"@type\":\"WebSite\",\"@id\":\"https:\\\/\\\/www.libriparlanti.org\\\/#website\",\"url\":\"https:\\\/\\\/www.libriparlanti.org\\\/\",\"name\":\"Libreria Libri parlanti\",\"description\":\"Libreria in Castiglione del Lago (Pg)\",\"potentialAction\":[{\"@type\":\"SearchAction\",\"target\":{\"@type\":\"EntryPoint\",\"urlTemplate\":\"https:\\\/\\\/www.libriparlanti.org\\\/?s={search_term_string}\"},\"query-input\":{\"@type\":\"PropertyValueSpecification\",\"valueRequired\":true,\"valueName\":\"search_term_string\"}}],\"inLanguage\":\"it-IT\"},{\"@type\":\"Person\",\"@id\":\"https:\\\/\\\/www.libriparlanti.org\\\/#\\\/schema\\\/person\\\/a2101732f0cc0144f0a4d0ecc313655a\",\"name\":\"admin\",\"image\":{\"@type\":\"ImageObject\",\"inLanguage\":\"it-IT\",\"@id\":\"https:\\\/\\\/secure.gravatar.com\\\/avatar\\\/f06887496a5753f3caca573646570e603d16e07cbd1553492c2c65009e6014ca?s=96&d=mm&r=g\",\"url\":\"https:\\\/\\\/secure.gravatar.com\\\/avatar\\\/f06887496a5753f3caca573646570e603d16e07cbd1553492c2c65009e6014ca?s=96&d=mm&r=g\",\"contentUrl\":\"https:\\\/\\\/secure.gravatar.com\\\/avatar\\\/f06887496a5753f3caca573646570e603d16e07cbd1553492c2c65009e6014ca?s=96&d=mm&r=g\",\"caption\":\"admin\"},\"sameAs\":[\"http:\\\/\\\/www.libriparlanti.org\"],\"url\":\"https:\\\/\\\/www.libriparlanti.org\\\/index.php\\\/author\\\/admin\\\/\"}]}<\/script>\n<!-- \/ Yoast SEO plugin. -->","yoast_head_json":{"title":"Convegno: Una scuola di qualit\u00e0 \/sab 16 ore 8.15 - 13.30 - Libreria Libri parlanti","robots":{"index":"index","follow":"follow","max-snippet":"max-snippet:-1","max-image-preview":"max-image-preview:large","max-video-preview":"max-video-preview:-1"},"canonical":"https:\/\/www.libriparlanti.org\/index.php\/2019\/02\/convegno-una-scuola-di-qualita-sab-16-ore-8-15-13-30\/","og_locale":"it_IT","og_type":"article","og_title":"Convegno: Una scuola di qualit\u00e0 \/sab 16 ore 8.15 - 13.30 - Libreria Libri parlanti","og_description":"Sabato 16 febbraio, 2019 ore 8.15 -13.30 presso la\u00a0Direzione Didattica Statale F.Rasetti una\u00a0Giornata di Formazione : \u201cUna scuola di qualit\u00e0\u201d Metodologie e strategie di intervento\u00a0 \u00a0 \u00a0 \u00a0 \u00a0 \u00a0 \u00a0 \u00a0 \u00a0 \u00a0 \u00a0 \u00a0 \u00a0 \u00a0 \u00a0 \u00a0 \u00a0 \u00a0 \u00a0 \u00a0 \u00a0 \u00a0 \u00a0 \u00a0 \u00a0 \u00a0 \u00a0 \u00a0 \u00a0 \u00a0 \u00a0 [&hellip;]","og_url":"https:\/\/www.libriparlanti.org\/index.php\/2019\/02\/convegno-una-scuola-di-qualita-sab-16-ore-8-15-13-30\/","og_site_name":"Libreria Libri parlanti","article_publisher":"https:\/\/www.facebook.com\/LibriParlanti","article_published_time":"2019-02-16T08:15:08+00:00","article_modified_time":"2019-02-19T07:48:18+00:00","og_image":[{"width":673,"height":673,"url":"https:\/\/www.libriparlanti.org\/wp-content\/uploads\/2019\/02\/IMG-20190125-WA00001-e1548425826146.jpg","type":"image\/jpeg"}],"author":"admin","twitter_card":"summary_large_image","twitter_misc":{"Scritto da":"admin","Tempo di lettura stimato":"2 minuti"},"schema":{"@context":"https:\/\/schema.org","@graph":[{"@type":"Article","@id":"https:\/\/www.libriparlanti.org\/index.php\/2019\/02\/convegno-una-scuola-di-qualita-sab-16-ore-8-15-13-30\/#article","isPartOf":{"@id":"https:\/\/www.libriparlanti.org\/index.php\/2019\/02\/convegno-una-scuola-di-qualita-sab-16-ore-8-15-13-30\/"},"author":{"name":"admin","@id":"https:\/\/www.libriparlanti.org\/#\/schema\/person\/a2101732f0cc0144f0a4d0ecc313655a"},"headline":"Convegno: Una scuola di qualit\u00e0 \/sab 16 ore 8.15 &#8211; 13.30","datePublished":"2019-02-16T08:15:08+00:00","dateModified":"2019-02-19T07:48:18+00:00","mainEntityOfPage":{"@id":"https:\/\/www.libriparlanti.org\/index.php\/2019\/02\/convegno-una-scuola-di-qualita-sab-16-ore-8-15-13-30\/"},"wordCount":470,"commentCount":0,"image":{"@id":"https:\/\/www.libriparlanti.org\/index.php\/2019\/02\/convegno-una-scuola-di-qualita-sab-16-ore-8-15-13-30\/#primaryimage"},"thumbnailUrl":"https:\/\/www.libriparlanti.org\/wp-content\/uploads\/2019\/02\/IMG-20190125-WA00001-e1548425826146.jpg","articleSection":["eventi"],"inLanguage":"it-IT","potentialAction":[{"@type":"CommentAction","name":"Comment","target":["https:\/\/www.libriparlanti.org\/index.php\/2019\/02\/convegno-una-scuola-di-qualita-sab-16-ore-8-15-13-30\/#respond"]}]},{"@type":"WebPage","@id":"https:\/\/www.libriparlanti.org\/index.php\/2019\/02\/convegno-una-scuola-di-qualita-sab-16-ore-8-15-13-30\/","url":"https:\/\/www.libriparlanti.org\/index.php\/2019\/02\/convegno-una-scuola-di-qualita-sab-16-ore-8-15-13-30\/","name":"Convegno: Una scuola di qualit\u00e0 \/sab 16 ore 8.15 - 13.30 - Libreria Libri parlanti","isPartOf":{"@id":"https:\/\/www.libriparlanti.org\/#website"},"primaryImageOfPage":{"@id":"https:\/\/www.libriparlanti.org\/index.php\/2019\/02\/convegno-una-scuola-di-qualita-sab-16-ore-8-15-13-30\/#primaryimage"},"image":{"@id":"https:\/\/www.libriparlanti.org\/index.php\/2019\/02\/convegno-una-scuola-di-qualita-sab-16-ore-8-15-13-30\/#primaryimage"},"thumbnailUrl":"https:\/\/www.libriparlanti.org\/wp-content\/uploads\/2019\/02\/IMG-20190125-WA00001-e1548425826146.jpg","datePublished":"2019-02-16T08:15:08+00:00","dateModified":"2019-02-19T07:48:18+00:00","author":{"@id":"https:\/\/www.libriparlanti.org\/#\/schema\/person\/a2101732f0cc0144f0a4d0ecc313655a"},"breadcrumb":{"@id":"https:\/\/www.libriparlanti.org\/index.php\/2019\/02\/convegno-una-scuola-di-qualita-sab-16-ore-8-15-13-30\/#breadcrumb"},"inLanguage":"it-IT","potentialAction":[{"@type":"ReadAction","target":["https:\/\/www.libriparlanti.org\/index.php\/2019\/02\/convegno-una-scuola-di-qualita-sab-16-ore-8-15-13-30\/"]}]},{"@type":"ImageObject","inLanguage":"it-IT","@id":"https:\/\/www.libriparlanti.org\/index.php\/2019\/02\/convegno-una-scuola-di-qualita-sab-16-ore-8-15-13-30\/#primaryimage","url":"https:\/\/www.libriparlanti.org\/wp-content\/uploads\/2019\/02\/IMG-20190125-WA00001-e1548425826146.jpg","contentUrl":"https:\/\/www.libriparlanti.org\/wp-content\/uploads\/2019\/02\/IMG-20190125-WA00001-e1548425826146.jpg","width":673,"height":673},{"@type":"BreadcrumbList","@id":"https:\/\/www.libriparlanti.org\/index.php\/2019\/02\/convegno-una-scuola-di-qualita-sab-16-ore-8-15-13-30\/#breadcrumb","itemListElement":[{"@type":"ListItem","position":1,"name":"Home","item":"https:\/\/www.libriparlanti.org\/"},{"@type":"ListItem","position":2,"name":"Convegno: Una scuola di qualit\u00e0 \/sab 16 ore 8.15 &#8211; 13.30"}]},{"@type":"WebSite","@id":"https:\/\/www.libriparlanti.org\/#website","url":"https:\/\/www.libriparlanti.org\/","name":"Libreria Libri parlanti","description":"Libreria in Castiglione del Lago (Pg)","potentialAction":[{"@type":"SearchAction","target":{"@type":"EntryPoint","urlTemplate":"https:\/\/www.libriparlanti.org\/?s={search_term_string}"},"query-input":{"@type":"PropertyValueSpecification","valueRequired":true,"valueName":"search_term_string"}}],"inLanguage":"it-IT"},{"@type":"Person","@id":"https:\/\/www.libriparlanti.org\/#\/schema\/person\/a2101732f0cc0144f0a4d0ecc313655a","name":"admin","image":{"@type":"ImageObject","inLanguage":"it-IT","@id":"https:\/\/secure.gravatar.com\/avatar\/f06887496a5753f3caca573646570e603d16e07cbd1553492c2c65009e6014ca?s=96&d=mm&r=g","url":"https:\/\/secure.gravatar.com\/avatar\/f06887496a5753f3caca573646570e603d16e07cbd1553492c2c65009e6014ca?s=96&d=mm&r=g","contentUrl":"https:\/\/secure.gravatar.com\/avatar\/f06887496a5753f3caca573646570e603d16e07cbd1553492c2c65009e6014ca?s=96&d=mm&r=g","caption":"admin"},"sameAs":["http:\/\/www.libriparlanti.org"],"url":"https:\/\/www.libriparlanti.org\/index.php\/author\/admin\/"}]}},"_links":{"self":[{"href":"https:\/\/www.libriparlanti.org\/index.php\/wp-json\/wp\/v2\/posts\/6883","targetHints":{"allow":["GET"]}}],"collection":[{"href":"https:\/\/www.libriparlanti.org\/index.php\/wp-json\/wp\/v2\/posts"}],"about":[{"href":"https:\/\/www.libriparlanti.org\/index.php\/wp-json\/wp\/v2\/types\/post"}],"author":[{"embeddable":true,"href":"https:\/\/www.libriparlanti.org\/index.php\/wp-json\/wp\/v2\/users\/1"}],"replies":[{"embeddable":true,"href":"https:\/\/www.libriparlanti.org\/index.php\/wp-json\/wp\/v2\/comments?post=6883"}],"version-history":[{"count":9,"href":"https:\/\/www.libriparlanti.org\/index.php\/wp-json\/wp\/v2\/posts\/6883\/revisions"}],"predecessor-version":[{"id":6978,"href":"https:\/\/www.libriparlanti.org\/index.php\/wp-json\/wp\/v2\/posts\/6883\/revisions\/6978"}],"wp:featuredmedia":[{"embeddable":true,"href":"https:\/\/www.libriparlanti.org\/index.php\/wp-json\/wp\/v2\/media\/6896"}],"wp:attachment":[{"href":"https:\/\/www.libriparlanti.org\/index.php\/wp-json\/wp\/v2\/media?parent=6883"}],"wp:term":[{"taxonomy":"category","embeddable":true,"href":"https:\/\/www.libriparlanti.org\/index.php\/wp-json\/wp\/v2\/categories?post=6883"},{"taxonomy":"post_tag","embeddable":true,"href":"https:\/\/www.libriparlanti.org\/index.php\/wp-json\/wp\/v2\/tags?post=6883"}],"curies":[{"name":"wp","href":"https:\/\/api.w.org\/{rel}","templated":true}]}}