{"id":6821,"date":"2018-12-07T17:00:14","date_gmt":"2018-12-07T17:00:14","guid":{"rendered":"http:\/\/www.libriparlanti.org\/?p=6821"},"modified":"2018-12-10T20:56:58","modified_gmt":"2018-12-10T20:56:58","slug":"un-libro-il-club-degli-atleti-ven-7-ore-17-00","status":"publish","type":"post","link":"https:\/\/www.libriparlanti.org\/index.php\/2018\/12\/un-libro-il-club-degli-atleti-ven-7-ore-17-00\/","title":{"rendered":"Un libro: Il club degli atleti \/ ven 7 ore 17.00"},"content":{"rendered":"<p><a href=\"http:\/\/www.libriparlanti.org\/wp-content\/uploads\/2018\/12\/piattoHDIlClubDegliAtleti1.jpg\"><img loading=\"lazy\" decoding=\"async\" class=\"alignnone size-medium wp-image-6823\" title=\"piattoHDIlClubDegliAtleti\" src=\"http:\/\/www.libriparlanti.org\/wp-content\/uploads\/2018\/12\/piattoHDIlClubDegliAtleti1-e1543872458673-300x300.jpg\" alt=\"\" width=\"300\" height=\"300\" srcset=\"https:\/\/www.libriparlanti.org\/wp-content\/uploads\/2018\/12\/piattoHDIlClubDegliAtleti1-e1543872458673-300x300.jpg 300w, https:\/\/www.libriparlanti.org\/wp-content\/uploads\/2018\/12\/piattoHDIlClubDegliAtleti1-e1543872458673-100x100.jpg 100w, https:\/\/www.libriparlanti.org\/wp-content\/uploads\/2018\/12\/piattoHDIlClubDegliAtleti1-e1543872458673-150x150.jpg 150w, https:\/\/www.libriparlanti.org\/wp-content\/uploads\/2018\/12\/piattoHDIlClubDegliAtleti1-e1543872458673.jpg 456w\" sizes=\"(max-width: 300px) 100vw, 300px\" \/><\/a>Venerd\u00ec 7 dicembre ore 17.00 in libreria Paolo Brandi presenta il suo libro IL CLUB DEGLI ATLETI Ed.Scatole Parlanti .<\/p>\n<p>Dialogher\u00e0 con l&#8217;autore Albano Ricci<\/p>\n<p>&#8220;Niccol\u00f2 Lavezzi \u00e8 un detective privato che si muove bene tra banconi dei bar e night club. \u00c8 un nero in un mondo di bianchi; assistito dalla segretaria Adelina, dirige un\u2019agenzia che si occupa di indagini locali. Valia invece \u00e8 una ragazza ucraina scomparsa nel nulla: sua madre si rivolge a Lavezzi per rintracciarla, fornendo come unico spunto le attivit\u00e0 di un centro per immigrati presente all\u2019interno di una parrocchia.<br \/>\nL\u2019investigatore non sembra entusiasta dell\u2019incarico, ma indagando capisce che dietro alla sparizione della giovane si cela una realt\u00e0 inquietante, che lo porter\u00e0 a seguire pi\u00f9 piste tra l\u2019Italia e l\u2019Ucraina.<br \/>\nApparentemente cinico, Lavezzi nel corso dell\u2019investigazione trover\u00e0 anche modo di fare un po\u2019 di chiarezza con se stesso, riappropriandosi di alcuni valori che credeva perduti nel disincanto della mezza et\u00e0.<\/p>\n<p>L\u2019autore:<\/p>\n<p>Paolo Brandi\u00a0\u00e8 nato a Castiglion Fiorentino (ar) nel 1959. \u00c8 laureato in filosofia presso l\u2019Universit\u00e0 di Pisa. Lavora presso la Regione Toscana. Ha gi\u00e0 pubblicato un romanzo storico intitolato<em>\u00a0La macchina del vescovo<\/em>\u00a0(Gruppo Albatros Il Filo, 2014) e due noir:\u00a0<em>L\u2019Altruista<\/em>\u00a0(0111 Edizioni, 2015) e La casa rossa (011<\/p>\n","protected":false},"excerpt":{"rendered":"<p>Venerd\u00ec 7 dicembre ore 17.00 in libreria Paolo Brandi presenta il suo libro IL CLUB DEGLI ATLETI Ed.Scatole Parlanti . Dialogher\u00e0 con l&#8217;autore Albano Ricci &#8220;Niccol\u00f2 Lavezzi \u00e8 un detective privato che si muove bene tra banconi dei bar e night club. \u00c8 un nero in un mondo di bianchi; assistito dalla segretaria Adelina, dirige [&hellip;]<\/p>\n","protected":false},"author":1,"featured_media":6824,"comment_status":"open","ping_status":"open","sticky":false,"template":"","format":"standard","meta":{"_et_pb_use_builder":"","_et_pb_old_content":"","_et_gb_content_width":"","_joinchat":[],"footnotes":""},"categories":[3],"tags":[],"class_list":["post-6821","post","type-post","status-publish","format-standard","has-post-thumbnail","hentry","category-eventi"],"yoast_head":"<!-- This site is optimized with the Yoast SEO plugin v27.5 - https:\/\/yoast.com\/product\/yoast-seo-wordpress\/ -->\n<title>Un libro: Il club degli atleti \/ ven 7 ore 17.00 - Libreria Libri parlanti<\/title>\n<meta name=\"robots\" content=\"index, follow, max-snippet:-1, max-image-preview:large, max-video-preview:-1\" \/>\n<link rel=\"canonical\" href=\"https:\/\/www.libriparlanti.org\/index.php\/2018\/12\/un-libro-il-club-degli-atleti-ven-7-ore-17-00\/\" \/>\n<meta property=\"og:locale\" content=\"it_IT\" \/>\n<meta property=\"og:type\" content=\"article\" \/>\n<meta property=\"og:title\" content=\"Un libro: Il club degli atleti \/ ven 7 ore 17.00 - Libreria Libri parlanti\" \/>\n<meta property=\"og:description\" content=\"Venerd\u00ec 7 dicembre ore 17.00 in libreria Paolo Brandi presenta il suo libro IL CLUB DEGLI ATLETI Ed.Scatole Parlanti . Dialogher\u00e0 con l&#8217;autore Albano Ricci &#8220;Niccol\u00f2 Lavezzi \u00e8 un detective privato che si muove bene tra banconi dei bar e night club. \u00c8 un nero in un mondo di bianchi; assistito dalla segretaria Adelina, dirige [&hellip;]\" \/>\n<meta property=\"og:url\" content=\"https:\/\/www.libriparlanti.org\/index.php\/2018\/12\/un-libro-il-club-degli-atleti-ven-7-ore-17-00\/\" \/>\n<meta property=\"og:site_name\" content=\"Libreria Libri parlanti\" \/>\n<meta property=\"article:publisher\" content=\"https:\/\/www.facebook.com\/LibriParlanti\" \/>\n<meta property=\"article:published_time\" content=\"2018-12-07T17:00:14+00:00\" \/>\n<meta property=\"article:modified_time\" content=\"2018-12-10T20:56:58+00:00\" \/>\n<meta property=\"og:image\" content=\"https:\/\/www.libriparlanti.org\/wp-content\/uploads\/2018\/12\/piattoHDIlClubDegliAtleti2-e1543872590757.jpg\" \/>\n\t<meta property=\"og:image:width\" content=\"456\" \/>\n\t<meta property=\"og:image:height\" content=\"460\" \/>\n\t<meta property=\"og:image:type\" content=\"image\/jpeg\" \/>\n<meta name=\"author\" content=\"admin\" \/>\n<meta name=\"twitter:card\" content=\"summary_large_image\" \/>\n<meta name=\"twitter:label1\" content=\"Scritto da\" \/>\n\t<meta name=\"twitter:data1\" content=\"admin\" \/>\n\t<meta name=\"twitter:label2\" content=\"Tempo di lettura stimato\" \/>\n\t<meta name=\"twitter:data2\" content=\"1 minuto\" \/>\n<script type=\"application\/ld+json\" class=\"yoast-schema-graph\">{\"@context\":\"https:\\\/\\\/schema.org\",\"@graph\":[{\"@type\":\"Article\",\"@id\":\"https:\\\/\\\/www.libriparlanti.org\\\/index.php\\\/2018\\\/12\\\/un-libro-il-club-degli-atleti-ven-7-ore-17-00\\\/#article\",\"isPartOf\":{\"@id\":\"https:\\\/\\\/www.libriparlanti.org\\\/index.php\\\/2018\\\/12\\\/un-libro-il-club-degli-atleti-ven-7-ore-17-00\\\/\"},\"author\":{\"name\":\"admin\",\"@id\":\"https:\\\/\\\/www.libriparlanti.org\\\/#\\\/schema\\\/person\\\/a2101732f0cc0144f0a4d0ecc313655a\"},\"headline\":\"Un libro: Il club degli atleti \\\/ ven 7 ore 17.00\",\"datePublished\":\"2018-12-07T17:00:14+00:00\",\"dateModified\":\"2018-12-10T20:56:58+00:00\",\"mainEntityOfPage\":{\"@id\":\"https:\\\/\\\/www.libriparlanti.org\\\/index.php\\\/2018\\\/12\\\/un-libro-il-club-degli-atleti-ven-7-ore-17-00\\\/\"},\"wordCount\":213,\"commentCount\":0,\"image\":{\"@id\":\"https:\\\/\\\/www.libriparlanti.org\\\/index.php\\\/2018\\\/12\\\/un-libro-il-club-degli-atleti-ven-7-ore-17-00\\\/#primaryimage\"},\"thumbnailUrl\":\"https:\\\/\\\/www.libriparlanti.org\\\/wp-content\\\/uploads\\\/2018\\\/12\\\/piattoHDIlClubDegliAtleti2-e1543872590757.jpg\",\"articleSection\":[\"eventi\"],\"inLanguage\":\"it-IT\",\"potentialAction\":[{\"@type\":\"CommentAction\",\"name\":\"Comment\",\"target\":[\"https:\\\/\\\/www.libriparlanti.org\\\/index.php\\\/2018\\\/12\\\/un-libro-il-club-degli-atleti-ven-7-ore-17-00\\\/#respond\"]}]},{\"@type\":\"WebPage\",\"@id\":\"https:\\\/\\\/www.libriparlanti.org\\\/index.php\\\/2018\\\/12\\\/un-libro-il-club-degli-atleti-ven-7-ore-17-00\\\/\",\"url\":\"https:\\\/\\\/www.libriparlanti.org\\\/index.php\\\/2018\\\/12\\\/un-libro-il-club-degli-atleti-ven-7-ore-17-00\\\/\",\"name\":\"Un libro: Il club degli atleti \\\/ ven 7 ore 17.00 - Libreria Libri parlanti\",\"isPartOf\":{\"@id\":\"https:\\\/\\\/www.libriparlanti.org\\\/#website\"},\"primaryImageOfPage\":{\"@id\":\"https:\\\/\\\/www.libriparlanti.org\\\/index.php\\\/2018\\\/12\\\/un-libro-il-club-degli-atleti-ven-7-ore-17-00\\\/#primaryimage\"},\"image\":{\"@id\":\"https:\\\/\\\/www.libriparlanti.org\\\/index.php\\\/2018\\\/12\\\/un-libro-il-club-degli-atleti-ven-7-ore-17-00\\\/#primaryimage\"},\"thumbnailUrl\":\"https:\\\/\\\/www.libriparlanti.org\\\/wp-content\\\/uploads\\\/2018\\\/12\\\/piattoHDIlClubDegliAtleti2-e1543872590757.jpg\",\"datePublished\":\"2018-12-07T17:00:14+00:00\",\"dateModified\":\"2018-12-10T20:56:58+00:00\",\"author\":{\"@id\":\"https:\\\/\\\/www.libriparlanti.org\\\/#\\\/schema\\\/person\\\/a2101732f0cc0144f0a4d0ecc313655a\"},\"breadcrumb\":{\"@id\":\"https:\\\/\\\/www.libriparlanti.org\\\/index.php\\\/2018\\\/12\\\/un-libro-il-club-degli-atleti-ven-7-ore-17-00\\\/#breadcrumb\"},\"inLanguage\":\"it-IT\",\"potentialAction\":[{\"@type\":\"ReadAction\",\"target\":[\"https:\\\/\\\/www.libriparlanti.org\\\/index.php\\\/2018\\\/12\\\/un-libro-il-club-degli-atleti-ven-7-ore-17-00\\\/\"]}]},{\"@type\":\"ImageObject\",\"inLanguage\":\"it-IT\",\"@id\":\"https:\\\/\\\/www.libriparlanti.org\\\/index.php\\\/2018\\\/12\\\/un-libro-il-club-degli-atleti-ven-7-ore-17-00\\\/#primaryimage\",\"url\":\"https:\\\/\\\/www.libriparlanti.org\\\/wp-content\\\/uploads\\\/2018\\\/12\\\/piattoHDIlClubDegliAtleti2-e1543872590757.jpg\",\"contentUrl\":\"https:\\\/\\\/www.libriparlanti.org\\\/wp-content\\\/uploads\\\/2018\\\/12\\\/piattoHDIlClubDegliAtleti2-e1543872590757.jpg\",\"width\":456,\"height\":460},{\"@type\":\"BreadcrumbList\",\"@id\":\"https:\\\/\\\/www.libriparlanti.org\\\/index.php\\\/2018\\\/12\\\/un-libro-il-club-degli-atleti-ven-7-ore-17-00\\\/#breadcrumb\",\"itemListElement\":[{\"@type\":\"ListItem\",\"position\":1,\"name\":\"Home\",\"item\":\"https:\\\/\\\/www.libriparlanti.org\\\/\"},{\"@type\":\"ListItem\",\"position\":2,\"name\":\"Un libro: Il club degli atleti \\\/ ven 7 ore 17.00\"}]},{\"@type\":\"WebSite\",\"@id\":\"https:\\\/\\\/www.libriparlanti.org\\\/#website\",\"url\":\"https:\\\/\\\/www.libriparlanti.org\\\/\",\"name\":\"Libreria Libri parlanti\",\"description\":\"Libreria in Castiglione del Lago (Pg)\",\"potentialAction\":[{\"@type\":\"SearchAction\",\"target\":{\"@type\":\"EntryPoint\",\"urlTemplate\":\"https:\\\/\\\/www.libriparlanti.org\\\/?s={search_term_string}\"},\"query-input\":{\"@type\":\"PropertyValueSpecification\",\"valueRequired\":true,\"valueName\":\"search_term_string\"}}],\"inLanguage\":\"it-IT\"},{\"@type\":\"Person\",\"@id\":\"https:\\\/\\\/www.libriparlanti.org\\\/#\\\/schema\\\/person\\\/a2101732f0cc0144f0a4d0ecc313655a\",\"name\":\"admin\",\"image\":{\"@type\":\"ImageObject\",\"inLanguage\":\"it-IT\",\"@id\":\"https:\\\/\\\/secure.gravatar.com\\\/avatar\\\/f06887496a5753f3caca573646570e603d16e07cbd1553492c2c65009e6014ca?s=96&d=mm&r=g\",\"url\":\"https:\\\/\\\/secure.gravatar.com\\\/avatar\\\/f06887496a5753f3caca573646570e603d16e07cbd1553492c2c65009e6014ca?s=96&d=mm&r=g\",\"contentUrl\":\"https:\\\/\\\/secure.gravatar.com\\\/avatar\\\/f06887496a5753f3caca573646570e603d16e07cbd1553492c2c65009e6014ca?s=96&d=mm&r=g\",\"caption\":\"admin\"},\"sameAs\":[\"http:\\\/\\\/www.libriparlanti.org\"],\"url\":\"https:\\\/\\\/www.libriparlanti.org\\\/index.php\\\/author\\\/admin\\\/\"}]}<\/script>\n<!-- \/ Yoast SEO plugin. -->","yoast_head_json":{"title":"Un libro: Il club degli atleti \/ ven 7 ore 17.00 - Libreria Libri parlanti","robots":{"index":"index","follow":"follow","max-snippet":"max-snippet:-1","max-image-preview":"max-image-preview:large","max-video-preview":"max-video-preview:-1"},"canonical":"https:\/\/www.libriparlanti.org\/index.php\/2018\/12\/un-libro-il-club-degli-atleti-ven-7-ore-17-00\/","og_locale":"it_IT","og_type":"article","og_title":"Un libro: Il club degli atleti \/ ven 7 ore 17.00 - Libreria Libri parlanti","og_description":"Venerd\u00ec 7 dicembre ore 17.00 in libreria Paolo Brandi presenta il suo libro IL CLUB DEGLI ATLETI Ed.Scatole Parlanti . Dialogher\u00e0 con l&#8217;autore Albano Ricci &#8220;Niccol\u00f2 Lavezzi \u00e8 un detective privato che si muove bene tra banconi dei bar e night club. \u00c8 un nero in un mondo di bianchi; assistito dalla segretaria Adelina, dirige [&hellip;]","og_url":"https:\/\/www.libriparlanti.org\/index.php\/2018\/12\/un-libro-il-club-degli-atleti-ven-7-ore-17-00\/","og_site_name":"Libreria Libri parlanti","article_publisher":"https:\/\/www.facebook.com\/LibriParlanti","article_published_time":"2018-12-07T17:00:14+00:00","article_modified_time":"2018-12-10T20:56:58+00:00","og_image":[{"width":456,"height":460,"url":"https:\/\/www.libriparlanti.org\/wp-content\/uploads\/2018\/12\/piattoHDIlClubDegliAtleti2-e1543872590757.jpg","type":"image\/jpeg"}],"author":"admin","twitter_card":"summary_large_image","twitter_misc":{"Scritto da":"admin","Tempo di lettura stimato":"1 minuto"},"schema":{"@context":"https:\/\/schema.org","@graph":[{"@type":"Article","@id":"https:\/\/www.libriparlanti.org\/index.php\/2018\/12\/un-libro-il-club-degli-atleti-ven-7-ore-17-00\/#article","isPartOf":{"@id":"https:\/\/www.libriparlanti.org\/index.php\/2018\/12\/un-libro-il-club-degli-atleti-ven-7-ore-17-00\/"},"author":{"name":"admin","@id":"https:\/\/www.libriparlanti.org\/#\/schema\/person\/a2101732f0cc0144f0a4d0ecc313655a"},"headline":"Un libro: Il club degli atleti \/ ven 7 ore 17.00","datePublished":"2018-12-07T17:00:14+00:00","dateModified":"2018-12-10T20:56:58+00:00","mainEntityOfPage":{"@id":"https:\/\/www.libriparlanti.org\/index.php\/2018\/12\/un-libro-il-club-degli-atleti-ven-7-ore-17-00\/"},"wordCount":213,"commentCount":0,"image":{"@id":"https:\/\/www.libriparlanti.org\/index.php\/2018\/12\/un-libro-il-club-degli-atleti-ven-7-ore-17-00\/#primaryimage"},"thumbnailUrl":"https:\/\/www.libriparlanti.org\/wp-content\/uploads\/2018\/12\/piattoHDIlClubDegliAtleti2-e1543872590757.jpg","articleSection":["eventi"],"inLanguage":"it-IT","potentialAction":[{"@type":"CommentAction","name":"Comment","target":["https:\/\/www.libriparlanti.org\/index.php\/2018\/12\/un-libro-il-club-degli-atleti-ven-7-ore-17-00\/#respond"]}]},{"@type":"WebPage","@id":"https:\/\/www.libriparlanti.org\/index.php\/2018\/12\/un-libro-il-club-degli-atleti-ven-7-ore-17-00\/","url":"https:\/\/www.libriparlanti.org\/index.php\/2018\/12\/un-libro-il-club-degli-atleti-ven-7-ore-17-00\/","name":"Un libro: Il club degli atleti \/ ven 7 ore 17.00 - Libreria Libri parlanti","isPartOf":{"@id":"https:\/\/www.libriparlanti.org\/#website"},"primaryImageOfPage":{"@id":"https:\/\/www.libriparlanti.org\/index.php\/2018\/12\/un-libro-il-club-degli-atleti-ven-7-ore-17-00\/#primaryimage"},"image":{"@id":"https:\/\/www.libriparlanti.org\/index.php\/2018\/12\/un-libro-il-club-degli-atleti-ven-7-ore-17-00\/#primaryimage"},"thumbnailUrl":"https:\/\/www.libriparlanti.org\/wp-content\/uploads\/2018\/12\/piattoHDIlClubDegliAtleti2-e1543872590757.jpg","datePublished":"2018-12-07T17:00:14+00:00","dateModified":"2018-12-10T20:56:58+00:00","author":{"@id":"https:\/\/www.libriparlanti.org\/#\/schema\/person\/a2101732f0cc0144f0a4d0ecc313655a"},"breadcrumb":{"@id":"https:\/\/www.libriparlanti.org\/index.php\/2018\/12\/un-libro-il-club-degli-atleti-ven-7-ore-17-00\/#breadcrumb"},"inLanguage":"it-IT","potentialAction":[{"@type":"ReadAction","target":["https:\/\/www.libriparlanti.org\/index.php\/2018\/12\/un-libro-il-club-degli-atleti-ven-7-ore-17-00\/"]}]},{"@type":"ImageObject","inLanguage":"it-IT","@id":"https:\/\/www.libriparlanti.org\/index.php\/2018\/12\/un-libro-il-club-degli-atleti-ven-7-ore-17-00\/#primaryimage","url":"https:\/\/www.libriparlanti.org\/wp-content\/uploads\/2018\/12\/piattoHDIlClubDegliAtleti2-e1543872590757.jpg","contentUrl":"https:\/\/www.libriparlanti.org\/wp-content\/uploads\/2018\/12\/piattoHDIlClubDegliAtleti2-e1543872590757.jpg","width":456,"height":460},{"@type":"BreadcrumbList","@id":"https:\/\/www.libriparlanti.org\/index.php\/2018\/12\/un-libro-il-club-degli-atleti-ven-7-ore-17-00\/#breadcrumb","itemListElement":[{"@type":"ListItem","position":1,"name":"Home","item":"https:\/\/www.libriparlanti.org\/"},{"@type":"ListItem","position":2,"name":"Un libro: Il club degli atleti \/ ven 7 ore 17.00"}]},{"@type":"WebSite","@id":"https:\/\/www.libriparlanti.org\/#website","url":"https:\/\/www.libriparlanti.org\/","name":"Libreria Libri parlanti","description":"Libreria in Castiglione del Lago (Pg)","potentialAction":[{"@type":"SearchAction","target":{"@type":"EntryPoint","urlTemplate":"https:\/\/www.libriparlanti.org\/?s={search_term_string}"},"query-input":{"@type":"PropertyValueSpecification","valueRequired":true,"valueName":"search_term_string"}}],"inLanguage":"it-IT"},{"@type":"Person","@id":"https:\/\/www.libriparlanti.org\/#\/schema\/person\/a2101732f0cc0144f0a4d0ecc313655a","name":"admin","image":{"@type":"ImageObject","inLanguage":"it-IT","@id":"https:\/\/secure.gravatar.com\/avatar\/f06887496a5753f3caca573646570e603d16e07cbd1553492c2c65009e6014ca?s=96&d=mm&r=g","url":"https:\/\/secure.gravatar.com\/avatar\/f06887496a5753f3caca573646570e603d16e07cbd1553492c2c65009e6014ca?s=96&d=mm&r=g","contentUrl":"https:\/\/secure.gravatar.com\/avatar\/f06887496a5753f3caca573646570e603d16e07cbd1553492c2c65009e6014ca?s=96&d=mm&r=g","caption":"admin"},"sameAs":["http:\/\/www.libriparlanti.org"],"url":"https:\/\/www.libriparlanti.org\/index.php\/author\/admin\/"}]}},"_links":{"self":[{"href":"https:\/\/www.libriparlanti.org\/index.php\/wp-json\/wp\/v2\/posts\/6821","targetHints":{"allow":["GET"]}}],"collection":[{"href":"https:\/\/www.libriparlanti.org\/index.php\/wp-json\/wp\/v2\/posts"}],"about":[{"href":"https:\/\/www.libriparlanti.org\/index.php\/wp-json\/wp\/v2\/types\/post"}],"author":[{"embeddable":true,"href":"https:\/\/www.libriparlanti.org\/index.php\/wp-json\/wp\/v2\/users\/1"}],"replies":[{"embeddable":true,"href":"https:\/\/www.libriparlanti.org\/index.php\/wp-json\/wp\/v2\/comments?post=6821"}],"version-history":[{"count":3,"href":"https:\/\/www.libriparlanti.org\/index.php\/wp-json\/wp\/v2\/posts\/6821\/revisions"}],"predecessor-version":[{"id":6826,"href":"https:\/\/www.libriparlanti.org\/index.php\/wp-json\/wp\/v2\/posts\/6821\/revisions\/6826"}],"wp:featuredmedia":[{"embeddable":true,"href":"https:\/\/www.libriparlanti.org\/index.php\/wp-json\/wp\/v2\/media\/6824"}],"wp:attachment":[{"href":"https:\/\/www.libriparlanti.org\/index.php\/wp-json\/wp\/v2\/media?parent=6821"}],"wp:term":[{"taxonomy":"category","embeddable":true,"href":"https:\/\/www.libriparlanti.org\/index.php\/wp-json\/wp\/v2\/categories?post=6821"},{"taxonomy":"post_tag","embeddable":true,"href":"https:\/\/www.libriparlanti.org\/index.php\/wp-json\/wp\/v2\/tags?post=6821"}],"curies":[{"name":"wp","href":"https:\/\/api.w.org\/{rel}","templated":true}]}}