{"id":6705,"date":"2018-11-17T17:30:06","date_gmt":"2018-11-17T17:30:06","guid":{"rendered":"http:\/\/www.libriparlanti.org\/?p=6705"},"modified":"2018-11-21T20:35:22","modified_gmt":"2018-11-21T20:35:22","slug":"storie-di-storia-2018-sab-17-ore-17-30","status":"publish","type":"post","link":"https:\/\/www.libriparlanti.org\/index.php\/2018\/11\/storie-di-storia-2018-sab-17-ore-17-30\/","title":{"rendered":"Storie di Storia 2018 \/sab 17 ore 17.30"},"content":{"rendered":"<p><a href=\"http:\/\/www.libriparlanti.org\/wp-content\/uploads\/2018\/10\/storie-2018_Fb-940x788-03.jpg\"><img loading=\"lazy\" decoding=\"async\" class=\"alignnone size-medium wp-image-6706\" title=\"storie 2018_Fb 940x788 03\" src=\"http:\/\/www.libriparlanti.org\/wp-content\/uploads\/2018\/10\/storie-2018_Fb-940x788-03-300x251.jpg\" alt=\"\" width=\"300\" height=\"251\" srcset=\"https:\/\/www.libriparlanti.org\/wp-content\/uploads\/2018\/10\/storie-2018_Fb-940x788-03-300x251.jpg 300w, https:\/\/www.libriparlanti.org\/wp-content\/uploads\/2018\/10\/storie-2018_Fb-940x788-03-600x503.jpg 600w, https:\/\/www.libriparlanti.org\/wp-content\/uploads\/2018\/10\/storie-2018_Fb-940x788-03-1024x858.jpg 1024w, https:\/\/www.libriparlanti.org\/wp-content\/uploads\/2018\/10\/storie-2018_Fb-940x788-03.jpg 1959w\" sizes=\"(max-width: 300px) 100vw, 300px\" \/><\/a><strong>Sabato 17 novembre 2018 presso\u00a0 Sala del Teatro di Palazzo della Corgna<\/strong>, <strong>Giovanni Bianconi<\/strong> presenta <strong>L&#8217;ASSEDIO<\/strong> Ed.Einaudi<\/p>\n<p>Conduce l&#8217;incontro la giornalista <strong>Elena Teatini<\/strong><\/p>\n<p>Ne \u201cL\u2019assedio\u201d\u00a0l&#8217;autore sintetizza ed esplicita le numerose dispute che Falcone ebbe con autorevoli esponenti del mondo delle istituzioni, di quello politico e con osservatori e personaggi di vario genere.<br \/>\nL\u2019autore compie una accurata attivit\u00e0 di selezione nella grande quantit\u00e0 di dichiarazioni disponibili, fornendo cos\u00ec un quadro della personalit\u00e0 e della progettualit\u00e0 del grande magistrato.<\/p>\n<p>&nbsp;<\/p>\n<p>Di fronte a grandi sfide, occorreva quella visione innovativa che sicuramente Giovanni Falcone possedeva e aveva messo in campo nella sua esperienza giudiziaria e presso il Ministero di Grazia e Giustizia.<br \/>\n\u201cL\u2019assedio\u201d \u00e8 un lavoro di ricostruzione ben fatto, che analizza i sentimenti delle persone pi\u00f9 vicine a Falcone, specie nell\u2019ultimo scorcio della vita del magistrato.<\/p>\n<p>Come giornalista\u00a0Giovanni Bianconi\u00a0ha indagato sugli atti processuali che offrono il quadro completo degli avvenimenti fattuali, non sempre classificabili come reato.<\/p>\n<p>&nbsp;<\/p>\n","protected":false},"excerpt":{"rendered":"<p>Sabato 17 novembre 2018 presso\u00a0 Sala del Teatro di Palazzo della Corgna, Giovanni Bianconi presenta L&#8217;ASSEDIO Ed.Einaudi Conduce l&#8217;incontro la giornalista Elena Teatini Ne \u201cL\u2019assedio\u201d\u00a0l&#8217;autore sintetizza ed esplicita le numerose dispute che Falcone ebbe con autorevoli esponenti del mondo delle istituzioni, di quello politico e con osservatori e personaggi di vario genere. L\u2019autore compie una [&hellip;]<\/p>\n","protected":false},"author":1,"featured_media":6709,"comment_status":"open","ping_status":"open","sticky":false,"template":"","format":"standard","meta":{"_et_pb_use_builder":"","_et_pb_old_content":"","_et_gb_content_width":"","_joinchat":[],"footnotes":""},"categories":[3],"tags":[834,833],"class_list":["post-6705","post","type-post","status-publish","format-standard","has-post-thumbnail","hentry","category-eventi","tag-giovanni-falcone","tag-lassedio"],"yoast_head":"<!-- This site is optimized with the Yoast SEO plugin v27.5 - https:\/\/yoast.com\/product\/yoast-seo-wordpress\/ -->\n<title>Storie di Storia 2018 \/sab 17 ore 17.30 - Libreria Libri parlanti<\/title>\n<meta name=\"robots\" content=\"index, follow, max-snippet:-1, max-image-preview:large, max-video-preview:-1\" \/>\n<link rel=\"canonical\" href=\"https:\/\/www.libriparlanti.org\/index.php\/2018\/11\/storie-di-storia-2018-sab-17-ore-17-30\/\" \/>\n<meta property=\"og:locale\" content=\"it_IT\" \/>\n<meta property=\"og:type\" content=\"article\" \/>\n<meta property=\"og:title\" content=\"Storie di Storia 2018 \/sab 17 ore 17.30 - Libreria Libri parlanti\" \/>\n<meta property=\"og:description\" content=\"Sabato 17 novembre 2018 presso\u00a0 Sala del Teatro di Palazzo della Corgna, Giovanni Bianconi presenta L&#8217;ASSEDIO Ed.Einaudi Conduce l&#8217;incontro la giornalista Elena Teatini Ne \u201cL\u2019assedio\u201d\u00a0l&#8217;autore sintetizza ed esplicita le numerose dispute che Falcone ebbe con autorevoli esponenti del mondo delle istituzioni, di quello politico e con osservatori e personaggi di vario genere. L\u2019autore compie una [&hellip;]\" \/>\n<meta property=\"og:url\" content=\"https:\/\/www.libriparlanti.org\/index.php\/2018\/11\/storie-di-storia-2018-sab-17-ore-17-30\/\" \/>\n<meta property=\"og:site_name\" content=\"Libreria Libri parlanti\" \/>\n<meta property=\"article:publisher\" content=\"https:\/\/www.facebook.com\/LibriParlanti\" \/>\n<meta property=\"article:published_time\" content=\"2018-11-17T17:30:06+00:00\" \/>\n<meta property=\"article:modified_time\" content=\"2018-11-21T20:35:22+00:00\" \/>\n<meta property=\"og:image\" content=\"https:\/\/www.libriparlanti.org\/wp-content\/uploads\/2018\/11\/storie-2018_Fb-940x788-03.jpg\" \/>\n\t<meta property=\"og:image:width\" content=\"1959\" \/>\n\t<meta property=\"og:image:height\" content=\"1642\" \/>\n\t<meta property=\"og:image:type\" content=\"image\/jpeg\" \/>\n<meta name=\"author\" content=\"admin\" \/>\n<meta name=\"twitter:card\" content=\"summary_large_image\" \/>\n<meta name=\"twitter:label1\" content=\"Scritto da\" \/>\n\t<meta name=\"twitter:data1\" content=\"admin\" \/>\n\t<meta name=\"twitter:label2\" content=\"Tempo di lettura stimato\" \/>\n\t<meta name=\"twitter:data2\" content=\"1 minuto\" \/>\n<script type=\"application\/ld+json\" class=\"yoast-schema-graph\">{\"@context\":\"https:\\\/\\\/schema.org\",\"@graph\":[{\"@type\":\"Article\",\"@id\":\"https:\\\/\\\/www.libriparlanti.org\\\/index.php\\\/2018\\\/11\\\/storie-di-storia-2018-sab-17-ore-17-30\\\/#article\",\"isPartOf\":{\"@id\":\"https:\\\/\\\/www.libriparlanti.org\\\/index.php\\\/2018\\\/11\\\/storie-di-storia-2018-sab-17-ore-17-30\\\/\"},\"author\":{\"name\":\"admin\",\"@id\":\"https:\\\/\\\/www.libriparlanti.org\\\/#\\\/schema\\\/person\\\/a2101732f0cc0144f0a4d0ecc313655a\"},\"headline\":\"Storie di Storia 2018 \\\/sab 17 ore 17.30\",\"datePublished\":\"2018-11-17T17:30:06+00:00\",\"dateModified\":\"2018-11-21T20:35:22+00:00\",\"mainEntityOfPage\":{\"@id\":\"https:\\\/\\\/www.libriparlanti.org\\\/index.php\\\/2018\\\/11\\\/storie-di-storia-2018-sab-17-ore-17-30\\\/\"},\"wordCount\":165,\"commentCount\":0,\"image\":{\"@id\":\"https:\\\/\\\/www.libriparlanti.org\\\/index.php\\\/2018\\\/11\\\/storie-di-storia-2018-sab-17-ore-17-30\\\/#primaryimage\"},\"thumbnailUrl\":\"https:\\\/\\\/www.libriparlanti.org\\\/wp-content\\\/uploads\\\/2018\\\/11\\\/storie-2018_Fb-940x788-03.jpg\",\"keywords\":[\"Giovanni falcone\",\"l'assedio\"],\"articleSection\":[\"eventi\"],\"inLanguage\":\"it-IT\",\"potentialAction\":[{\"@type\":\"CommentAction\",\"name\":\"Comment\",\"target\":[\"https:\\\/\\\/www.libriparlanti.org\\\/index.php\\\/2018\\\/11\\\/storie-di-storia-2018-sab-17-ore-17-30\\\/#respond\"]}]},{\"@type\":\"WebPage\",\"@id\":\"https:\\\/\\\/www.libriparlanti.org\\\/index.php\\\/2018\\\/11\\\/storie-di-storia-2018-sab-17-ore-17-30\\\/\",\"url\":\"https:\\\/\\\/www.libriparlanti.org\\\/index.php\\\/2018\\\/11\\\/storie-di-storia-2018-sab-17-ore-17-30\\\/\",\"name\":\"Storie di Storia 2018 \\\/sab 17 ore 17.30 - Libreria Libri parlanti\",\"isPartOf\":{\"@id\":\"https:\\\/\\\/www.libriparlanti.org\\\/#website\"},\"primaryImageOfPage\":{\"@id\":\"https:\\\/\\\/www.libriparlanti.org\\\/index.php\\\/2018\\\/11\\\/storie-di-storia-2018-sab-17-ore-17-30\\\/#primaryimage\"},\"image\":{\"@id\":\"https:\\\/\\\/www.libriparlanti.org\\\/index.php\\\/2018\\\/11\\\/storie-di-storia-2018-sab-17-ore-17-30\\\/#primaryimage\"},\"thumbnailUrl\":\"https:\\\/\\\/www.libriparlanti.org\\\/wp-content\\\/uploads\\\/2018\\\/11\\\/storie-2018_Fb-940x788-03.jpg\",\"datePublished\":\"2018-11-17T17:30:06+00:00\",\"dateModified\":\"2018-11-21T20:35:22+00:00\",\"author\":{\"@id\":\"https:\\\/\\\/www.libriparlanti.org\\\/#\\\/schema\\\/person\\\/a2101732f0cc0144f0a4d0ecc313655a\"},\"breadcrumb\":{\"@id\":\"https:\\\/\\\/www.libriparlanti.org\\\/index.php\\\/2018\\\/11\\\/storie-di-storia-2018-sab-17-ore-17-30\\\/#breadcrumb\"},\"inLanguage\":\"it-IT\",\"potentialAction\":[{\"@type\":\"ReadAction\",\"target\":[\"https:\\\/\\\/www.libriparlanti.org\\\/index.php\\\/2018\\\/11\\\/storie-di-storia-2018-sab-17-ore-17-30\\\/\"]}]},{\"@type\":\"ImageObject\",\"inLanguage\":\"it-IT\",\"@id\":\"https:\\\/\\\/www.libriparlanti.org\\\/index.php\\\/2018\\\/11\\\/storie-di-storia-2018-sab-17-ore-17-30\\\/#primaryimage\",\"url\":\"https:\\\/\\\/www.libriparlanti.org\\\/wp-content\\\/uploads\\\/2018\\\/11\\\/storie-2018_Fb-940x788-03.jpg\",\"contentUrl\":\"https:\\\/\\\/www.libriparlanti.org\\\/wp-content\\\/uploads\\\/2018\\\/11\\\/storie-2018_Fb-940x788-03.jpg\",\"width\":1959,\"height\":1642},{\"@type\":\"BreadcrumbList\",\"@id\":\"https:\\\/\\\/www.libriparlanti.org\\\/index.php\\\/2018\\\/11\\\/storie-di-storia-2018-sab-17-ore-17-30\\\/#breadcrumb\",\"itemListElement\":[{\"@type\":\"ListItem\",\"position\":1,\"name\":\"Home\",\"item\":\"https:\\\/\\\/www.libriparlanti.org\\\/\"},{\"@type\":\"ListItem\",\"position\":2,\"name\":\"Storie di Storia 2018 \\\/sab 17 ore 17.30\"}]},{\"@type\":\"WebSite\",\"@id\":\"https:\\\/\\\/www.libriparlanti.org\\\/#website\",\"url\":\"https:\\\/\\\/www.libriparlanti.org\\\/\",\"name\":\"Libreria Libri parlanti\",\"description\":\"Libreria in Castiglione del Lago (Pg)\",\"potentialAction\":[{\"@type\":\"SearchAction\",\"target\":{\"@type\":\"EntryPoint\",\"urlTemplate\":\"https:\\\/\\\/www.libriparlanti.org\\\/?s={search_term_string}\"},\"query-input\":{\"@type\":\"PropertyValueSpecification\",\"valueRequired\":true,\"valueName\":\"search_term_string\"}}],\"inLanguage\":\"it-IT\"},{\"@type\":\"Person\",\"@id\":\"https:\\\/\\\/www.libriparlanti.org\\\/#\\\/schema\\\/person\\\/a2101732f0cc0144f0a4d0ecc313655a\",\"name\":\"admin\",\"image\":{\"@type\":\"ImageObject\",\"inLanguage\":\"it-IT\",\"@id\":\"https:\\\/\\\/secure.gravatar.com\\\/avatar\\\/f06887496a5753f3caca573646570e603d16e07cbd1553492c2c65009e6014ca?s=96&d=mm&r=g\",\"url\":\"https:\\\/\\\/secure.gravatar.com\\\/avatar\\\/f06887496a5753f3caca573646570e603d16e07cbd1553492c2c65009e6014ca?s=96&d=mm&r=g\",\"contentUrl\":\"https:\\\/\\\/secure.gravatar.com\\\/avatar\\\/f06887496a5753f3caca573646570e603d16e07cbd1553492c2c65009e6014ca?s=96&d=mm&r=g\",\"caption\":\"admin\"},\"sameAs\":[\"http:\\\/\\\/www.libriparlanti.org\"],\"url\":\"https:\\\/\\\/www.libriparlanti.org\\\/index.php\\\/author\\\/admin\\\/\"}]}<\/script>\n<!-- \/ Yoast SEO plugin. -->","yoast_head_json":{"title":"Storie di Storia 2018 \/sab 17 ore 17.30 - Libreria Libri parlanti","robots":{"index":"index","follow":"follow","max-snippet":"max-snippet:-1","max-image-preview":"max-image-preview:large","max-video-preview":"max-video-preview:-1"},"canonical":"https:\/\/www.libriparlanti.org\/index.php\/2018\/11\/storie-di-storia-2018-sab-17-ore-17-30\/","og_locale":"it_IT","og_type":"article","og_title":"Storie di Storia 2018 \/sab 17 ore 17.30 - Libreria Libri parlanti","og_description":"Sabato 17 novembre 2018 presso\u00a0 Sala del Teatro di Palazzo della Corgna, Giovanni Bianconi presenta L&#8217;ASSEDIO Ed.Einaudi Conduce l&#8217;incontro la giornalista Elena Teatini Ne \u201cL\u2019assedio\u201d\u00a0l&#8217;autore sintetizza ed esplicita le numerose dispute che Falcone ebbe con autorevoli esponenti del mondo delle istituzioni, di quello politico e con osservatori e personaggi di vario genere. L\u2019autore compie una [&hellip;]","og_url":"https:\/\/www.libriparlanti.org\/index.php\/2018\/11\/storie-di-storia-2018-sab-17-ore-17-30\/","og_site_name":"Libreria Libri parlanti","article_publisher":"https:\/\/www.facebook.com\/LibriParlanti","article_published_time":"2018-11-17T17:30:06+00:00","article_modified_time":"2018-11-21T20:35:22+00:00","og_image":[{"width":1959,"height":1642,"url":"https:\/\/www.libriparlanti.org\/wp-content\/uploads\/2018\/11\/storie-2018_Fb-940x788-03.jpg","type":"image\/jpeg"}],"author":"admin","twitter_card":"summary_large_image","twitter_misc":{"Scritto da":"admin","Tempo di lettura stimato":"1 minuto"},"schema":{"@context":"https:\/\/schema.org","@graph":[{"@type":"Article","@id":"https:\/\/www.libriparlanti.org\/index.php\/2018\/11\/storie-di-storia-2018-sab-17-ore-17-30\/#article","isPartOf":{"@id":"https:\/\/www.libriparlanti.org\/index.php\/2018\/11\/storie-di-storia-2018-sab-17-ore-17-30\/"},"author":{"name":"admin","@id":"https:\/\/www.libriparlanti.org\/#\/schema\/person\/a2101732f0cc0144f0a4d0ecc313655a"},"headline":"Storie di Storia 2018 \/sab 17 ore 17.30","datePublished":"2018-11-17T17:30:06+00:00","dateModified":"2018-11-21T20:35:22+00:00","mainEntityOfPage":{"@id":"https:\/\/www.libriparlanti.org\/index.php\/2018\/11\/storie-di-storia-2018-sab-17-ore-17-30\/"},"wordCount":165,"commentCount":0,"image":{"@id":"https:\/\/www.libriparlanti.org\/index.php\/2018\/11\/storie-di-storia-2018-sab-17-ore-17-30\/#primaryimage"},"thumbnailUrl":"https:\/\/www.libriparlanti.org\/wp-content\/uploads\/2018\/11\/storie-2018_Fb-940x788-03.jpg","keywords":["Giovanni falcone","l'assedio"],"articleSection":["eventi"],"inLanguage":"it-IT","potentialAction":[{"@type":"CommentAction","name":"Comment","target":["https:\/\/www.libriparlanti.org\/index.php\/2018\/11\/storie-di-storia-2018-sab-17-ore-17-30\/#respond"]}]},{"@type":"WebPage","@id":"https:\/\/www.libriparlanti.org\/index.php\/2018\/11\/storie-di-storia-2018-sab-17-ore-17-30\/","url":"https:\/\/www.libriparlanti.org\/index.php\/2018\/11\/storie-di-storia-2018-sab-17-ore-17-30\/","name":"Storie di Storia 2018 \/sab 17 ore 17.30 - Libreria Libri parlanti","isPartOf":{"@id":"https:\/\/www.libriparlanti.org\/#website"},"primaryImageOfPage":{"@id":"https:\/\/www.libriparlanti.org\/index.php\/2018\/11\/storie-di-storia-2018-sab-17-ore-17-30\/#primaryimage"},"image":{"@id":"https:\/\/www.libriparlanti.org\/index.php\/2018\/11\/storie-di-storia-2018-sab-17-ore-17-30\/#primaryimage"},"thumbnailUrl":"https:\/\/www.libriparlanti.org\/wp-content\/uploads\/2018\/11\/storie-2018_Fb-940x788-03.jpg","datePublished":"2018-11-17T17:30:06+00:00","dateModified":"2018-11-21T20:35:22+00:00","author":{"@id":"https:\/\/www.libriparlanti.org\/#\/schema\/person\/a2101732f0cc0144f0a4d0ecc313655a"},"breadcrumb":{"@id":"https:\/\/www.libriparlanti.org\/index.php\/2018\/11\/storie-di-storia-2018-sab-17-ore-17-30\/#breadcrumb"},"inLanguage":"it-IT","potentialAction":[{"@type":"ReadAction","target":["https:\/\/www.libriparlanti.org\/index.php\/2018\/11\/storie-di-storia-2018-sab-17-ore-17-30\/"]}]},{"@type":"ImageObject","inLanguage":"it-IT","@id":"https:\/\/www.libriparlanti.org\/index.php\/2018\/11\/storie-di-storia-2018-sab-17-ore-17-30\/#primaryimage","url":"https:\/\/www.libriparlanti.org\/wp-content\/uploads\/2018\/11\/storie-2018_Fb-940x788-03.jpg","contentUrl":"https:\/\/www.libriparlanti.org\/wp-content\/uploads\/2018\/11\/storie-2018_Fb-940x788-03.jpg","width":1959,"height":1642},{"@type":"BreadcrumbList","@id":"https:\/\/www.libriparlanti.org\/index.php\/2018\/11\/storie-di-storia-2018-sab-17-ore-17-30\/#breadcrumb","itemListElement":[{"@type":"ListItem","position":1,"name":"Home","item":"https:\/\/www.libriparlanti.org\/"},{"@type":"ListItem","position":2,"name":"Storie di Storia 2018 \/sab 17 ore 17.30"}]},{"@type":"WebSite","@id":"https:\/\/www.libriparlanti.org\/#website","url":"https:\/\/www.libriparlanti.org\/","name":"Libreria Libri parlanti","description":"Libreria in Castiglione del Lago (Pg)","potentialAction":[{"@type":"SearchAction","target":{"@type":"EntryPoint","urlTemplate":"https:\/\/www.libriparlanti.org\/?s={search_term_string}"},"query-input":{"@type":"PropertyValueSpecification","valueRequired":true,"valueName":"search_term_string"}}],"inLanguage":"it-IT"},{"@type":"Person","@id":"https:\/\/www.libriparlanti.org\/#\/schema\/person\/a2101732f0cc0144f0a4d0ecc313655a","name":"admin","image":{"@type":"ImageObject","inLanguage":"it-IT","@id":"https:\/\/secure.gravatar.com\/avatar\/f06887496a5753f3caca573646570e603d16e07cbd1553492c2c65009e6014ca?s=96&d=mm&r=g","url":"https:\/\/secure.gravatar.com\/avatar\/f06887496a5753f3caca573646570e603d16e07cbd1553492c2c65009e6014ca?s=96&d=mm&r=g","contentUrl":"https:\/\/secure.gravatar.com\/avatar\/f06887496a5753f3caca573646570e603d16e07cbd1553492c2c65009e6014ca?s=96&d=mm&r=g","caption":"admin"},"sameAs":["http:\/\/www.libriparlanti.org"],"url":"https:\/\/www.libriparlanti.org\/index.php\/author\/admin\/"}]}},"_links":{"self":[{"href":"https:\/\/www.libriparlanti.org\/index.php\/wp-json\/wp\/v2\/posts\/6705","targetHints":{"allow":["GET"]}}],"collection":[{"href":"https:\/\/www.libriparlanti.org\/index.php\/wp-json\/wp\/v2\/posts"}],"about":[{"href":"https:\/\/www.libriparlanti.org\/index.php\/wp-json\/wp\/v2\/types\/post"}],"author":[{"embeddable":true,"href":"https:\/\/www.libriparlanti.org\/index.php\/wp-json\/wp\/v2\/users\/1"}],"replies":[{"embeddable":true,"href":"https:\/\/www.libriparlanti.org\/index.php\/wp-json\/wp\/v2\/comments?post=6705"}],"version-history":[{"count":8,"href":"https:\/\/www.libriparlanti.org\/index.php\/wp-json\/wp\/v2\/posts\/6705\/revisions"}],"predecessor-version":[{"id":6774,"href":"https:\/\/www.libriparlanti.org\/index.php\/wp-json\/wp\/v2\/posts\/6705\/revisions\/6774"}],"wp:featuredmedia":[{"embeddable":true,"href":"https:\/\/www.libriparlanti.org\/index.php\/wp-json\/wp\/v2\/media\/6709"}],"wp:attachment":[{"href":"https:\/\/www.libriparlanti.org\/index.php\/wp-json\/wp\/v2\/media?parent=6705"}],"wp:term":[{"taxonomy":"category","embeddable":true,"href":"https:\/\/www.libriparlanti.org\/index.php\/wp-json\/wp\/v2\/categories?post=6705"},{"taxonomy":"post_tag","embeddable":true,"href":"https:\/\/www.libriparlanti.org\/index.php\/wp-json\/wp\/v2\/tags?post=6705"}],"curies":[{"name":"wp","href":"https:\/\/api.w.org\/{rel}","templated":true}]}}