{"id":6514,"date":"2018-07-27T18:00:40","date_gmt":"2018-07-27T18:00:40","guid":{"rendered":"http:\/\/www.libriparlanti.org\/?p=6514"},"modified":"2018-07-30T13:17:13","modified_gmt":"2018-07-30T13:17:13","slug":"un-autrice-paola-buzzeti-ven-27-ore-18-00","status":"publish","type":"post","link":"https:\/\/www.libriparlanti.org\/index.php\/2018\/07\/un-autrice-paola-buzzeti-ven-27-ore-18-00\/","title":{"rendered":"Un autrice: Paola Buzzeti \/ ven 27 ore 18.00"},"content":{"rendered":"<p>Venerd\u00ec 27 luglio 2018 ore 18.00 presso CLUB VELICO TRASIMENO<\/p>\n<p>LUCA DONATEO (campione automobilistico) FRANCESCA SILVESTRI (Editore Ali&amp;No) dialogano con l&#8217;autrice del libro UNA RAGAZZA IN GAMBA<\/p>\n<p><a href=\"http:\/\/www.libriparlanti.org\/wp-content\/uploads\/2018\/07\/Invito-Ragazza-in-gamba_web.jpg\"><img loading=\"lazy\" decoding=\"async\" class=\"alignnone size-medium wp-image-6515\" title=\"13x20\" src=\"http:\/\/www.libriparlanti.org\/wp-content\/uploads\/2018\/07\/Invito-Ragazza-in-gamba_web-e1531918135721-300x298.jpg\" alt=\"\" width=\"300\" height=\"298\" srcset=\"https:\/\/www.libriparlanti.org\/wp-content\/uploads\/2018\/07\/Invito-Ragazza-in-gamba_web-e1531918135721-300x298.jpg 300w, https:\/\/www.libriparlanti.org\/wp-content\/uploads\/2018\/07\/Invito-Ragazza-in-gamba_web-e1531918135721-100x100.jpg 100w, https:\/\/www.libriparlanti.org\/wp-content\/uploads\/2018\/07\/Invito-Ragazza-in-gamba_web-e1531918135721-150x150.jpg 150w, https:\/\/www.libriparlanti.org\/wp-content\/uploads\/2018\/07\/Invito-Ragazza-in-gamba_web-e1531918135721.jpg 487w\" sizes=\"(max-width: 300px) 100vw, 300px\" \/><\/a>Paola \u00e8 una ragazza in gamba forse perch\u00e9 due gambe non le ha mai avute. Affetta da una malattia rara dalla nascita, \u00e8 riuscita laddove altri avrebbero fallito, ha superato complessi interventi chirurgici e dolorosi percorsi riabilitativi, ma ha saputo trasformare il dolore e le difficolt\u00e0 in speranza,\u00a0 costruendosi il futuro che desiderava pezzo dopo pezzo, senza mai abbandonarsi alla disperazione che la sua condizione avrebbe potuto favorire. La vita di Paola \u00e8 una storia bellissima e positiva, di amore per la vita e per gli altri, di quelle che ti prendono il cuore e ti spingono a fare di pi\u00f9, ogni giorno, senza compromessi. La storia di Paola \u00e8 una storia che doveva essere raccontata.<\/p>\n","protected":false},"excerpt":{"rendered":"<p>Venerd\u00ec 27 luglio 2018 ore 18.00 presso CLUB VELICO TRASIMENO LUCA DONATEO (campione automobilistico) FRANCESCA SILVESTRI (Editore Ali&amp;No) dialogano con l&#8217;autrice del libro UNA RAGAZZA IN GAMBA Paola \u00e8 una ragazza in gamba forse perch\u00e9 due gambe non le ha mai avute. Affetta da una malattia rara dalla nascita, \u00e8 riuscita laddove altri avrebbero fallito, [&hellip;]<\/p>\n","protected":false},"author":1,"featured_media":6518,"comment_status":"open","ping_status":"open","sticky":false,"template":"","format":"standard","meta":{"_et_pb_use_builder":"","_et_pb_old_content":"","_et_gb_content_width":"","_joinchat":[],"footnotes":""},"categories":[3],"tags":[816,815],"class_list":["post-6514","post","type-post","status-publish","format-standard","has-post-thumbnail","hentry","category-eventi","tag-paola-buzzetti","tag-una-ragazza-in-gamba"],"yoast_head":"<!-- This site is optimized with the Yoast SEO plugin v27.5 - https:\/\/yoast.com\/product\/yoast-seo-wordpress\/ -->\n<title>Un autrice: Paola Buzzeti \/ ven 27 ore 18.00 - Libreria Libri parlanti<\/title>\n<meta name=\"robots\" content=\"index, follow, max-snippet:-1, max-image-preview:large, max-video-preview:-1\" \/>\n<link rel=\"canonical\" href=\"https:\/\/www.libriparlanti.org\/index.php\/2018\/07\/un-autrice-paola-buzzeti-ven-27-ore-18-00\/\" \/>\n<meta property=\"og:locale\" content=\"it_IT\" \/>\n<meta property=\"og:type\" content=\"article\" \/>\n<meta property=\"og:title\" content=\"Un autrice: Paola Buzzeti \/ ven 27 ore 18.00 - Libreria Libri parlanti\" \/>\n<meta property=\"og:description\" content=\"Venerd\u00ec 27 luglio 2018 ore 18.00 presso CLUB VELICO TRASIMENO LUCA DONATEO (campione automobilistico) FRANCESCA SILVESTRI (Editore Ali&amp;No) dialogano con l&#8217;autrice del libro UNA RAGAZZA IN GAMBA Paola \u00e8 una ragazza in gamba forse perch\u00e9 due gambe non le ha mai avute. Affetta da una malattia rara dalla nascita, \u00e8 riuscita laddove altri avrebbero fallito, [&hellip;]\" \/>\n<meta property=\"og:url\" content=\"https:\/\/www.libriparlanti.org\/index.php\/2018\/07\/un-autrice-paola-buzzeti-ven-27-ore-18-00\/\" \/>\n<meta property=\"og:site_name\" content=\"Libreria Libri parlanti\" \/>\n<meta property=\"article:publisher\" content=\"https:\/\/www.facebook.com\/LibriParlanti\" \/>\n<meta property=\"article:published_time\" content=\"2018-07-27T18:00:40+00:00\" \/>\n<meta property=\"article:modified_time\" content=\"2018-07-30T13:17:13+00:00\" \/>\n<meta property=\"og:image\" content=\"https:\/\/www.libriparlanti.org\/wp-content\/uploads\/2018\/07\/Invito-Ragazza-in-gamba_web3-e1531918313560.jpg\" \/>\n\t<meta property=\"og:image:width\" content=\"479\" \/>\n\t<meta property=\"og:image:height\" content=\"484\" \/>\n\t<meta property=\"og:image:type\" content=\"image\/jpeg\" \/>\n<meta name=\"author\" content=\"admin\" \/>\n<meta name=\"twitter:card\" content=\"summary_large_image\" \/>\n<meta name=\"twitter:label1\" content=\"Scritto da\" \/>\n\t<meta name=\"twitter:data1\" content=\"admin\" \/>\n\t<meta name=\"twitter:label2\" content=\"Tempo di lettura stimato\" \/>\n\t<meta name=\"twitter:data2\" content=\"1 minuto\" \/>\n<script type=\"application\/ld+json\" class=\"yoast-schema-graph\">{\"@context\":\"https:\\\/\\\/schema.org\",\"@graph\":[{\"@type\":\"Article\",\"@id\":\"https:\\\/\\\/www.libriparlanti.org\\\/index.php\\\/2018\\\/07\\\/un-autrice-paola-buzzeti-ven-27-ore-18-00\\\/#article\",\"isPartOf\":{\"@id\":\"https:\\\/\\\/www.libriparlanti.org\\\/index.php\\\/2018\\\/07\\\/un-autrice-paola-buzzeti-ven-27-ore-18-00\\\/\"},\"author\":{\"name\":\"admin\",\"@id\":\"https:\\\/\\\/www.libriparlanti.org\\\/#\\\/schema\\\/person\\\/a2101732f0cc0144f0a4d0ecc313655a\"},\"headline\":\"Un autrice: Paola Buzzeti \\\/ ven 27 ore 18.00\",\"datePublished\":\"2018-07-27T18:00:40+00:00\",\"dateModified\":\"2018-07-30T13:17:13+00:00\",\"mainEntityOfPage\":{\"@id\":\"https:\\\/\\\/www.libriparlanti.org\\\/index.php\\\/2018\\\/07\\\/un-autrice-paola-buzzeti-ven-27-ore-18-00\\\/\"},\"wordCount\":144,\"commentCount\":0,\"image\":{\"@id\":\"https:\\\/\\\/www.libriparlanti.org\\\/index.php\\\/2018\\\/07\\\/un-autrice-paola-buzzeti-ven-27-ore-18-00\\\/#primaryimage\"},\"thumbnailUrl\":\"https:\\\/\\\/www.libriparlanti.org\\\/wp-content\\\/uploads\\\/2018\\\/07\\\/Invito-Ragazza-in-gamba_web3-e1531918313560.jpg\",\"keywords\":[\"paola buzzetti\",\"una ragazza in gamba\"],\"articleSection\":[\"eventi\"],\"inLanguage\":\"it-IT\",\"potentialAction\":[{\"@type\":\"CommentAction\",\"name\":\"Comment\",\"target\":[\"https:\\\/\\\/www.libriparlanti.org\\\/index.php\\\/2018\\\/07\\\/un-autrice-paola-buzzeti-ven-27-ore-18-00\\\/#respond\"]}]},{\"@type\":\"WebPage\",\"@id\":\"https:\\\/\\\/www.libriparlanti.org\\\/index.php\\\/2018\\\/07\\\/un-autrice-paola-buzzeti-ven-27-ore-18-00\\\/\",\"url\":\"https:\\\/\\\/www.libriparlanti.org\\\/index.php\\\/2018\\\/07\\\/un-autrice-paola-buzzeti-ven-27-ore-18-00\\\/\",\"name\":\"Un autrice: Paola Buzzeti \\\/ ven 27 ore 18.00 - Libreria Libri parlanti\",\"isPartOf\":{\"@id\":\"https:\\\/\\\/www.libriparlanti.org\\\/#website\"},\"primaryImageOfPage\":{\"@id\":\"https:\\\/\\\/www.libriparlanti.org\\\/index.php\\\/2018\\\/07\\\/un-autrice-paola-buzzeti-ven-27-ore-18-00\\\/#primaryimage\"},\"image\":{\"@id\":\"https:\\\/\\\/www.libriparlanti.org\\\/index.php\\\/2018\\\/07\\\/un-autrice-paola-buzzeti-ven-27-ore-18-00\\\/#primaryimage\"},\"thumbnailUrl\":\"https:\\\/\\\/www.libriparlanti.org\\\/wp-content\\\/uploads\\\/2018\\\/07\\\/Invito-Ragazza-in-gamba_web3-e1531918313560.jpg\",\"datePublished\":\"2018-07-27T18:00:40+00:00\",\"dateModified\":\"2018-07-30T13:17:13+00:00\",\"author\":{\"@id\":\"https:\\\/\\\/www.libriparlanti.org\\\/#\\\/schema\\\/person\\\/a2101732f0cc0144f0a4d0ecc313655a\"},\"breadcrumb\":{\"@id\":\"https:\\\/\\\/www.libriparlanti.org\\\/index.php\\\/2018\\\/07\\\/un-autrice-paola-buzzeti-ven-27-ore-18-00\\\/#breadcrumb\"},\"inLanguage\":\"it-IT\",\"potentialAction\":[{\"@type\":\"ReadAction\",\"target\":[\"https:\\\/\\\/www.libriparlanti.org\\\/index.php\\\/2018\\\/07\\\/un-autrice-paola-buzzeti-ven-27-ore-18-00\\\/\"]}]},{\"@type\":\"ImageObject\",\"inLanguage\":\"it-IT\",\"@id\":\"https:\\\/\\\/www.libriparlanti.org\\\/index.php\\\/2018\\\/07\\\/un-autrice-paola-buzzeti-ven-27-ore-18-00\\\/#primaryimage\",\"url\":\"https:\\\/\\\/www.libriparlanti.org\\\/wp-content\\\/uploads\\\/2018\\\/07\\\/Invito-Ragazza-in-gamba_web3-e1531918313560.jpg\",\"contentUrl\":\"https:\\\/\\\/www.libriparlanti.org\\\/wp-content\\\/uploads\\\/2018\\\/07\\\/Invito-Ragazza-in-gamba_web3-e1531918313560.jpg\",\"width\":479,\"height\":484},{\"@type\":\"BreadcrumbList\",\"@id\":\"https:\\\/\\\/www.libriparlanti.org\\\/index.php\\\/2018\\\/07\\\/un-autrice-paola-buzzeti-ven-27-ore-18-00\\\/#breadcrumb\",\"itemListElement\":[{\"@type\":\"ListItem\",\"position\":1,\"name\":\"Home\",\"item\":\"https:\\\/\\\/www.libriparlanti.org\\\/\"},{\"@type\":\"ListItem\",\"position\":2,\"name\":\"Un autrice: Paola Buzzeti \\\/ ven 27 ore 18.00\"}]},{\"@type\":\"WebSite\",\"@id\":\"https:\\\/\\\/www.libriparlanti.org\\\/#website\",\"url\":\"https:\\\/\\\/www.libriparlanti.org\\\/\",\"name\":\"Libreria Libri parlanti\",\"description\":\"Libreria in Castiglione del Lago (Pg)\",\"potentialAction\":[{\"@type\":\"SearchAction\",\"target\":{\"@type\":\"EntryPoint\",\"urlTemplate\":\"https:\\\/\\\/www.libriparlanti.org\\\/?s={search_term_string}\"},\"query-input\":{\"@type\":\"PropertyValueSpecification\",\"valueRequired\":true,\"valueName\":\"search_term_string\"}}],\"inLanguage\":\"it-IT\"},{\"@type\":\"Person\",\"@id\":\"https:\\\/\\\/www.libriparlanti.org\\\/#\\\/schema\\\/person\\\/a2101732f0cc0144f0a4d0ecc313655a\",\"name\":\"admin\",\"image\":{\"@type\":\"ImageObject\",\"inLanguage\":\"it-IT\",\"@id\":\"https:\\\/\\\/secure.gravatar.com\\\/avatar\\\/f06887496a5753f3caca573646570e603d16e07cbd1553492c2c65009e6014ca?s=96&d=mm&r=g\",\"url\":\"https:\\\/\\\/secure.gravatar.com\\\/avatar\\\/f06887496a5753f3caca573646570e603d16e07cbd1553492c2c65009e6014ca?s=96&d=mm&r=g\",\"contentUrl\":\"https:\\\/\\\/secure.gravatar.com\\\/avatar\\\/f06887496a5753f3caca573646570e603d16e07cbd1553492c2c65009e6014ca?s=96&d=mm&r=g\",\"caption\":\"admin\"},\"sameAs\":[\"http:\\\/\\\/www.libriparlanti.org\"],\"url\":\"https:\\\/\\\/www.libriparlanti.org\\\/index.php\\\/author\\\/admin\\\/\"}]}<\/script>\n<!-- \/ Yoast SEO plugin. -->","yoast_head_json":{"title":"Un autrice: Paola Buzzeti \/ ven 27 ore 18.00 - Libreria Libri parlanti","robots":{"index":"index","follow":"follow","max-snippet":"max-snippet:-1","max-image-preview":"max-image-preview:large","max-video-preview":"max-video-preview:-1"},"canonical":"https:\/\/www.libriparlanti.org\/index.php\/2018\/07\/un-autrice-paola-buzzeti-ven-27-ore-18-00\/","og_locale":"it_IT","og_type":"article","og_title":"Un autrice: Paola Buzzeti \/ ven 27 ore 18.00 - Libreria Libri parlanti","og_description":"Venerd\u00ec 27 luglio 2018 ore 18.00 presso CLUB VELICO TRASIMENO LUCA DONATEO (campione automobilistico) FRANCESCA SILVESTRI (Editore Ali&amp;No) dialogano con l&#8217;autrice del libro UNA RAGAZZA IN GAMBA Paola \u00e8 una ragazza in gamba forse perch\u00e9 due gambe non le ha mai avute. Affetta da una malattia rara dalla nascita, \u00e8 riuscita laddove altri avrebbero fallito, [&hellip;]","og_url":"https:\/\/www.libriparlanti.org\/index.php\/2018\/07\/un-autrice-paola-buzzeti-ven-27-ore-18-00\/","og_site_name":"Libreria Libri parlanti","article_publisher":"https:\/\/www.facebook.com\/LibriParlanti","article_published_time":"2018-07-27T18:00:40+00:00","article_modified_time":"2018-07-30T13:17:13+00:00","og_image":[{"width":479,"height":484,"url":"https:\/\/www.libriparlanti.org\/wp-content\/uploads\/2018\/07\/Invito-Ragazza-in-gamba_web3-e1531918313560.jpg","type":"image\/jpeg"}],"author":"admin","twitter_card":"summary_large_image","twitter_misc":{"Scritto da":"admin","Tempo di lettura stimato":"1 minuto"},"schema":{"@context":"https:\/\/schema.org","@graph":[{"@type":"Article","@id":"https:\/\/www.libriparlanti.org\/index.php\/2018\/07\/un-autrice-paola-buzzeti-ven-27-ore-18-00\/#article","isPartOf":{"@id":"https:\/\/www.libriparlanti.org\/index.php\/2018\/07\/un-autrice-paola-buzzeti-ven-27-ore-18-00\/"},"author":{"name":"admin","@id":"https:\/\/www.libriparlanti.org\/#\/schema\/person\/a2101732f0cc0144f0a4d0ecc313655a"},"headline":"Un autrice: Paola Buzzeti \/ ven 27 ore 18.00","datePublished":"2018-07-27T18:00:40+00:00","dateModified":"2018-07-30T13:17:13+00:00","mainEntityOfPage":{"@id":"https:\/\/www.libriparlanti.org\/index.php\/2018\/07\/un-autrice-paola-buzzeti-ven-27-ore-18-00\/"},"wordCount":144,"commentCount":0,"image":{"@id":"https:\/\/www.libriparlanti.org\/index.php\/2018\/07\/un-autrice-paola-buzzeti-ven-27-ore-18-00\/#primaryimage"},"thumbnailUrl":"https:\/\/www.libriparlanti.org\/wp-content\/uploads\/2018\/07\/Invito-Ragazza-in-gamba_web3-e1531918313560.jpg","keywords":["paola buzzetti","una ragazza in gamba"],"articleSection":["eventi"],"inLanguage":"it-IT","potentialAction":[{"@type":"CommentAction","name":"Comment","target":["https:\/\/www.libriparlanti.org\/index.php\/2018\/07\/un-autrice-paola-buzzeti-ven-27-ore-18-00\/#respond"]}]},{"@type":"WebPage","@id":"https:\/\/www.libriparlanti.org\/index.php\/2018\/07\/un-autrice-paola-buzzeti-ven-27-ore-18-00\/","url":"https:\/\/www.libriparlanti.org\/index.php\/2018\/07\/un-autrice-paola-buzzeti-ven-27-ore-18-00\/","name":"Un autrice: Paola Buzzeti \/ ven 27 ore 18.00 - Libreria Libri parlanti","isPartOf":{"@id":"https:\/\/www.libriparlanti.org\/#website"},"primaryImageOfPage":{"@id":"https:\/\/www.libriparlanti.org\/index.php\/2018\/07\/un-autrice-paola-buzzeti-ven-27-ore-18-00\/#primaryimage"},"image":{"@id":"https:\/\/www.libriparlanti.org\/index.php\/2018\/07\/un-autrice-paola-buzzeti-ven-27-ore-18-00\/#primaryimage"},"thumbnailUrl":"https:\/\/www.libriparlanti.org\/wp-content\/uploads\/2018\/07\/Invito-Ragazza-in-gamba_web3-e1531918313560.jpg","datePublished":"2018-07-27T18:00:40+00:00","dateModified":"2018-07-30T13:17:13+00:00","author":{"@id":"https:\/\/www.libriparlanti.org\/#\/schema\/person\/a2101732f0cc0144f0a4d0ecc313655a"},"breadcrumb":{"@id":"https:\/\/www.libriparlanti.org\/index.php\/2018\/07\/un-autrice-paola-buzzeti-ven-27-ore-18-00\/#breadcrumb"},"inLanguage":"it-IT","potentialAction":[{"@type":"ReadAction","target":["https:\/\/www.libriparlanti.org\/index.php\/2018\/07\/un-autrice-paola-buzzeti-ven-27-ore-18-00\/"]}]},{"@type":"ImageObject","inLanguage":"it-IT","@id":"https:\/\/www.libriparlanti.org\/index.php\/2018\/07\/un-autrice-paola-buzzeti-ven-27-ore-18-00\/#primaryimage","url":"https:\/\/www.libriparlanti.org\/wp-content\/uploads\/2018\/07\/Invito-Ragazza-in-gamba_web3-e1531918313560.jpg","contentUrl":"https:\/\/www.libriparlanti.org\/wp-content\/uploads\/2018\/07\/Invito-Ragazza-in-gamba_web3-e1531918313560.jpg","width":479,"height":484},{"@type":"BreadcrumbList","@id":"https:\/\/www.libriparlanti.org\/index.php\/2018\/07\/un-autrice-paola-buzzeti-ven-27-ore-18-00\/#breadcrumb","itemListElement":[{"@type":"ListItem","position":1,"name":"Home","item":"https:\/\/www.libriparlanti.org\/"},{"@type":"ListItem","position":2,"name":"Un autrice: Paola Buzzeti \/ ven 27 ore 18.00"}]},{"@type":"WebSite","@id":"https:\/\/www.libriparlanti.org\/#website","url":"https:\/\/www.libriparlanti.org\/","name":"Libreria Libri parlanti","description":"Libreria in Castiglione del Lago (Pg)","potentialAction":[{"@type":"SearchAction","target":{"@type":"EntryPoint","urlTemplate":"https:\/\/www.libriparlanti.org\/?s={search_term_string}"},"query-input":{"@type":"PropertyValueSpecification","valueRequired":true,"valueName":"search_term_string"}}],"inLanguage":"it-IT"},{"@type":"Person","@id":"https:\/\/www.libriparlanti.org\/#\/schema\/person\/a2101732f0cc0144f0a4d0ecc313655a","name":"admin","image":{"@type":"ImageObject","inLanguage":"it-IT","@id":"https:\/\/secure.gravatar.com\/avatar\/f06887496a5753f3caca573646570e603d16e07cbd1553492c2c65009e6014ca?s=96&d=mm&r=g","url":"https:\/\/secure.gravatar.com\/avatar\/f06887496a5753f3caca573646570e603d16e07cbd1553492c2c65009e6014ca?s=96&d=mm&r=g","contentUrl":"https:\/\/secure.gravatar.com\/avatar\/f06887496a5753f3caca573646570e603d16e07cbd1553492c2c65009e6014ca?s=96&d=mm&r=g","caption":"admin"},"sameAs":["http:\/\/www.libriparlanti.org"],"url":"https:\/\/www.libriparlanti.org\/index.php\/author\/admin\/"}]}},"_links":{"self":[{"href":"https:\/\/www.libriparlanti.org\/index.php\/wp-json\/wp\/v2\/posts\/6514","targetHints":{"allow":["GET"]}}],"collection":[{"href":"https:\/\/www.libriparlanti.org\/index.php\/wp-json\/wp\/v2\/posts"}],"about":[{"href":"https:\/\/www.libriparlanti.org\/index.php\/wp-json\/wp\/v2\/types\/post"}],"author":[{"embeddable":true,"href":"https:\/\/www.libriparlanti.org\/index.php\/wp-json\/wp\/v2\/users\/1"}],"replies":[{"embeddable":true,"href":"https:\/\/www.libriparlanti.org\/index.php\/wp-json\/wp\/v2\/comments?post=6514"}],"version-history":[{"count":2,"href":"https:\/\/www.libriparlanti.org\/index.php\/wp-json\/wp\/v2\/posts\/6514\/revisions"}],"predecessor-version":[{"id":6530,"href":"https:\/\/www.libriparlanti.org\/index.php\/wp-json\/wp\/v2\/posts\/6514\/revisions\/6530"}],"wp:featuredmedia":[{"embeddable":true,"href":"https:\/\/www.libriparlanti.org\/index.php\/wp-json\/wp\/v2\/media\/6518"}],"wp:attachment":[{"href":"https:\/\/www.libriparlanti.org\/index.php\/wp-json\/wp\/v2\/media?parent=6514"}],"wp:term":[{"taxonomy":"category","embeddable":true,"href":"https:\/\/www.libriparlanti.org\/index.php\/wp-json\/wp\/v2\/categories?post=6514"},{"taxonomy":"post_tag","embeddable":true,"href":"https:\/\/www.libriparlanti.org\/index.php\/wp-json\/wp\/v2\/tags?post=6514"}],"curies":[{"name":"wp","href":"https:\/\/api.w.org\/{rel}","templated":true}]}}