{"id":6335,"date":"2018-04-04T10:00:01","date_gmt":"2018-04-04T10:00:01","guid":{"rendered":"http:\/\/www.libriparlanti.org\/?p=6335"},"modified":"2018-04-06T12:42:51","modified_gmt":"2018-04-06T12:42:51","slug":"strega-comanda-color-mer-4-ore-10-00-12-00","status":"publish","type":"post","link":"https:\/\/www.libriparlanti.org\/index.php\/2018\/04\/strega-comanda-color-mer-4-ore-10-00-12-00\/","title":{"rendered":"STREGA COMANDA COLOR \/ Mer 4 ore 10.00-12.00"},"content":{"rendered":"<p><img loading=\"lazy\" decoding=\"async\" class=\"alignnone size-medium wp-image-6336\" title=\"cop_strega_comanda_colori\" src=\"http:\/\/www.libriparlanti.org\/wp-content\/uploads\/2018\/04\/cop_strega_comanda_colori-225x300.jpg\" alt=\"\" width=\"225\" height=\"300\" srcset=\"https:\/\/www.libriparlanti.org\/wp-content\/uploads\/2018\/04\/cop_strega_comanda_colori-225x300.jpg 225w, https:\/\/www.libriparlanti.org\/wp-content\/uploads\/2018\/04\/cop_strega_comanda_colori.jpg 260w\" sizes=\"(max-width: 225px) 100vw, 225px\" \/><\/p>\n<p>David Conati autore di moltissimi libri per ragazzi, presenter\u00e0 nelle scuole del Circolo Didattico F. Rasetti di Castiglione del Lago STREGA COMANDA COLOR Ed.Raffaello.<\/p>\n<p>Iride non \u00e8 una strega qualunque, nossignori, \u00e8 una Strega Comanda Colore. Lei ha il delicatissimo incarico, dopo i temporali, di stendere in cielo l\u2019arcobaleno. Non \u00e8 un compito facile, specialmente se un folletto dispettoso si mette di mezzo. Un delizioso racconto, ricco di magia e di divertimento, per capire quali sono i colori primari e come si formano i colori secondari<\/p>\n","protected":false},"excerpt":{"rendered":"<p>David Conati autore di moltissimi libri per ragazzi, presenter\u00e0 nelle scuole del Circolo Didattico F. Rasetti di Castiglione del Lago STREGA COMANDA COLOR Ed.Raffaello. Iride non \u00e8 una strega qualunque, nossignori, \u00e8 una Strega Comanda Colore. Lei ha il delicatissimo incarico, dopo i temporali, di stendere in cielo l\u2019arcobaleno. Non \u00e8 un compito facile, specialmente [&hellip;]<\/p>\n","protected":false},"author":1,"featured_media":6337,"comment_status":"open","ping_status":"open","sticky":false,"template":"","format":"standard","meta":{"_et_pb_use_builder":"","_et_pb_old_content":"","_et_gb_content_width":"","_joinchat":[],"footnotes":""},"categories":[3],"tags":[800,801],"class_list":["post-6335","post","type-post","status-publish","format-standard","has-post-thumbnail","hentry","category-eventi","tag-david-conati","tag-strega-comanda-color"],"yoast_head":"<!-- This site is optimized with the Yoast SEO plugin v27.5 - https:\/\/yoast.com\/product\/yoast-seo-wordpress\/ -->\n<title>STREGA COMANDA COLOR \/ Mer 4 ore 10.00-12.00 - Libreria Libri parlanti<\/title>\n<meta name=\"robots\" content=\"index, follow, max-snippet:-1, max-image-preview:large, max-video-preview:-1\" \/>\n<link rel=\"canonical\" href=\"https:\/\/www.libriparlanti.org\/index.php\/2018\/04\/strega-comanda-color-mer-4-ore-10-00-12-00\/\" \/>\n<meta property=\"og:locale\" content=\"it_IT\" \/>\n<meta property=\"og:type\" content=\"article\" \/>\n<meta property=\"og:title\" content=\"STREGA COMANDA COLOR \/ Mer 4 ore 10.00-12.00 - Libreria Libri parlanti\" \/>\n<meta property=\"og:description\" content=\"David Conati autore di moltissimi libri per ragazzi, presenter\u00e0 nelle scuole del Circolo Didattico F. Rasetti di Castiglione del Lago STREGA COMANDA COLOR Ed.Raffaello. Iride non \u00e8 una strega qualunque, nossignori, \u00e8 una Strega Comanda Colore. Lei ha il delicatissimo incarico, dopo i temporali, di stendere in cielo l\u2019arcobaleno. Non \u00e8 un compito facile, specialmente [&hellip;]\" \/>\n<meta property=\"og:url\" content=\"https:\/\/www.libriparlanti.org\/index.php\/2018\/04\/strega-comanda-color-mer-4-ore-10-00-12-00\/\" \/>\n<meta property=\"og:site_name\" content=\"Libreria Libri parlanti\" \/>\n<meta property=\"article:publisher\" content=\"https:\/\/www.facebook.com\/LibriParlanti\" \/>\n<meta property=\"article:published_time\" content=\"2018-04-04T10:00:01+00:00\" \/>\n<meta property=\"article:modified_time\" content=\"2018-04-06T12:42:51+00:00\" \/>\n<meta property=\"og:image\" content=\"https:\/\/www.libriparlanti.org\/wp-content\/uploads\/2018\/04\/cop_strega_comanda_colori1.jpg\" \/>\n\t<meta property=\"og:image:width\" content=\"260\" \/>\n\t<meta property=\"og:image:height\" content=\"346\" \/>\n\t<meta property=\"og:image:type\" content=\"image\/jpeg\" \/>\n<meta name=\"author\" content=\"admin\" \/>\n<meta name=\"twitter:card\" content=\"summary_large_image\" \/>\n<meta name=\"twitter:label1\" content=\"Scritto da\" \/>\n\t<meta name=\"twitter:data1\" content=\"admin\" \/>\n<script type=\"application\/ld+json\" class=\"yoast-schema-graph\">{\"@context\":\"https:\\\/\\\/schema.org\",\"@graph\":[{\"@type\":\"Article\",\"@id\":\"https:\\\/\\\/www.libriparlanti.org\\\/index.php\\\/2018\\\/04\\\/strega-comanda-color-mer-4-ore-10-00-12-00\\\/#article\",\"isPartOf\":{\"@id\":\"https:\\\/\\\/www.libriparlanti.org\\\/index.php\\\/2018\\\/04\\\/strega-comanda-color-mer-4-ore-10-00-12-00\\\/\"},\"author\":{\"name\":\"admin\",\"@id\":\"https:\\\/\\\/www.libriparlanti.org\\\/#\\\/schema\\\/person\\\/a2101732f0cc0144f0a4d0ecc313655a\"},\"headline\":\"STREGA COMANDA COLOR \\\/ Mer 4 ore 10.00-12.00\",\"datePublished\":\"2018-04-04T10:00:01+00:00\",\"dateModified\":\"2018-04-06T12:42:51+00:00\",\"mainEntityOfPage\":{\"@id\":\"https:\\\/\\\/www.libriparlanti.org\\\/index.php\\\/2018\\\/04\\\/strega-comanda-color-mer-4-ore-10-00-12-00\\\/\"},\"wordCount\":91,\"commentCount\":0,\"image\":{\"@id\":\"https:\\\/\\\/www.libriparlanti.org\\\/index.php\\\/2018\\\/04\\\/strega-comanda-color-mer-4-ore-10-00-12-00\\\/#primaryimage\"},\"thumbnailUrl\":\"https:\\\/\\\/www.libriparlanti.org\\\/wp-content\\\/uploads\\\/2018\\\/04\\\/cop_strega_comanda_colori1.jpg\",\"keywords\":[\"david conati\",\"strega comanda color\"],\"articleSection\":[\"eventi\"],\"inLanguage\":\"it-IT\",\"potentialAction\":[{\"@type\":\"CommentAction\",\"name\":\"Comment\",\"target\":[\"https:\\\/\\\/www.libriparlanti.org\\\/index.php\\\/2018\\\/04\\\/strega-comanda-color-mer-4-ore-10-00-12-00\\\/#respond\"]}]},{\"@type\":\"WebPage\",\"@id\":\"https:\\\/\\\/www.libriparlanti.org\\\/index.php\\\/2018\\\/04\\\/strega-comanda-color-mer-4-ore-10-00-12-00\\\/\",\"url\":\"https:\\\/\\\/www.libriparlanti.org\\\/index.php\\\/2018\\\/04\\\/strega-comanda-color-mer-4-ore-10-00-12-00\\\/\",\"name\":\"STREGA COMANDA COLOR \\\/ Mer 4 ore 10.00-12.00 - Libreria Libri parlanti\",\"isPartOf\":{\"@id\":\"https:\\\/\\\/www.libriparlanti.org\\\/#website\"},\"primaryImageOfPage\":{\"@id\":\"https:\\\/\\\/www.libriparlanti.org\\\/index.php\\\/2018\\\/04\\\/strega-comanda-color-mer-4-ore-10-00-12-00\\\/#primaryimage\"},\"image\":{\"@id\":\"https:\\\/\\\/www.libriparlanti.org\\\/index.php\\\/2018\\\/04\\\/strega-comanda-color-mer-4-ore-10-00-12-00\\\/#primaryimage\"},\"thumbnailUrl\":\"https:\\\/\\\/www.libriparlanti.org\\\/wp-content\\\/uploads\\\/2018\\\/04\\\/cop_strega_comanda_colori1.jpg\",\"datePublished\":\"2018-04-04T10:00:01+00:00\",\"dateModified\":\"2018-04-06T12:42:51+00:00\",\"author\":{\"@id\":\"https:\\\/\\\/www.libriparlanti.org\\\/#\\\/schema\\\/person\\\/a2101732f0cc0144f0a4d0ecc313655a\"},\"breadcrumb\":{\"@id\":\"https:\\\/\\\/www.libriparlanti.org\\\/index.php\\\/2018\\\/04\\\/strega-comanda-color-mer-4-ore-10-00-12-00\\\/#breadcrumb\"},\"inLanguage\":\"it-IT\",\"potentialAction\":[{\"@type\":\"ReadAction\",\"target\":[\"https:\\\/\\\/www.libriparlanti.org\\\/index.php\\\/2018\\\/04\\\/strega-comanda-color-mer-4-ore-10-00-12-00\\\/\"]}]},{\"@type\":\"ImageObject\",\"inLanguage\":\"it-IT\",\"@id\":\"https:\\\/\\\/www.libriparlanti.org\\\/index.php\\\/2018\\\/04\\\/strega-comanda-color-mer-4-ore-10-00-12-00\\\/#primaryimage\",\"url\":\"https:\\\/\\\/www.libriparlanti.org\\\/wp-content\\\/uploads\\\/2018\\\/04\\\/cop_strega_comanda_colori1.jpg\",\"contentUrl\":\"https:\\\/\\\/www.libriparlanti.org\\\/wp-content\\\/uploads\\\/2018\\\/04\\\/cop_strega_comanda_colori1.jpg\",\"width\":260,\"height\":346},{\"@type\":\"BreadcrumbList\",\"@id\":\"https:\\\/\\\/www.libriparlanti.org\\\/index.php\\\/2018\\\/04\\\/strega-comanda-color-mer-4-ore-10-00-12-00\\\/#breadcrumb\",\"itemListElement\":[{\"@type\":\"ListItem\",\"position\":1,\"name\":\"Home\",\"item\":\"https:\\\/\\\/www.libriparlanti.org\\\/\"},{\"@type\":\"ListItem\",\"position\":2,\"name\":\"STREGA COMANDA COLOR \\\/ Mer 4 ore 10.00-12.00\"}]},{\"@type\":\"WebSite\",\"@id\":\"https:\\\/\\\/www.libriparlanti.org\\\/#website\",\"url\":\"https:\\\/\\\/www.libriparlanti.org\\\/\",\"name\":\"Libreria Libri parlanti\",\"description\":\"Libreria in Castiglione del Lago (Pg)\",\"potentialAction\":[{\"@type\":\"SearchAction\",\"target\":{\"@type\":\"EntryPoint\",\"urlTemplate\":\"https:\\\/\\\/www.libriparlanti.org\\\/?s={search_term_string}\"},\"query-input\":{\"@type\":\"PropertyValueSpecification\",\"valueRequired\":true,\"valueName\":\"search_term_string\"}}],\"inLanguage\":\"it-IT\"},{\"@type\":\"Person\",\"@id\":\"https:\\\/\\\/www.libriparlanti.org\\\/#\\\/schema\\\/person\\\/a2101732f0cc0144f0a4d0ecc313655a\",\"name\":\"admin\",\"image\":{\"@type\":\"ImageObject\",\"inLanguage\":\"it-IT\",\"@id\":\"https:\\\/\\\/secure.gravatar.com\\\/avatar\\\/f06887496a5753f3caca573646570e603d16e07cbd1553492c2c65009e6014ca?s=96&d=mm&r=g\",\"url\":\"https:\\\/\\\/secure.gravatar.com\\\/avatar\\\/f06887496a5753f3caca573646570e603d16e07cbd1553492c2c65009e6014ca?s=96&d=mm&r=g\",\"contentUrl\":\"https:\\\/\\\/secure.gravatar.com\\\/avatar\\\/f06887496a5753f3caca573646570e603d16e07cbd1553492c2c65009e6014ca?s=96&d=mm&r=g\",\"caption\":\"admin\"},\"sameAs\":[\"http:\\\/\\\/www.libriparlanti.org\"],\"url\":\"https:\\\/\\\/www.libriparlanti.org\\\/index.php\\\/author\\\/admin\\\/\"}]}<\/script>\n<!-- \/ Yoast SEO plugin. -->","yoast_head_json":{"title":"STREGA COMANDA COLOR \/ Mer 4 ore 10.00-12.00 - Libreria Libri parlanti","robots":{"index":"index","follow":"follow","max-snippet":"max-snippet:-1","max-image-preview":"max-image-preview:large","max-video-preview":"max-video-preview:-1"},"canonical":"https:\/\/www.libriparlanti.org\/index.php\/2018\/04\/strega-comanda-color-mer-4-ore-10-00-12-00\/","og_locale":"it_IT","og_type":"article","og_title":"STREGA COMANDA COLOR \/ Mer 4 ore 10.00-12.00 - Libreria Libri parlanti","og_description":"David Conati autore di moltissimi libri per ragazzi, presenter\u00e0 nelle scuole del Circolo Didattico F. Rasetti di Castiglione del Lago STREGA COMANDA COLOR Ed.Raffaello. Iride non \u00e8 una strega qualunque, nossignori, \u00e8 una Strega Comanda Colore. Lei ha il delicatissimo incarico, dopo i temporali, di stendere in cielo l\u2019arcobaleno. Non \u00e8 un compito facile, specialmente [&hellip;]","og_url":"https:\/\/www.libriparlanti.org\/index.php\/2018\/04\/strega-comanda-color-mer-4-ore-10-00-12-00\/","og_site_name":"Libreria Libri parlanti","article_publisher":"https:\/\/www.facebook.com\/LibriParlanti","article_published_time":"2018-04-04T10:00:01+00:00","article_modified_time":"2018-04-06T12:42:51+00:00","og_image":[{"width":260,"height":346,"url":"https:\/\/www.libriparlanti.org\/wp-content\/uploads\/2018\/04\/cop_strega_comanda_colori1.jpg","type":"image\/jpeg"}],"author":"admin","twitter_card":"summary_large_image","twitter_misc":{"Scritto da":"admin"},"schema":{"@context":"https:\/\/schema.org","@graph":[{"@type":"Article","@id":"https:\/\/www.libriparlanti.org\/index.php\/2018\/04\/strega-comanda-color-mer-4-ore-10-00-12-00\/#article","isPartOf":{"@id":"https:\/\/www.libriparlanti.org\/index.php\/2018\/04\/strega-comanda-color-mer-4-ore-10-00-12-00\/"},"author":{"name":"admin","@id":"https:\/\/www.libriparlanti.org\/#\/schema\/person\/a2101732f0cc0144f0a4d0ecc313655a"},"headline":"STREGA COMANDA COLOR \/ Mer 4 ore 10.00-12.00","datePublished":"2018-04-04T10:00:01+00:00","dateModified":"2018-04-06T12:42:51+00:00","mainEntityOfPage":{"@id":"https:\/\/www.libriparlanti.org\/index.php\/2018\/04\/strega-comanda-color-mer-4-ore-10-00-12-00\/"},"wordCount":91,"commentCount":0,"image":{"@id":"https:\/\/www.libriparlanti.org\/index.php\/2018\/04\/strega-comanda-color-mer-4-ore-10-00-12-00\/#primaryimage"},"thumbnailUrl":"https:\/\/www.libriparlanti.org\/wp-content\/uploads\/2018\/04\/cop_strega_comanda_colori1.jpg","keywords":["david conati","strega comanda color"],"articleSection":["eventi"],"inLanguage":"it-IT","potentialAction":[{"@type":"CommentAction","name":"Comment","target":["https:\/\/www.libriparlanti.org\/index.php\/2018\/04\/strega-comanda-color-mer-4-ore-10-00-12-00\/#respond"]}]},{"@type":"WebPage","@id":"https:\/\/www.libriparlanti.org\/index.php\/2018\/04\/strega-comanda-color-mer-4-ore-10-00-12-00\/","url":"https:\/\/www.libriparlanti.org\/index.php\/2018\/04\/strega-comanda-color-mer-4-ore-10-00-12-00\/","name":"STREGA COMANDA COLOR \/ Mer 4 ore 10.00-12.00 - Libreria Libri parlanti","isPartOf":{"@id":"https:\/\/www.libriparlanti.org\/#website"},"primaryImageOfPage":{"@id":"https:\/\/www.libriparlanti.org\/index.php\/2018\/04\/strega-comanda-color-mer-4-ore-10-00-12-00\/#primaryimage"},"image":{"@id":"https:\/\/www.libriparlanti.org\/index.php\/2018\/04\/strega-comanda-color-mer-4-ore-10-00-12-00\/#primaryimage"},"thumbnailUrl":"https:\/\/www.libriparlanti.org\/wp-content\/uploads\/2018\/04\/cop_strega_comanda_colori1.jpg","datePublished":"2018-04-04T10:00:01+00:00","dateModified":"2018-04-06T12:42:51+00:00","author":{"@id":"https:\/\/www.libriparlanti.org\/#\/schema\/person\/a2101732f0cc0144f0a4d0ecc313655a"},"breadcrumb":{"@id":"https:\/\/www.libriparlanti.org\/index.php\/2018\/04\/strega-comanda-color-mer-4-ore-10-00-12-00\/#breadcrumb"},"inLanguage":"it-IT","potentialAction":[{"@type":"ReadAction","target":["https:\/\/www.libriparlanti.org\/index.php\/2018\/04\/strega-comanda-color-mer-4-ore-10-00-12-00\/"]}]},{"@type":"ImageObject","inLanguage":"it-IT","@id":"https:\/\/www.libriparlanti.org\/index.php\/2018\/04\/strega-comanda-color-mer-4-ore-10-00-12-00\/#primaryimage","url":"https:\/\/www.libriparlanti.org\/wp-content\/uploads\/2018\/04\/cop_strega_comanda_colori1.jpg","contentUrl":"https:\/\/www.libriparlanti.org\/wp-content\/uploads\/2018\/04\/cop_strega_comanda_colori1.jpg","width":260,"height":346},{"@type":"BreadcrumbList","@id":"https:\/\/www.libriparlanti.org\/index.php\/2018\/04\/strega-comanda-color-mer-4-ore-10-00-12-00\/#breadcrumb","itemListElement":[{"@type":"ListItem","position":1,"name":"Home","item":"https:\/\/www.libriparlanti.org\/"},{"@type":"ListItem","position":2,"name":"STREGA COMANDA COLOR \/ Mer 4 ore 10.00-12.00"}]},{"@type":"WebSite","@id":"https:\/\/www.libriparlanti.org\/#website","url":"https:\/\/www.libriparlanti.org\/","name":"Libreria Libri parlanti","description":"Libreria in Castiglione del Lago (Pg)","potentialAction":[{"@type":"SearchAction","target":{"@type":"EntryPoint","urlTemplate":"https:\/\/www.libriparlanti.org\/?s={search_term_string}"},"query-input":{"@type":"PropertyValueSpecification","valueRequired":true,"valueName":"search_term_string"}}],"inLanguage":"it-IT"},{"@type":"Person","@id":"https:\/\/www.libriparlanti.org\/#\/schema\/person\/a2101732f0cc0144f0a4d0ecc313655a","name":"admin","image":{"@type":"ImageObject","inLanguage":"it-IT","@id":"https:\/\/secure.gravatar.com\/avatar\/f06887496a5753f3caca573646570e603d16e07cbd1553492c2c65009e6014ca?s=96&d=mm&r=g","url":"https:\/\/secure.gravatar.com\/avatar\/f06887496a5753f3caca573646570e603d16e07cbd1553492c2c65009e6014ca?s=96&d=mm&r=g","contentUrl":"https:\/\/secure.gravatar.com\/avatar\/f06887496a5753f3caca573646570e603d16e07cbd1553492c2c65009e6014ca?s=96&d=mm&r=g","caption":"admin"},"sameAs":["http:\/\/www.libriparlanti.org"],"url":"https:\/\/www.libriparlanti.org\/index.php\/author\/admin\/"}]}},"_links":{"self":[{"href":"https:\/\/www.libriparlanti.org\/index.php\/wp-json\/wp\/v2\/posts\/6335","targetHints":{"allow":["GET"]}}],"collection":[{"href":"https:\/\/www.libriparlanti.org\/index.php\/wp-json\/wp\/v2\/posts"}],"about":[{"href":"https:\/\/www.libriparlanti.org\/index.php\/wp-json\/wp\/v2\/types\/post"}],"author":[{"embeddable":true,"href":"https:\/\/www.libriparlanti.org\/index.php\/wp-json\/wp\/v2\/users\/1"}],"replies":[{"embeddable":true,"href":"https:\/\/www.libriparlanti.org\/index.php\/wp-json\/wp\/v2\/comments?post=6335"}],"version-history":[{"count":3,"href":"https:\/\/www.libriparlanti.org\/index.php\/wp-json\/wp\/v2\/posts\/6335\/revisions"}],"predecessor-version":[{"id":6340,"href":"https:\/\/www.libriparlanti.org\/index.php\/wp-json\/wp\/v2\/posts\/6335\/revisions\/6340"}],"wp:featuredmedia":[{"embeddable":true,"href":"https:\/\/www.libriparlanti.org\/index.php\/wp-json\/wp\/v2\/media\/6337"}],"wp:attachment":[{"href":"https:\/\/www.libriparlanti.org\/index.php\/wp-json\/wp\/v2\/media?parent=6335"}],"wp:term":[{"taxonomy":"category","embeddable":true,"href":"https:\/\/www.libriparlanti.org\/index.php\/wp-json\/wp\/v2\/categories?post=6335"},{"taxonomy":"post_tag","embeddable":true,"href":"https:\/\/www.libriparlanti.org\/index.php\/wp-json\/wp\/v2\/tags?post=6335"}],"curies":[{"name":"wp","href":"https:\/\/api.w.org\/{rel}","templated":true}]}}