{"id":6224,"date":"2018-02-06T21:00:11","date_gmt":"2018-02-06T21:00:11","guid":{"rendered":"http:\/\/www.libriparlanti.org\/?p=6224"},"modified":"2018-02-06T21:35:16","modified_gmt":"2018-02-06T21:35:16","slug":"leggermente-tra-le-righe-mar-6-ore-21-00","status":"publish","type":"post","link":"https:\/\/www.libriparlanti.org\/index.php\/2018\/02\/leggermente-tra-le-righe-mar-6-ore-21-00\/","title":{"rendered":"\u201dLEGGErMENTE TRA LE RIGHE\u201d \/ Mar 6 ore 21.00"},"content":{"rendered":"<p><img loading=\"lazy\" decoding=\"async\" class=\"alignnone size-medium wp-image-6225\" title=\"18835723_986609648108631_8435648093870916974_n\" src=\"http:\/\/www.libriparlanti.org\/wp-content\/uploads\/2018\/02\/18835723_986609648108631_8435648093870916974_n-300x300.jpg\" alt=\"\" width=\"300\" height=\"300\" \/>CLUB DEL LIBRO \u201dLEGGErMENTE TRA LE RIGHE\u201d<\/p>\n<p>Marted\u00ec 6 febbraio alle ore 21 presso \u201cLibri Parlanti \u2013 Books&amp;Coffee\u201d ancora un appuntamento di una attivit\u00e0 culturale del Trasimeno: un Club del Libro. Il nome del Club, \u201dLEGGErMENTE TRA LE RIGHE\u201d, fa riferimento al fatto che ciascuno leggendo un libro non assorbe solo quello che effettivamente gli viene trasmesso dall\u2019autore, ma percepisce qualcosa \u201ctra le righe\u201d appunto, qualcosa di nascosto e personale. L\u2019idea del club \u00e8 proprio quella di condividere in modo leggero e divertente ci\u00f2 che il libro appena letto ci ha trasmesso. Gli incontri avranno luogo il primo marted\u00ec di ogni mese, durante la serata si parler\u00e0 del libro letto durante il mese (non necessariamente concluso, potremmo anche non averlo digerito affatto) e si sceglier\u00e0 il testo che ci far\u00e0 compagnia durante le fredde sere del mese successivo o durante i tragitti in treno per arrivare in ufficio. Nulla di impegnativo, qualcosa di leggero e conviviale, un\u2019occasione in pi\u00f9 per aprire la nostra mente, conoscere gente e divorare libri. Per qualsiasi ulteriore informazione rivolgetevi a \u201cLibri Parlanti\u201d. Vi aspettiamo numerosi!!!<\/p>\n","protected":false},"excerpt":{"rendered":"<p>CLUB DEL LIBRO \u201dLEGGErMENTE TRA LE RIGHE\u201d Marted\u00ec 6 febbraio alle ore 21 presso \u201cLibri Parlanti \u2013 Books&amp;Coffee\u201d ancora un appuntamento di una attivit\u00e0 culturale del Trasimeno: un Club del Libro. Il nome del Club, \u201dLEGGErMENTE TRA LE RIGHE\u201d, fa riferimento al fatto che ciascuno leggendo un libro non assorbe solo quello che effettivamente gli [&hellip;]<\/p>\n","protected":false},"author":1,"featured_media":6226,"comment_status":"open","ping_status":"open","sticky":false,"template":"","format":"standard","meta":{"_et_pb_use_builder":"","_et_pb_old_content":"","_et_gb_content_width":"","_joinchat":[],"footnotes":""},"categories":[3],"tags":[664,792],"class_list":["post-6224","post","type-post","status-publish","format-standard","has-post-thumbnail","hentry","category-eventi","tag-club-lettura","tag-tra-le-righe"],"yoast_head":"<!-- This site is optimized with the Yoast SEO plugin v27.5 - https:\/\/yoast.com\/product\/yoast-seo-wordpress\/ -->\n<title>\u201dLEGGErMENTE TRA LE RIGHE\u201d \/ Mar 6 ore 21.00 - Libreria Libri parlanti<\/title>\n<meta name=\"robots\" content=\"index, follow, max-snippet:-1, max-image-preview:large, max-video-preview:-1\" \/>\n<link rel=\"canonical\" href=\"https:\/\/www.libriparlanti.org\/index.php\/2018\/02\/leggermente-tra-le-righe-mar-6-ore-21-00\/\" \/>\n<meta property=\"og:locale\" content=\"it_IT\" \/>\n<meta property=\"og:type\" content=\"article\" \/>\n<meta property=\"og:title\" content=\"\u201dLEGGErMENTE TRA LE RIGHE\u201d \/ Mar 6 ore 21.00 - Libreria Libri parlanti\" \/>\n<meta property=\"og:description\" content=\"CLUB DEL LIBRO \u201dLEGGErMENTE TRA LE RIGHE\u201d Marted\u00ec 6 febbraio alle ore 21 presso \u201cLibri Parlanti \u2013 Books&amp;Coffee\u201d ancora un appuntamento di una attivit\u00e0 culturale del Trasimeno: un Club del Libro. Il nome del Club, \u201dLEGGErMENTE TRA LE RIGHE\u201d, fa riferimento al fatto che ciascuno leggendo un libro non assorbe solo quello che effettivamente gli [&hellip;]\" \/>\n<meta property=\"og:url\" content=\"https:\/\/www.libriparlanti.org\/index.php\/2018\/02\/leggermente-tra-le-righe-mar-6-ore-21-00\/\" \/>\n<meta property=\"og:site_name\" content=\"Libreria Libri parlanti\" \/>\n<meta property=\"article:publisher\" content=\"https:\/\/www.facebook.com\/LibriParlanti\" \/>\n<meta property=\"article:published_time\" content=\"2018-02-06T21:00:11+00:00\" \/>\n<meta property=\"article:modified_time\" content=\"2018-02-06T21:35:16+00:00\" \/>\n<meta property=\"og:image\" content=\"https:\/\/www.libriparlanti.org\/wp-content\/uploads\/2018\/02\/18835723_986609648108631_8435648093870916974_n1.jpg\" \/>\n\t<meta property=\"og:image:width\" content=\"640\" \/>\n\t<meta property=\"og:image:height\" content=\"640\" \/>\n\t<meta property=\"og:image:type\" content=\"image\/jpeg\" \/>\n<meta name=\"author\" content=\"admin\" \/>\n<meta name=\"twitter:card\" content=\"summary_large_image\" \/>\n<meta name=\"twitter:label1\" content=\"Scritto da\" \/>\n\t<meta name=\"twitter:data1\" content=\"admin\" \/>\n\t<meta name=\"twitter:label2\" content=\"Tempo di lettura stimato\" \/>\n\t<meta name=\"twitter:data2\" content=\"1 minuto\" \/>\n<script type=\"application\/ld+json\" class=\"yoast-schema-graph\">{\"@context\":\"https:\\\/\\\/schema.org\",\"@graph\":[{\"@type\":\"Article\",\"@id\":\"https:\\\/\\\/www.libriparlanti.org\\\/index.php\\\/2018\\\/02\\\/leggermente-tra-le-righe-mar-6-ore-21-00\\\/#article\",\"isPartOf\":{\"@id\":\"https:\\\/\\\/www.libriparlanti.org\\\/index.php\\\/2018\\\/02\\\/leggermente-tra-le-righe-mar-6-ore-21-00\\\/\"},\"author\":{\"name\":\"admin\",\"@id\":\"https:\\\/\\\/www.libriparlanti.org\\\/#\\\/schema\\\/person\\\/a2101732f0cc0144f0a4d0ecc313655a\"},\"headline\":\"\u201dLEGGErMENTE TRA LE RIGHE\u201d \\\/ Mar 6 ore 21.00\",\"datePublished\":\"2018-02-06T21:00:11+00:00\",\"dateModified\":\"2018-02-06T21:35:16+00:00\",\"mainEntityOfPage\":{\"@id\":\"https:\\\/\\\/www.libriparlanti.org\\\/index.php\\\/2018\\\/02\\\/leggermente-tra-le-righe-mar-6-ore-21-00\\\/\"},\"wordCount\":187,\"commentCount\":0,\"image\":{\"@id\":\"https:\\\/\\\/www.libriparlanti.org\\\/index.php\\\/2018\\\/02\\\/leggermente-tra-le-righe-mar-6-ore-21-00\\\/#primaryimage\"},\"thumbnailUrl\":\"https:\\\/\\\/www.libriparlanti.org\\\/wp-content\\\/uploads\\\/2018\\\/02\\\/18835723_986609648108631_8435648093870916974_n1.jpg\",\"keywords\":[\"club lettura\",\"tra le righe\"],\"articleSection\":[\"eventi\"],\"inLanguage\":\"it-IT\",\"potentialAction\":[{\"@type\":\"CommentAction\",\"name\":\"Comment\",\"target\":[\"https:\\\/\\\/www.libriparlanti.org\\\/index.php\\\/2018\\\/02\\\/leggermente-tra-le-righe-mar-6-ore-21-00\\\/#respond\"]}]},{\"@type\":\"WebPage\",\"@id\":\"https:\\\/\\\/www.libriparlanti.org\\\/index.php\\\/2018\\\/02\\\/leggermente-tra-le-righe-mar-6-ore-21-00\\\/\",\"url\":\"https:\\\/\\\/www.libriparlanti.org\\\/index.php\\\/2018\\\/02\\\/leggermente-tra-le-righe-mar-6-ore-21-00\\\/\",\"name\":\"\u201dLEGGErMENTE TRA LE RIGHE\u201d \\\/ Mar 6 ore 21.00 - Libreria Libri parlanti\",\"isPartOf\":{\"@id\":\"https:\\\/\\\/www.libriparlanti.org\\\/#website\"},\"primaryImageOfPage\":{\"@id\":\"https:\\\/\\\/www.libriparlanti.org\\\/index.php\\\/2018\\\/02\\\/leggermente-tra-le-righe-mar-6-ore-21-00\\\/#primaryimage\"},\"image\":{\"@id\":\"https:\\\/\\\/www.libriparlanti.org\\\/index.php\\\/2018\\\/02\\\/leggermente-tra-le-righe-mar-6-ore-21-00\\\/#primaryimage\"},\"thumbnailUrl\":\"https:\\\/\\\/www.libriparlanti.org\\\/wp-content\\\/uploads\\\/2018\\\/02\\\/18835723_986609648108631_8435648093870916974_n1.jpg\",\"datePublished\":\"2018-02-06T21:00:11+00:00\",\"dateModified\":\"2018-02-06T21:35:16+00:00\",\"author\":{\"@id\":\"https:\\\/\\\/www.libriparlanti.org\\\/#\\\/schema\\\/person\\\/a2101732f0cc0144f0a4d0ecc313655a\"},\"breadcrumb\":{\"@id\":\"https:\\\/\\\/www.libriparlanti.org\\\/index.php\\\/2018\\\/02\\\/leggermente-tra-le-righe-mar-6-ore-21-00\\\/#breadcrumb\"},\"inLanguage\":\"it-IT\",\"potentialAction\":[{\"@type\":\"ReadAction\",\"target\":[\"https:\\\/\\\/www.libriparlanti.org\\\/index.php\\\/2018\\\/02\\\/leggermente-tra-le-righe-mar-6-ore-21-00\\\/\"]}]},{\"@type\":\"ImageObject\",\"inLanguage\":\"it-IT\",\"@id\":\"https:\\\/\\\/www.libriparlanti.org\\\/index.php\\\/2018\\\/02\\\/leggermente-tra-le-righe-mar-6-ore-21-00\\\/#primaryimage\",\"url\":\"https:\\\/\\\/www.libriparlanti.org\\\/wp-content\\\/uploads\\\/2018\\\/02\\\/18835723_986609648108631_8435648093870916974_n1.jpg\",\"contentUrl\":\"https:\\\/\\\/www.libriparlanti.org\\\/wp-content\\\/uploads\\\/2018\\\/02\\\/18835723_986609648108631_8435648093870916974_n1.jpg\",\"width\":640,\"height\":640},{\"@type\":\"BreadcrumbList\",\"@id\":\"https:\\\/\\\/www.libriparlanti.org\\\/index.php\\\/2018\\\/02\\\/leggermente-tra-le-righe-mar-6-ore-21-00\\\/#breadcrumb\",\"itemListElement\":[{\"@type\":\"ListItem\",\"position\":1,\"name\":\"Home\",\"item\":\"https:\\\/\\\/www.libriparlanti.org\\\/\"},{\"@type\":\"ListItem\",\"position\":2,\"name\":\"\u201dLEGGErMENTE TRA LE RIGHE\u201d \\\/ Mar 6 ore 21.00\"}]},{\"@type\":\"WebSite\",\"@id\":\"https:\\\/\\\/www.libriparlanti.org\\\/#website\",\"url\":\"https:\\\/\\\/www.libriparlanti.org\\\/\",\"name\":\"Libreria Libri parlanti\",\"description\":\"Libreria in Castiglione del Lago (Pg)\",\"potentialAction\":[{\"@type\":\"SearchAction\",\"target\":{\"@type\":\"EntryPoint\",\"urlTemplate\":\"https:\\\/\\\/www.libriparlanti.org\\\/?s={search_term_string}\"},\"query-input\":{\"@type\":\"PropertyValueSpecification\",\"valueRequired\":true,\"valueName\":\"search_term_string\"}}],\"inLanguage\":\"it-IT\"},{\"@type\":\"Person\",\"@id\":\"https:\\\/\\\/www.libriparlanti.org\\\/#\\\/schema\\\/person\\\/a2101732f0cc0144f0a4d0ecc313655a\",\"name\":\"admin\",\"image\":{\"@type\":\"ImageObject\",\"inLanguage\":\"it-IT\",\"@id\":\"https:\\\/\\\/secure.gravatar.com\\\/avatar\\\/f06887496a5753f3caca573646570e603d16e07cbd1553492c2c65009e6014ca?s=96&d=mm&r=g\",\"url\":\"https:\\\/\\\/secure.gravatar.com\\\/avatar\\\/f06887496a5753f3caca573646570e603d16e07cbd1553492c2c65009e6014ca?s=96&d=mm&r=g\",\"contentUrl\":\"https:\\\/\\\/secure.gravatar.com\\\/avatar\\\/f06887496a5753f3caca573646570e603d16e07cbd1553492c2c65009e6014ca?s=96&d=mm&r=g\",\"caption\":\"admin\"},\"sameAs\":[\"http:\\\/\\\/www.libriparlanti.org\"],\"url\":\"https:\\\/\\\/www.libriparlanti.org\\\/index.php\\\/author\\\/admin\\\/\"}]}<\/script>\n<!-- \/ Yoast SEO plugin. -->","yoast_head_json":{"title":"\u201dLEGGErMENTE TRA LE RIGHE\u201d \/ Mar 6 ore 21.00 - Libreria Libri parlanti","robots":{"index":"index","follow":"follow","max-snippet":"max-snippet:-1","max-image-preview":"max-image-preview:large","max-video-preview":"max-video-preview:-1"},"canonical":"https:\/\/www.libriparlanti.org\/index.php\/2018\/02\/leggermente-tra-le-righe-mar-6-ore-21-00\/","og_locale":"it_IT","og_type":"article","og_title":"\u201dLEGGErMENTE TRA LE RIGHE\u201d \/ Mar 6 ore 21.00 - Libreria Libri parlanti","og_description":"CLUB DEL LIBRO \u201dLEGGErMENTE TRA LE RIGHE\u201d Marted\u00ec 6 febbraio alle ore 21 presso \u201cLibri Parlanti \u2013 Books&amp;Coffee\u201d ancora un appuntamento di una attivit\u00e0 culturale del Trasimeno: un Club del Libro. Il nome del Club, \u201dLEGGErMENTE TRA LE RIGHE\u201d, fa riferimento al fatto che ciascuno leggendo un libro non assorbe solo quello che effettivamente gli [&hellip;]","og_url":"https:\/\/www.libriparlanti.org\/index.php\/2018\/02\/leggermente-tra-le-righe-mar-6-ore-21-00\/","og_site_name":"Libreria Libri parlanti","article_publisher":"https:\/\/www.facebook.com\/LibriParlanti","article_published_time":"2018-02-06T21:00:11+00:00","article_modified_time":"2018-02-06T21:35:16+00:00","og_image":[{"width":640,"height":640,"url":"https:\/\/www.libriparlanti.org\/wp-content\/uploads\/2018\/02\/18835723_986609648108631_8435648093870916974_n1.jpg","type":"image\/jpeg"}],"author":"admin","twitter_card":"summary_large_image","twitter_misc":{"Scritto da":"admin","Tempo di lettura stimato":"1 minuto"},"schema":{"@context":"https:\/\/schema.org","@graph":[{"@type":"Article","@id":"https:\/\/www.libriparlanti.org\/index.php\/2018\/02\/leggermente-tra-le-righe-mar-6-ore-21-00\/#article","isPartOf":{"@id":"https:\/\/www.libriparlanti.org\/index.php\/2018\/02\/leggermente-tra-le-righe-mar-6-ore-21-00\/"},"author":{"name":"admin","@id":"https:\/\/www.libriparlanti.org\/#\/schema\/person\/a2101732f0cc0144f0a4d0ecc313655a"},"headline":"\u201dLEGGErMENTE TRA LE RIGHE\u201d \/ Mar 6 ore 21.00","datePublished":"2018-02-06T21:00:11+00:00","dateModified":"2018-02-06T21:35:16+00:00","mainEntityOfPage":{"@id":"https:\/\/www.libriparlanti.org\/index.php\/2018\/02\/leggermente-tra-le-righe-mar-6-ore-21-00\/"},"wordCount":187,"commentCount":0,"image":{"@id":"https:\/\/www.libriparlanti.org\/index.php\/2018\/02\/leggermente-tra-le-righe-mar-6-ore-21-00\/#primaryimage"},"thumbnailUrl":"https:\/\/www.libriparlanti.org\/wp-content\/uploads\/2018\/02\/18835723_986609648108631_8435648093870916974_n1.jpg","keywords":["club lettura","tra le righe"],"articleSection":["eventi"],"inLanguage":"it-IT","potentialAction":[{"@type":"CommentAction","name":"Comment","target":["https:\/\/www.libriparlanti.org\/index.php\/2018\/02\/leggermente-tra-le-righe-mar-6-ore-21-00\/#respond"]}]},{"@type":"WebPage","@id":"https:\/\/www.libriparlanti.org\/index.php\/2018\/02\/leggermente-tra-le-righe-mar-6-ore-21-00\/","url":"https:\/\/www.libriparlanti.org\/index.php\/2018\/02\/leggermente-tra-le-righe-mar-6-ore-21-00\/","name":"\u201dLEGGErMENTE TRA LE RIGHE\u201d \/ Mar 6 ore 21.00 - Libreria Libri parlanti","isPartOf":{"@id":"https:\/\/www.libriparlanti.org\/#website"},"primaryImageOfPage":{"@id":"https:\/\/www.libriparlanti.org\/index.php\/2018\/02\/leggermente-tra-le-righe-mar-6-ore-21-00\/#primaryimage"},"image":{"@id":"https:\/\/www.libriparlanti.org\/index.php\/2018\/02\/leggermente-tra-le-righe-mar-6-ore-21-00\/#primaryimage"},"thumbnailUrl":"https:\/\/www.libriparlanti.org\/wp-content\/uploads\/2018\/02\/18835723_986609648108631_8435648093870916974_n1.jpg","datePublished":"2018-02-06T21:00:11+00:00","dateModified":"2018-02-06T21:35:16+00:00","author":{"@id":"https:\/\/www.libriparlanti.org\/#\/schema\/person\/a2101732f0cc0144f0a4d0ecc313655a"},"breadcrumb":{"@id":"https:\/\/www.libriparlanti.org\/index.php\/2018\/02\/leggermente-tra-le-righe-mar-6-ore-21-00\/#breadcrumb"},"inLanguage":"it-IT","potentialAction":[{"@type":"ReadAction","target":["https:\/\/www.libriparlanti.org\/index.php\/2018\/02\/leggermente-tra-le-righe-mar-6-ore-21-00\/"]}]},{"@type":"ImageObject","inLanguage":"it-IT","@id":"https:\/\/www.libriparlanti.org\/index.php\/2018\/02\/leggermente-tra-le-righe-mar-6-ore-21-00\/#primaryimage","url":"https:\/\/www.libriparlanti.org\/wp-content\/uploads\/2018\/02\/18835723_986609648108631_8435648093870916974_n1.jpg","contentUrl":"https:\/\/www.libriparlanti.org\/wp-content\/uploads\/2018\/02\/18835723_986609648108631_8435648093870916974_n1.jpg","width":640,"height":640},{"@type":"BreadcrumbList","@id":"https:\/\/www.libriparlanti.org\/index.php\/2018\/02\/leggermente-tra-le-righe-mar-6-ore-21-00\/#breadcrumb","itemListElement":[{"@type":"ListItem","position":1,"name":"Home","item":"https:\/\/www.libriparlanti.org\/"},{"@type":"ListItem","position":2,"name":"\u201dLEGGErMENTE TRA LE RIGHE\u201d \/ Mar 6 ore 21.00"}]},{"@type":"WebSite","@id":"https:\/\/www.libriparlanti.org\/#website","url":"https:\/\/www.libriparlanti.org\/","name":"Libreria Libri parlanti","description":"Libreria in Castiglione del Lago (Pg)","potentialAction":[{"@type":"SearchAction","target":{"@type":"EntryPoint","urlTemplate":"https:\/\/www.libriparlanti.org\/?s={search_term_string}"},"query-input":{"@type":"PropertyValueSpecification","valueRequired":true,"valueName":"search_term_string"}}],"inLanguage":"it-IT"},{"@type":"Person","@id":"https:\/\/www.libriparlanti.org\/#\/schema\/person\/a2101732f0cc0144f0a4d0ecc313655a","name":"admin","image":{"@type":"ImageObject","inLanguage":"it-IT","@id":"https:\/\/secure.gravatar.com\/avatar\/f06887496a5753f3caca573646570e603d16e07cbd1553492c2c65009e6014ca?s=96&d=mm&r=g","url":"https:\/\/secure.gravatar.com\/avatar\/f06887496a5753f3caca573646570e603d16e07cbd1553492c2c65009e6014ca?s=96&d=mm&r=g","contentUrl":"https:\/\/secure.gravatar.com\/avatar\/f06887496a5753f3caca573646570e603d16e07cbd1553492c2c65009e6014ca?s=96&d=mm&r=g","caption":"admin"},"sameAs":["http:\/\/www.libriparlanti.org"],"url":"https:\/\/www.libriparlanti.org\/index.php\/author\/admin\/"}]}},"_links":{"self":[{"href":"https:\/\/www.libriparlanti.org\/index.php\/wp-json\/wp\/v2\/posts\/6224","targetHints":{"allow":["GET"]}}],"collection":[{"href":"https:\/\/www.libriparlanti.org\/index.php\/wp-json\/wp\/v2\/posts"}],"about":[{"href":"https:\/\/www.libriparlanti.org\/index.php\/wp-json\/wp\/v2\/types\/post"}],"author":[{"embeddable":true,"href":"https:\/\/www.libriparlanti.org\/index.php\/wp-json\/wp\/v2\/users\/1"}],"replies":[{"embeddable":true,"href":"https:\/\/www.libriparlanti.org\/index.php\/wp-json\/wp\/v2\/comments?post=6224"}],"version-history":[{"count":2,"href":"https:\/\/www.libriparlanti.org\/index.php\/wp-json\/wp\/v2\/posts\/6224\/revisions"}],"predecessor-version":[{"id":6240,"href":"https:\/\/www.libriparlanti.org\/index.php\/wp-json\/wp\/v2\/posts\/6224\/revisions\/6240"}],"wp:featuredmedia":[{"embeddable":true,"href":"https:\/\/www.libriparlanti.org\/index.php\/wp-json\/wp\/v2\/media\/6226"}],"wp:attachment":[{"href":"https:\/\/www.libriparlanti.org\/index.php\/wp-json\/wp\/v2\/media?parent=6224"}],"wp:term":[{"taxonomy":"category","embeddable":true,"href":"https:\/\/www.libriparlanti.org\/index.php\/wp-json\/wp\/v2\/categories?post=6224"},{"taxonomy":"post_tag","embeddable":true,"href":"https:\/\/www.libriparlanti.org\/index.php\/wp-json\/wp\/v2\/tags?post=6224"}],"curies":[{"name":"wp","href":"https:\/\/api.w.org\/{rel}","templated":true}]}}