{"id":6051,"date":"2017-11-11T17:30:20","date_gmt":"2017-11-11T17:30:20","guid":{"rendered":"http:\/\/www.libriparlanti.org\/?p=6051"},"modified":"2017-11-16T06:00:05","modified_gmt":"2017-11-16T06:00:05","slug":"le-imprese-sociali-tra-mercato-e-comunita-sab-11-ore-17-30","status":"publish","type":"post","link":"https:\/\/www.libriparlanti.org\/index.php\/2017\/11\/le-imprese-sociali-tra-mercato-e-comunita-sab-11-ore-17-30\/","title":{"rendered":"Le imprese sociali tra mercato e comunit\u00e0&#8230;\/Sab 11 ore 17.30"},"content":{"rendered":"<p><a href=\"http:\/\/www.libriparlanti.org\/wp-content\/uploads\/2017\/11\/9788891751300_0_0_300_75-Copia2.jpg\"><img loading=\"lazy\" decoding=\"async\" class=\"alignnone size-full wp-image-6054\" title=\"9788891751300_0_0_300_75 - Copia\" src=\"http:\/\/www.libriparlanti.org\/wp-content\/uploads\/2017\/11\/9788891751300_0_0_300_75-Copia2.jpg\" alt=\"\" width=\"202\" height=\"300\" \/><\/a><\/p>\n<p><strong>Andrea Bernardoni\u00a0<\/strong>\u00a0(Legacoop Umbria) e <strong>Antonio Picciotti<\/strong> ( Universit\u00e0 degli Studi di Perugia), presentano il loro libro<strong><em> \u201cLe imprese sociali tra mercato e comunit\u00e0. Percorsi di innovazione per lo sviluppo\u00a0 locale.\u201d<\/em><\/strong>\u00a0Ed Franco Angeli<\/p>\n<p>Moderer\u00e0 l\u2019incontro il giornalista RAI <strong>Andrea Chioini<\/strong><\/p>\n<p>&nbsp;<\/p>\n<p>Il futuro delle imprese sociali non pu\u00f2 prescindere dal contesto economico e sociale che si \u00e8 delineato in Italia negli anni della crisi, caratterizzato da elevate disuguaglianze, instabilit\u00e0 economica, crescita lenta ed evidenti limiti ambientali dello sviluppo. In questo nuovo scenario, come agiscono le cooperative sociali? Quali strategie adottano? Con quali prodotti e servizi rispondono ai nuovi bisogni? Che rapporto hanno con il mercato e la finanza? E quali relazioni costruiscono nei territori e nelle comunit\u00e0 locali?<\/p>\n","protected":false},"excerpt":{"rendered":"<p>Andrea Bernardoni\u00a0\u00a0(Legacoop Umbria) e Antonio Picciotti ( Universit\u00e0 degli Studi di Perugia), presentano il loro libro \u201cLe imprese sociali tra mercato e comunit\u00e0. Percorsi di innovazione per lo sviluppo\u00a0 locale.\u201d\u00a0Ed Franco Angeli Moderer\u00e0 l\u2019incontro il giornalista RAI Andrea Chioini &nbsp; Il futuro delle imprese sociali non pu\u00f2 prescindere dal contesto economico e sociale che si [&hellip;]<\/p>\n","protected":false},"author":1,"featured_media":6055,"comment_status":"open","ping_status":"open","sticky":false,"template":"","format":"standard","meta":{"_et_pb_use_builder":"","_et_pb_old_content":"","_et_gb_content_width":"","_joinchat":[],"footnotes":""},"categories":[3],"tags":[768,766,769,767],"class_list":["post-6051","post","type-post","status-publish","format-standard","has-post-thumbnail","hentry","category-eventi","tag-bernardoni-andrea","tag-legacoop","tag-piccola-impresa","tag-universita-degli-studi-perugia"],"yoast_head":"<!-- This site is optimized with the Yoast SEO plugin v27.5 - https:\/\/yoast.com\/product\/yoast-seo-wordpress\/ -->\n<title>Le imprese sociali tra mercato e comunit\u00e0...\/Sab 11 ore 17.30 - Libreria Libri parlanti<\/title>\n<meta name=\"robots\" content=\"index, follow, max-snippet:-1, max-image-preview:large, max-video-preview:-1\" \/>\n<link rel=\"canonical\" href=\"https:\/\/www.libriparlanti.org\/index.php\/2017\/11\/le-imprese-sociali-tra-mercato-e-comunita-sab-11-ore-17-30\/\" \/>\n<meta property=\"og:locale\" content=\"it_IT\" \/>\n<meta property=\"og:type\" content=\"article\" \/>\n<meta property=\"og:title\" content=\"Le imprese sociali tra mercato e comunit\u00e0...\/Sab 11 ore 17.30 - Libreria Libri parlanti\" \/>\n<meta property=\"og:description\" content=\"Andrea Bernardoni\u00a0\u00a0(Legacoop Umbria) e Antonio Picciotti ( Universit\u00e0 degli Studi di Perugia), presentano il loro libro \u201cLe imprese sociali tra mercato e comunit\u00e0. Percorsi di innovazione per lo sviluppo\u00a0 locale.\u201d\u00a0Ed Franco Angeli Moderer\u00e0 l\u2019incontro il giornalista RAI Andrea Chioini &nbsp; Il futuro delle imprese sociali non pu\u00f2 prescindere dal contesto economico e sociale che si [&hellip;]\" \/>\n<meta property=\"og:url\" content=\"https:\/\/www.libriparlanti.org\/index.php\/2017\/11\/le-imprese-sociali-tra-mercato-e-comunita-sab-11-ore-17-30\/\" \/>\n<meta property=\"og:site_name\" content=\"Libreria Libri parlanti\" \/>\n<meta property=\"article:publisher\" content=\"https:\/\/www.facebook.com\/LibriParlanti\" \/>\n<meta property=\"article:published_time\" content=\"2017-11-11T17:30:20+00:00\" \/>\n<meta property=\"article:modified_time\" content=\"2017-11-16T06:00:05+00:00\" \/>\n<meta property=\"og:image\" content=\"https:\/\/www.libriparlanti.org\/wp-content\/uploads\/2017\/11\/9788891751300_0_0_300_75-Copia3.jpg\" \/>\n\t<meta property=\"og:image:width\" content=\"202\" \/>\n\t<meta property=\"og:image:height\" content=\"300\" \/>\n\t<meta property=\"og:image:type\" content=\"image\/jpeg\" \/>\n<meta name=\"author\" content=\"admin\" \/>\n<meta name=\"twitter:card\" content=\"summary_large_image\" \/>\n<meta name=\"twitter:label1\" content=\"Scritto da\" \/>\n\t<meta name=\"twitter:data1\" content=\"admin\" \/>\n\t<meta name=\"twitter:label2\" content=\"Tempo di lettura stimato\" \/>\n\t<meta name=\"twitter:data2\" content=\"1 minuto\" \/>\n<script type=\"application\/ld+json\" class=\"yoast-schema-graph\">{\"@context\":\"https:\\\/\\\/schema.org\",\"@graph\":[{\"@type\":\"Article\",\"@id\":\"https:\\\/\\\/www.libriparlanti.org\\\/index.php\\\/2017\\\/11\\\/le-imprese-sociali-tra-mercato-e-comunita-sab-11-ore-17-30\\\/#article\",\"isPartOf\":{\"@id\":\"https:\\\/\\\/www.libriparlanti.org\\\/index.php\\\/2017\\\/11\\\/le-imprese-sociali-tra-mercato-e-comunita-sab-11-ore-17-30\\\/\"},\"author\":{\"name\":\"admin\",\"@id\":\"https:\\\/\\\/www.libriparlanti.org\\\/#\\\/schema\\\/person\\\/a2101732f0cc0144f0a4d0ecc313655a\"},\"headline\":\"Le imprese sociali tra mercato e comunit\u00e0&#8230;\\\/Sab 11 ore 17.30\",\"datePublished\":\"2017-11-11T17:30:20+00:00\",\"dateModified\":\"2017-11-16T06:00:05+00:00\",\"mainEntityOfPage\":{\"@id\":\"https:\\\/\\\/www.libriparlanti.org\\\/index.php\\\/2017\\\/11\\\/le-imprese-sociali-tra-mercato-e-comunita-sab-11-ore-17-30\\\/\"},\"wordCount\":127,\"commentCount\":0,\"image\":{\"@id\":\"https:\\\/\\\/www.libriparlanti.org\\\/index.php\\\/2017\\\/11\\\/le-imprese-sociali-tra-mercato-e-comunita-sab-11-ore-17-30\\\/#primaryimage\"},\"thumbnailUrl\":\"https:\\\/\\\/www.libriparlanti.org\\\/wp-content\\\/uploads\\\/2017\\\/11\\\/9788891751300_0_0_300_75-Copia3.jpg\",\"keywords\":[\"bernardoni andrea\",\"legacoop\",\"piccola impresa\",\"universita degli studi perugia\"],\"articleSection\":[\"eventi\"],\"inLanguage\":\"it-IT\",\"potentialAction\":[{\"@type\":\"CommentAction\",\"name\":\"Comment\",\"target\":[\"https:\\\/\\\/www.libriparlanti.org\\\/index.php\\\/2017\\\/11\\\/le-imprese-sociali-tra-mercato-e-comunita-sab-11-ore-17-30\\\/#respond\"]}]},{\"@type\":\"WebPage\",\"@id\":\"https:\\\/\\\/www.libriparlanti.org\\\/index.php\\\/2017\\\/11\\\/le-imprese-sociali-tra-mercato-e-comunita-sab-11-ore-17-30\\\/\",\"url\":\"https:\\\/\\\/www.libriparlanti.org\\\/index.php\\\/2017\\\/11\\\/le-imprese-sociali-tra-mercato-e-comunita-sab-11-ore-17-30\\\/\",\"name\":\"Le imprese sociali tra mercato e comunit\u00e0...\\\/Sab 11 ore 17.30 - Libreria Libri parlanti\",\"isPartOf\":{\"@id\":\"https:\\\/\\\/www.libriparlanti.org\\\/#website\"},\"primaryImageOfPage\":{\"@id\":\"https:\\\/\\\/www.libriparlanti.org\\\/index.php\\\/2017\\\/11\\\/le-imprese-sociali-tra-mercato-e-comunita-sab-11-ore-17-30\\\/#primaryimage\"},\"image\":{\"@id\":\"https:\\\/\\\/www.libriparlanti.org\\\/index.php\\\/2017\\\/11\\\/le-imprese-sociali-tra-mercato-e-comunita-sab-11-ore-17-30\\\/#primaryimage\"},\"thumbnailUrl\":\"https:\\\/\\\/www.libriparlanti.org\\\/wp-content\\\/uploads\\\/2017\\\/11\\\/9788891751300_0_0_300_75-Copia3.jpg\",\"datePublished\":\"2017-11-11T17:30:20+00:00\",\"dateModified\":\"2017-11-16T06:00:05+00:00\",\"author\":{\"@id\":\"https:\\\/\\\/www.libriparlanti.org\\\/#\\\/schema\\\/person\\\/a2101732f0cc0144f0a4d0ecc313655a\"},\"breadcrumb\":{\"@id\":\"https:\\\/\\\/www.libriparlanti.org\\\/index.php\\\/2017\\\/11\\\/le-imprese-sociali-tra-mercato-e-comunita-sab-11-ore-17-30\\\/#breadcrumb\"},\"inLanguage\":\"it-IT\",\"potentialAction\":[{\"@type\":\"ReadAction\",\"target\":[\"https:\\\/\\\/www.libriparlanti.org\\\/index.php\\\/2017\\\/11\\\/le-imprese-sociali-tra-mercato-e-comunita-sab-11-ore-17-30\\\/\"]}]},{\"@type\":\"ImageObject\",\"inLanguage\":\"it-IT\",\"@id\":\"https:\\\/\\\/www.libriparlanti.org\\\/index.php\\\/2017\\\/11\\\/le-imprese-sociali-tra-mercato-e-comunita-sab-11-ore-17-30\\\/#primaryimage\",\"url\":\"https:\\\/\\\/www.libriparlanti.org\\\/wp-content\\\/uploads\\\/2017\\\/11\\\/9788891751300_0_0_300_75-Copia3.jpg\",\"contentUrl\":\"https:\\\/\\\/www.libriparlanti.org\\\/wp-content\\\/uploads\\\/2017\\\/11\\\/9788891751300_0_0_300_75-Copia3.jpg\",\"width\":202,\"height\":300},{\"@type\":\"BreadcrumbList\",\"@id\":\"https:\\\/\\\/www.libriparlanti.org\\\/index.php\\\/2017\\\/11\\\/le-imprese-sociali-tra-mercato-e-comunita-sab-11-ore-17-30\\\/#breadcrumb\",\"itemListElement\":[{\"@type\":\"ListItem\",\"position\":1,\"name\":\"Home\",\"item\":\"https:\\\/\\\/www.libriparlanti.org\\\/\"},{\"@type\":\"ListItem\",\"position\":2,\"name\":\"Le imprese sociali tra mercato e comunit\u00e0&#8230;\\\/Sab 11 ore 17.30\"}]},{\"@type\":\"WebSite\",\"@id\":\"https:\\\/\\\/www.libriparlanti.org\\\/#website\",\"url\":\"https:\\\/\\\/www.libriparlanti.org\\\/\",\"name\":\"Libreria Libri parlanti\",\"description\":\"Libreria in Castiglione del Lago (Pg)\",\"potentialAction\":[{\"@type\":\"SearchAction\",\"target\":{\"@type\":\"EntryPoint\",\"urlTemplate\":\"https:\\\/\\\/www.libriparlanti.org\\\/?s={search_term_string}\"},\"query-input\":{\"@type\":\"PropertyValueSpecification\",\"valueRequired\":true,\"valueName\":\"search_term_string\"}}],\"inLanguage\":\"it-IT\"},{\"@type\":\"Person\",\"@id\":\"https:\\\/\\\/www.libriparlanti.org\\\/#\\\/schema\\\/person\\\/a2101732f0cc0144f0a4d0ecc313655a\",\"name\":\"admin\",\"image\":{\"@type\":\"ImageObject\",\"inLanguage\":\"it-IT\",\"@id\":\"https:\\\/\\\/secure.gravatar.com\\\/avatar\\\/f06887496a5753f3caca573646570e603d16e07cbd1553492c2c65009e6014ca?s=96&d=mm&r=g\",\"url\":\"https:\\\/\\\/secure.gravatar.com\\\/avatar\\\/f06887496a5753f3caca573646570e603d16e07cbd1553492c2c65009e6014ca?s=96&d=mm&r=g\",\"contentUrl\":\"https:\\\/\\\/secure.gravatar.com\\\/avatar\\\/f06887496a5753f3caca573646570e603d16e07cbd1553492c2c65009e6014ca?s=96&d=mm&r=g\",\"caption\":\"admin\"},\"sameAs\":[\"http:\\\/\\\/www.libriparlanti.org\"],\"url\":\"https:\\\/\\\/www.libriparlanti.org\\\/index.php\\\/author\\\/admin\\\/\"}]}<\/script>\n<!-- \/ Yoast SEO plugin. -->","yoast_head_json":{"title":"Le imprese sociali tra mercato e comunit\u00e0...\/Sab 11 ore 17.30 - Libreria Libri parlanti","robots":{"index":"index","follow":"follow","max-snippet":"max-snippet:-1","max-image-preview":"max-image-preview:large","max-video-preview":"max-video-preview:-1"},"canonical":"https:\/\/www.libriparlanti.org\/index.php\/2017\/11\/le-imprese-sociali-tra-mercato-e-comunita-sab-11-ore-17-30\/","og_locale":"it_IT","og_type":"article","og_title":"Le imprese sociali tra mercato e comunit\u00e0...\/Sab 11 ore 17.30 - Libreria Libri parlanti","og_description":"Andrea Bernardoni\u00a0\u00a0(Legacoop Umbria) e Antonio Picciotti ( Universit\u00e0 degli Studi di Perugia), presentano il loro libro \u201cLe imprese sociali tra mercato e comunit\u00e0. Percorsi di innovazione per lo sviluppo\u00a0 locale.\u201d\u00a0Ed Franco Angeli Moderer\u00e0 l\u2019incontro il giornalista RAI Andrea Chioini &nbsp; Il futuro delle imprese sociali non pu\u00f2 prescindere dal contesto economico e sociale che si [&hellip;]","og_url":"https:\/\/www.libriparlanti.org\/index.php\/2017\/11\/le-imprese-sociali-tra-mercato-e-comunita-sab-11-ore-17-30\/","og_site_name":"Libreria Libri parlanti","article_publisher":"https:\/\/www.facebook.com\/LibriParlanti","article_published_time":"2017-11-11T17:30:20+00:00","article_modified_time":"2017-11-16T06:00:05+00:00","og_image":[{"width":202,"height":300,"url":"https:\/\/www.libriparlanti.org\/wp-content\/uploads\/2017\/11\/9788891751300_0_0_300_75-Copia3.jpg","type":"image\/jpeg"}],"author":"admin","twitter_card":"summary_large_image","twitter_misc":{"Scritto da":"admin","Tempo di lettura stimato":"1 minuto"},"schema":{"@context":"https:\/\/schema.org","@graph":[{"@type":"Article","@id":"https:\/\/www.libriparlanti.org\/index.php\/2017\/11\/le-imprese-sociali-tra-mercato-e-comunita-sab-11-ore-17-30\/#article","isPartOf":{"@id":"https:\/\/www.libriparlanti.org\/index.php\/2017\/11\/le-imprese-sociali-tra-mercato-e-comunita-sab-11-ore-17-30\/"},"author":{"name":"admin","@id":"https:\/\/www.libriparlanti.org\/#\/schema\/person\/a2101732f0cc0144f0a4d0ecc313655a"},"headline":"Le imprese sociali tra mercato e comunit\u00e0&#8230;\/Sab 11 ore 17.30","datePublished":"2017-11-11T17:30:20+00:00","dateModified":"2017-11-16T06:00:05+00:00","mainEntityOfPage":{"@id":"https:\/\/www.libriparlanti.org\/index.php\/2017\/11\/le-imprese-sociali-tra-mercato-e-comunita-sab-11-ore-17-30\/"},"wordCount":127,"commentCount":0,"image":{"@id":"https:\/\/www.libriparlanti.org\/index.php\/2017\/11\/le-imprese-sociali-tra-mercato-e-comunita-sab-11-ore-17-30\/#primaryimage"},"thumbnailUrl":"https:\/\/www.libriparlanti.org\/wp-content\/uploads\/2017\/11\/9788891751300_0_0_300_75-Copia3.jpg","keywords":["bernardoni andrea","legacoop","piccola impresa","universita degli studi perugia"],"articleSection":["eventi"],"inLanguage":"it-IT","potentialAction":[{"@type":"CommentAction","name":"Comment","target":["https:\/\/www.libriparlanti.org\/index.php\/2017\/11\/le-imprese-sociali-tra-mercato-e-comunita-sab-11-ore-17-30\/#respond"]}]},{"@type":"WebPage","@id":"https:\/\/www.libriparlanti.org\/index.php\/2017\/11\/le-imprese-sociali-tra-mercato-e-comunita-sab-11-ore-17-30\/","url":"https:\/\/www.libriparlanti.org\/index.php\/2017\/11\/le-imprese-sociali-tra-mercato-e-comunita-sab-11-ore-17-30\/","name":"Le imprese sociali tra mercato e comunit\u00e0...\/Sab 11 ore 17.30 - Libreria Libri parlanti","isPartOf":{"@id":"https:\/\/www.libriparlanti.org\/#website"},"primaryImageOfPage":{"@id":"https:\/\/www.libriparlanti.org\/index.php\/2017\/11\/le-imprese-sociali-tra-mercato-e-comunita-sab-11-ore-17-30\/#primaryimage"},"image":{"@id":"https:\/\/www.libriparlanti.org\/index.php\/2017\/11\/le-imprese-sociali-tra-mercato-e-comunita-sab-11-ore-17-30\/#primaryimage"},"thumbnailUrl":"https:\/\/www.libriparlanti.org\/wp-content\/uploads\/2017\/11\/9788891751300_0_0_300_75-Copia3.jpg","datePublished":"2017-11-11T17:30:20+00:00","dateModified":"2017-11-16T06:00:05+00:00","author":{"@id":"https:\/\/www.libriparlanti.org\/#\/schema\/person\/a2101732f0cc0144f0a4d0ecc313655a"},"breadcrumb":{"@id":"https:\/\/www.libriparlanti.org\/index.php\/2017\/11\/le-imprese-sociali-tra-mercato-e-comunita-sab-11-ore-17-30\/#breadcrumb"},"inLanguage":"it-IT","potentialAction":[{"@type":"ReadAction","target":["https:\/\/www.libriparlanti.org\/index.php\/2017\/11\/le-imprese-sociali-tra-mercato-e-comunita-sab-11-ore-17-30\/"]}]},{"@type":"ImageObject","inLanguage":"it-IT","@id":"https:\/\/www.libriparlanti.org\/index.php\/2017\/11\/le-imprese-sociali-tra-mercato-e-comunita-sab-11-ore-17-30\/#primaryimage","url":"https:\/\/www.libriparlanti.org\/wp-content\/uploads\/2017\/11\/9788891751300_0_0_300_75-Copia3.jpg","contentUrl":"https:\/\/www.libriparlanti.org\/wp-content\/uploads\/2017\/11\/9788891751300_0_0_300_75-Copia3.jpg","width":202,"height":300},{"@type":"BreadcrumbList","@id":"https:\/\/www.libriparlanti.org\/index.php\/2017\/11\/le-imprese-sociali-tra-mercato-e-comunita-sab-11-ore-17-30\/#breadcrumb","itemListElement":[{"@type":"ListItem","position":1,"name":"Home","item":"https:\/\/www.libriparlanti.org\/"},{"@type":"ListItem","position":2,"name":"Le imprese sociali tra mercato e comunit\u00e0&#8230;\/Sab 11 ore 17.30"}]},{"@type":"WebSite","@id":"https:\/\/www.libriparlanti.org\/#website","url":"https:\/\/www.libriparlanti.org\/","name":"Libreria Libri parlanti","description":"Libreria in Castiglione del Lago (Pg)","potentialAction":[{"@type":"SearchAction","target":{"@type":"EntryPoint","urlTemplate":"https:\/\/www.libriparlanti.org\/?s={search_term_string}"},"query-input":{"@type":"PropertyValueSpecification","valueRequired":true,"valueName":"search_term_string"}}],"inLanguage":"it-IT"},{"@type":"Person","@id":"https:\/\/www.libriparlanti.org\/#\/schema\/person\/a2101732f0cc0144f0a4d0ecc313655a","name":"admin","image":{"@type":"ImageObject","inLanguage":"it-IT","@id":"https:\/\/secure.gravatar.com\/avatar\/f06887496a5753f3caca573646570e603d16e07cbd1553492c2c65009e6014ca?s=96&d=mm&r=g","url":"https:\/\/secure.gravatar.com\/avatar\/f06887496a5753f3caca573646570e603d16e07cbd1553492c2c65009e6014ca?s=96&d=mm&r=g","contentUrl":"https:\/\/secure.gravatar.com\/avatar\/f06887496a5753f3caca573646570e603d16e07cbd1553492c2c65009e6014ca?s=96&d=mm&r=g","caption":"admin"},"sameAs":["http:\/\/www.libriparlanti.org"],"url":"https:\/\/www.libriparlanti.org\/index.php\/author\/admin\/"}]}},"_links":{"self":[{"href":"https:\/\/www.libriparlanti.org\/index.php\/wp-json\/wp\/v2\/posts\/6051","targetHints":{"allow":["GET"]}}],"collection":[{"href":"https:\/\/www.libriparlanti.org\/index.php\/wp-json\/wp\/v2\/posts"}],"about":[{"href":"https:\/\/www.libriparlanti.org\/index.php\/wp-json\/wp\/v2\/types\/post"}],"author":[{"embeddable":true,"href":"https:\/\/www.libriparlanti.org\/index.php\/wp-json\/wp\/v2\/users\/1"}],"replies":[{"embeddable":true,"href":"https:\/\/www.libriparlanti.org\/index.php\/wp-json\/wp\/v2\/comments?post=6051"}],"version-history":[{"count":3,"href":"https:\/\/www.libriparlanti.org\/index.php\/wp-json\/wp\/v2\/posts\/6051\/revisions"}],"predecessor-version":[{"id":6057,"href":"https:\/\/www.libriparlanti.org\/index.php\/wp-json\/wp\/v2\/posts\/6051\/revisions\/6057"}],"wp:featuredmedia":[{"embeddable":true,"href":"https:\/\/www.libriparlanti.org\/index.php\/wp-json\/wp\/v2\/media\/6055"}],"wp:attachment":[{"href":"https:\/\/www.libriparlanti.org\/index.php\/wp-json\/wp\/v2\/media?parent=6051"}],"wp:term":[{"taxonomy":"category","embeddable":true,"href":"https:\/\/www.libriparlanti.org\/index.php\/wp-json\/wp\/v2\/categories?post=6051"},{"taxonomy":"post_tag","embeddable":true,"href":"https:\/\/www.libriparlanti.org\/index.php\/wp-json\/wp\/v2\/tags?post=6051"}],"curies":[{"name":"wp","href":"https:\/\/api.w.org\/{rel}","templated":true}]}}