{"id":5874,"date":"2017-07-14T18:30:40","date_gmt":"2017-07-14T18:30:40","guid":{"rendered":"http:\/\/www.libriparlanti.org\/?p=5874"},"modified":"2017-07-24T06:16:21","modified_gmt":"2017-07-24T06:16:21","slug":"un-libro-voi-due-senza-di-me-ven-14-ore-18-30","status":"publish","type":"post","link":"https:\/\/www.libriparlanti.org\/index.php\/2017\/07\/un-libro-voi-due-senza-di-me-ven-14-ore-18-30\/","title":{"rendered":"Un Libro&#8230;Voi due senza di me \/ ven 14 ore 18.30"},"content":{"rendered":"<p>&nbsp;<\/p>\n<p><img loading=\"lazy\" decoding=\"async\" class=\"alignleft size-medium wp-image-5875\" title=\"cover-gucci_1\" src=\"http:\/\/www.libriparlanti.org\/wp-content\/uploads\/2017\/06\/cover-gucci_1-e1498767054194-300x298.jpg\" alt=\"\" width=\"300\" height=\"298\" srcset=\"https:\/\/www.libriparlanti.org\/wp-content\/uploads\/2017\/06\/cover-gucci_1-e1498767054194-300x298.jpg 300w, https:\/\/www.libriparlanti.org\/wp-content\/uploads\/2017\/06\/cover-gucci_1-e1498767054194-100x100.jpg 100w, https:\/\/www.libriparlanti.org\/wp-content\/uploads\/2017\/06\/cover-gucci_1-e1498767054194-150x150.jpg 150w, https:\/\/www.libriparlanti.org\/wp-content\/uploads\/2017\/06\/cover-gucci_1-e1498767054194.jpg 302w\" sizes=\"(max-width: 300px) 100vw, 300px\" \/><\/p>\n<p><strong>Venerdi 14 luglio ore 18.30<\/strong> presso Club Velico a Castiglione del Lago<\/p>\n<p><strong><em>Emiliano Gucci<\/em><\/strong> presenta il suo romanzo:&#8221;<strong>VOI DUE SENZA DI ME<\/strong>&#8221; Ed.Feltrinelli<\/p>\n<p><em>\u00c8 una giornata luminosa, il cielo carico di un azzurro surreale; alla stazione Michele attende Marta. Appena la intercetta nella folla le va incontro, la ferma, cerca di parlarle: non si vedono da dieci anni, dal giorno in cui un evento tragico, che a poco a poco torna alla luce, ha spezzato la coppia.\u00a0<\/em><em>Lei lo accoglie con freddezza, anzi con fastidio, ma Michele \u00e8 determinato, vuole ricominciare in nome di un amore assoluto, impareggiabile, che non pu\u00f2 essere finito.<\/em><\/p>\n<p>Tra reticenze e non detti, Emiliano Gucci tiene ben teso il filo della narrazione trascinando il lettore in uno stato di inquietudine mista a curiosit\u00e0 \u2013 quello di chi vuol comprendere, oltre a ci\u00f2 che accadr\u00e0, ci\u00f2 che \u00e8 gi\u00e0 accaduto.<\/p>\n","protected":false},"excerpt":{"rendered":"<p>&nbsp; Venerdi 14 luglio ore 18.30 presso Club Velico a Castiglione del Lago Emiliano Gucci presenta il suo romanzo:&#8221;VOI DUE SENZA DI ME&#8221; Ed.Feltrinelli \u00c8 una giornata luminosa, il cielo carico di un azzurro surreale; alla stazione Michele attende Marta. Appena la intercetta nella folla le va incontro, la ferma, cerca di parlarle: non si [&hellip;]<\/p>\n","protected":false},"author":1,"featured_media":5876,"comment_status":"open","ping_status":"open","sticky":false,"template":"","format":"standard","meta":{"_et_pb_use_builder":"","_et_pb_old_content":"","_et_gb_content_width":"","_joinchat":[],"footnotes":""},"categories":[3],"tags":[749,347,747,748],"class_list":["post-5874","post","type-post","status-publish","format-standard","has-post-thumbnail","hentry","category-eventi","tag-club-velico","tag-ed-feltrinelli","tag-emiliano-gucci","tag-voi-due-senza-di-me"],"yoast_head":"<!-- This site is optimized with the Yoast SEO plugin v27.5 - https:\/\/yoast.com\/product\/yoast-seo-wordpress\/ -->\n<title>Un Libro...Voi due senza di me \/ ven 14 ore 18.30 - Libreria Libri parlanti<\/title>\n<meta name=\"robots\" content=\"index, follow, max-snippet:-1, max-image-preview:large, max-video-preview:-1\" \/>\n<link rel=\"canonical\" href=\"https:\/\/www.libriparlanti.org\/index.php\/2017\/07\/un-libro-voi-due-senza-di-me-ven-14-ore-18-30\/\" \/>\n<meta property=\"og:locale\" content=\"it_IT\" \/>\n<meta property=\"og:type\" content=\"article\" \/>\n<meta property=\"og:title\" content=\"Un Libro...Voi due senza di me \/ ven 14 ore 18.30 - Libreria Libri parlanti\" \/>\n<meta property=\"og:description\" content=\"&nbsp; Venerdi 14 luglio ore 18.30 presso Club Velico a Castiglione del Lago Emiliano Gucci presenta il suo romanzo:&#8221;VOI DUE SENZA DI ME&#8221; Ed.Feltrinelli \u00c8 una giornata luminosa, il cielo carico di un azzurro surreale; alla stazione Michele attende Marta. Appena la intercetta nella folla le va incontro, la ferma, cerca di parlarle: non si [&hellip;]\" \/>\n<meta property=\"og:url\" content=\"https:\/\/www.libriparlanti.org\/index.php\/2017\/07\/un-libro-voi-due-senza-di-me-ven-14-ore-18-30\/\" \/>\n<meta property=\"og:site_name\" content=\"Libreria Libri parlanti\" \/>\n<meta property=\"article:publisher\" content=\"https:\/\/www.facebook.com\/LibriParlanti\" \/>\n<meta property=\"article:published_time\" content=\"2017-07-14T18:30:40+00:00\" \/>\n<meta property=\"article:modified_time\" content=\"2017-07-24T06:16:21+00:00\" \/>\n<meta property=\"og:image\" content=\"https:\/\/www.libriparlanti.org\/wp-content\/uploads\/2017\/06\/cover-gucci_11-e1498767476141.jpg\" \/>\n\t<meta property=\"og:image:width\" content=\"302\" \/>\n\t<meta property=\"og:image:height\" content=\"300\" \/>\n\t<meta property=\"og:image:type\" content=\"image\/jpeg\" \/>\n<meta name=\"author\" content=\"admin\" \/>\n<meta name=\"twitter:card\" content=\"summary_large_image\" \/>\n<meta name=\"twitter:label1\" content=\"Scritto da\" \/>\n\t<meta name=\"twitter:data1\" content=\"admin\" \/>\n\t<meta name=\"twitter:label2\" content=\"Tempo di lettura stimato\" \/>\n\t<meta name=\"twitter:data2\" content=\"1 minuto\" \/>\n<script type=\"application\/ld+json\" class=\"yoast-schema-graph\">{\"@context\":\"https:\\\/\\\/schema.org\",\"@graph\":[{\"@type\":\"Article\",\"@id\":\"https:\\\/\\\/www.libriparlanti.org\\\/index.php\\\/2017\\\/07\\\/un-libro-voi-due-senza-di-me-ven-14-ore-18-30\\\/#article\",\"isPartOf\":{\"@id\":\"https:\\\/\\\/www.libriparlanti.org\\\/index.php\\\/2017\\\/07\\\/un-libro-voi-due-senza-di-me-ven-14-ore-18-30\\\/\"},\"author\":{\"name\":\"admin\",\"@id\":\"https:\\\/\\\/www.libriparlanti.org\\\/#\\\/schema\\\/person\\\/a2101732f0cc0144f0a4d0ecc313655a\"},\"headline\":\"Un Libro&#8230;Voi due senza di me \\\/ ven 14 ore 18.30\",\"datePublished\":\"2017-07-14T18:30:40+00:00\",\"dateModified\":\"2017-07-24T06:16:21+00:00\",\"mainEntityOfPage\":{\"@id\":\"https:\\\/\\\/www.libriparlanti.org\\\/index.php\\\/2017\\\/07\\\/un-libro-voi-due-senza-di-me-ven-14-ore-18-30\\\/\"},\"wordCount\":150,\"commentCount\":0,\"image\":{\"@id\":\"https:\\\/\\\/www.libriparlanti.org\\\/index.php\\\/2017\\\/07\\\/un-libro-voi-due-senza-di-me-ven-14-ore-18-30\\\/#primaryimage\"},\"thumbnailUrl\":\"https:\\\/\\\/www.libriparlanti.org\\\/wp-content\\\/uploads\\\/2017\\\/06\\\/cover-gucci_11-e1498767476141.jpg\",\"keywords\":[\"club velico\",\"Ed. Feltrinelli\",\"emiliano gucci\",\"voi due senza di me\"],\"articleSection\":[\"eventi\"],\"inLanguage\":\"it-IT\",\"potentialAction\":[{\"@type\":\"CommentAction\",\"name\":\"Comment\",\"target\":[\"https:\\\/\\\/www.libriparlanti.org\\\/index.php\\\/2017\\\/07\\\/un-libro-voi-due-senza-di-me-ven-14-ore-18-30\\\/#respond\"]}]},{\"@type\":\"WebPage\",\"@id\":\"https:\\\/\\\/www.libriparlanti.org\\\/index.php\\\/2017\\\/07\\\/un-libro-voi-due-senza-di-me-ven-14-ore-18-30\\\/\",\"url\":\"https:\\\/\\\/www.libriparlanti.org\\\/index.php\\\/2017\\\/07\\\/un-libro-voi-due-senza-di-me-ven-14-ore-18-30\\\/\",\"name\":\"Un Libro...Voi due senza di me \\\/ ven 14 ore 18.30 - Libreria Libri parlanti\",\"isPartOf\":{\"@id\":\"https:\\\/\\\/www.libriparlanti.org\\\/#website\"},\"primaryImageOfPage\":{\"@id\":\"https:\\\/\\\/www.libriparlanti.org\\\/index.php\\\/2017\\\/07\\\/un-libro-voi-due-senza-di-me-ven-14-ore-18-30\\\/#primaryimage\"},\"image\":{\"@id\":\"https:\\\/\\\/www.libriparlanti.org\\\/index.php\\\/2017\\\/07\\\/un-libro-voi-due-senza-di-me-ven-14-ore-18-30\\\/#primaryimage\"},\"thumbnailUrl\":\"https:\\\/\\\/www.libriparlanti.org\\\/wp-content\\\/uploads\\\/2017\\\/06\\\/cover-gucci_11-e1498767476141.jpg\",\"datePublished\":\"2017-07-14T18:30:40+00:00\",\"dateModified\":\"2017-07-24T06:16:21+00:00\",\"author\":{\"@id\":\"https:\\\/\\\/www.libriparlanti.org\\\/#\\\/schema\\\/person\\\/a2101732f0cc0144f0a4d0ecc313655a\"},\"breadcrumb\":{\"@id\":\"https:\\\/\\\/www.libriparlanti.org\\\/index.php\\\/2017\\\/07\\\/un-libro-voi-due-senza-di-me-ven-14-ore-18-30\\\/#breadcrumb\"},\"inLanguage\":\"it-IT\",\"potentialAction\":[{\"@type\":\"ReadAction\",\"target\":[\"https:\\\/\\\/www.libriparlanti.org\\\/index.php\\\/2017\\\/07\\\/un-libro-voi-due-senza-di-me-ven-14-ore-18-30\\\/\"]}]},{\"@type\":\"ImageObject\",\"inLanguage\":\"it-IT\",\"@id\":\"https:\\\/\\\/www.libriparlanti.org\\\/index.php\\\/2017\\\/07\\\/un-libro-voi-due-senza-di-me-ven-14-ore-18-30\\\/#primaryimage\",\"url\":\"https:\\\/\\\/www.libriparlanti.org\\\/wp-content\\\/uploads\\\/2017\\\/06\\\/cover-gucci_11-e1498767476141.jpg\",\"contentUrl\":\"https:\\\/\\\/www.libriparlanti.org\\\/wp-content\\\/uploads\\\/2017\\\/06\\\/cover-gucci_11-e1498767476141.jpg\",\"width\":302,\"height\":300},{\"@type\":\"BreadcrumbList\",\"@id\":\"https:\\\/\\\/www.libriparlanti.org\\\/index.php\\\/2017\\\/07\\\/un-libro-voi-due-senza-di-me-ven-14-ore-18-30\\\/#breadcrumb\",\"itemListElement\":[{\"@type\":\"ListItem\",\"position\":1,\"name\":\"Home\",\"item\":\"https:\\\/\\\/www.libriparlanti.org\\\/\"},{\"@type\":\"ListItem\",\"position\":2,\"name\":\"Un Libro&#8230;Voi due senza di me \\\/ ven 14 ore 18.30\"}]},{\"@type\":\"WebSite\",\"@id\":\"https:\\\/\\\/www.libriparlanti.org\\\/#website\",\"url\":\"https:\\\/\\\/www.libriparlanti.org\\\/\",\"name\":\"Libreria Libri parlanti\",\"description\":\"Libreria in Castiglione del Lago (Pg)\",\"potentialAction\":[{\"@type\":\"SearchAction\",\"target\":{\"@type\":\"EntryPoint\",\"urlTemplate\":\"https:\\\/\\\/www.libriparlanti.org\\\/?s={search_term_string}\"},\"query-input\":{\"@type\":\"PropertyValueSpecification\",\"valueRequired\":true,\"valueName\":\"search_term_string\"}}],\"inLanguage\":\"it-IT\"},{\"@type\":\"Person\",\"@id\":\"https:\\\/\\\/www.libriparlanti.org\\\/#\\\/schema\\\/person\\\/a2101732f0cc0144f0a4d0ecc313655a\",\"name\":\"admin\",\"image\":{\"@type\":\"ImageObject\",\"inLanguage\":\"it-IT\",\"@id\":\"https:\\\/\\\/secure.gravatar.com\\\/avatar\\\/f06887496a5753f3caca573646570e603d16e07cbd1553492c2c65009e6014ca?s=96&d=mm&r=g\",\"url\":\"https:\\\/\\\/secure.gravatar.com\\\/avatar\\\/f06887496a5753f3caca573646570e603d16e07cbd1553492c2c65009e6014ca?s=96&d=mm&r=g\",\"contentUrl\":\"https:\\\/\\\/secure.gravatar.com\\\/avatar\\\/f06887496a5753f3caca573646570e603d16e07cbd1553492c2c65009e6014ca?s=96&d=mm&r=g\",\"caption\":\"admin\"},\"sameAs\":[\"http:\\\/\\\/www.libriparlanti.org\"],\"url\":\"https:\\\/\\\/www.libriparlanti.org\\\/index.php\\\/author\\\/admin\\\/\"}]}<\/script>\n<!-- \/ Yoast SEO plugin. -->","yoast_head_json":{"title":"Un Libro...Voi due senza di me \/ ven 14 ore 18.30 - Libreria Libri parlanti","robots":{"index":"index","follow":"follow","max-snippet":"max-snippet:-1","max-image-preview":"max-image-preview:large","max-video-preview":"max-video-preview:-1"},"canonical":"https:\/\/www.libriparlanti.org\/index.php\/2017\/07\/un-libro-voi-due-senza-di-me-ven-14-ore-18-30\/","og_locale":"it_IT","og_type":"article","og_title":"Un Libro...Voi due senza di me \/ ven 14 ore 18.30 - Libreria Libri parlanti","og_description":"&nbsp; Venerdi 14 luglio ore 18.30 presso Club Velico a Castiglione del Lago Emiliano Gucci presenta il suo romanzo:&#8221;VOI DUE SENZA DI ME&#8221; Ed.Feltrinelli \u00c8 una giornata luminosa, il cielo carico di un azzurro surreale; alla stazione Michele attende Marta. Appena la intercetta nella folla le va incontro, la ferma, cerca di parlarle: non si [&hellip;]","og_url":"https:\/\/www.libriparlanti.org\/index.php\/2017\/07\/un-libro-voi-due-senza-di-me-ven-14-ore-18-30\/","og_site_name":"Libreria Libri parlanti","article_publisher":"https:\/\/www.facebook.com\/LibriParlanti","article_published_time":"2017-07-14T18:30:40+00:00","article_modified_time":"2017-07-24T06:16:21+00:00","og_image":[{"width":302,"height":300,"url":"https:\/\/www.libriparlanti.org\/wp-content\/uploads\/2017\/06\/cover-gucci_11-e1498767476141.jpg","type":"image\/jpeg"}],"author":"admin","twitter_card":"summary_large_image","twitter_misc":{"Scritto da":"admin","Tempo di lettura stimato":"1 minuto"},"schema":{"@context":"https:\/\/schema.org","@graph":[{"@type":"Article","@id":"https:\/\/www.libriparlanti.org\/index.php\/2017\/07\/un-libro-voi-due-senza-di-me-ven-14-ore-18-30\/#article","isPartOf":{"@id":"https:\/\/www.libriparlanti.org\/index.php\/2017\/07\/un-libro-voi-due-senza-di-me-ven-14-ore-18-30\/"},"author":{"name":"admin","@id":"https:\/\/www.libriparlanti.org\/#\/schema\/person\/a2101732f0cc0144f0a4d0ecc313655a"},"headline":"Un Libro&#8230;Voi due senza di me \/ ven 14 ore 18.30","datePublished":"2017-07-14T18:30:40+00:00","dateModified":"2017-07-24T06:16:21+00:00","mainEntityOfPage":{"@id":"https:\/\/www.libriparlanti.org\/index.php\/2017\/07\/un-libro-voi-due-senza-di-me-ven-14-ore-18-30\/"},"wordCount":150,"commentCount":0,"image":{"@id":"https:\/\/www.libriparlanti.org\/index.php\/2017\/07\/un-libro-voi-due-senza-di-me-ven-14-ore-18-30\/#primaryimage"},"thumbnailUrl":"https:\/\/www.libriparlanti.org\/wp-content\/uploads\/2017\/06\/cover-gucci_11-e1498767476141.jpg","keywords":["club velico","Ed. Feltrinelli","emiliano gucci","voi due senza di me"],"articleSection":["eventi"],"inLanguage":"it-IT","potentialAction":[{"@type":"CommentAction","name":"Comment","target":["https:\/\/www.libriparlanti.org\/index.php\/2017\/07\/un-libro-voi-due-senza-di-me-ven-14-ore-18-30\/#respond"]}]},{"@type":"WebPage","@id":"https:\/\/www.libriparlanti.org\/index.php\/2017\/07\/un-libro-voi-due-senza-di-me-ven-14-ore-18-30\/","url":"https:\/\/www.libriparlanti.org\/index.php\/2017\/07\/un-libro-voi-due-senza-di-me-ven-14-ore-18-30\/","name":"Un Libro...Voi due senza di me \/ ven 14 ore 18.30 - Libreria Libri parlanti","isPartOf":{"@id":"https:\/\/www.libriparlanti.org\/#website"},"primaryImageOfPage":{"@id":"https:\/\/www.libriparlanti.org\/index.php\/2017\/07\/un-libro-voi-due-senza-di-me-ven-14-ore-18-30\/#primaryimage"},"image":{"@id":"https:\/\/www.libriparlanti.org\/index.php\/2017\/07\/un-libro-voi-due-senza-di-me-ven-14-ore-18-30\/#primaryimage"},"thumbnailUrl":"https:\/\/www.libriparlanti.org\/wp-content\/uploads\/2017\/06\/cover-gucci_11-e1498767476141.jpg","datePublished":"2017-07-14T18:30:40+00:00","dateModified":"2017-07-24T06:16:21+00:00","author":{"@id":"https:\/\/www.libriparlanti.org\/#\/schema\/person\/a2101732f0cc0144f0a4d0ecc313655a"},"breadcrumb":{"@id":"https:\/\/www.libriparlanti.org\/index.php\/2017\/07\/un-libro-voi-due-senza-di-me-ven-14-ore-18-30\/#breadcrumb"},"inLanguage":"it-IT","potentialAction":[{"@type":"ReadAction","target":["https:\/\/www.libriparlanti.org\/index.php\/2017\/07\/un-libro-voi-due-senza-di-me-ven-14-ore-18-30\/"]}]},{"@type":"ImageObject","inLanguage":"it-IT","@id":"https:\/\/www.libriparlanti.org\/index.php\/2017\/07\/un-libro-voi-due-senza-di-me-ven-14-ore-18-30\/#primaryimage","url":"https:\/\/www.libriparlanti.org\/wp-content\/uploads\/2017\/06\/cover-gucci_11-e1498767476141.jpg","contentUrl":"https:\/\/www.libriparlanti.org\/wp-content\/uploads\/2017\/06\/cover-gucci_11-e1498767476141.jpg","width":302,"height":300},{"@type":"BreadcrumbList","@id":"https:\/\/www.libriparlanti.org\/index.php\/2017\/07\/un-libro-voi-due-senza-di-me-ven-14-ore-18-30\/#breadcrumb","itemListElement":[{"@type":"ListItem","position":1,"name":"Home","item":"https:\/\/www.libriparlanti.org\/"},{"@type":"ListItem","position":2,"name":"Un Libro&#8230;Voi due senza di me \/ ven 14 ore 18.30"}]},{"@type":"WebSite","@id":"https:\/\/www.libriparlanti.org\/#website","url":"https:\/\/www.libriparlanti.org\/","name":"Libreria Libri parlanti","description":"Libreria in Castiglione del Lago (Pg)","potentialAction":[{"@type":"SearchAction","target":{"@type":"EntryPoint","urlTemplate":"https:\/\/www.libriparlanti.org\/?s={search_term_string}"},"query-input":{"@type":"PropertyValueSpecification","valueRequired":true,"valueName":"search_term_string"}}],"inLanguage":"it-IT"},{"@type":"Person","@id":"https:\/\/www.libriparlanti.org\/#\/schema\/person\/a2101732f0cc0144f0a4d0ecc313655a","name":"admin","image":{"@type":"ImageObject","inLanguage":"it-IT","@id":"https:\/\/secure.gravatar.com\/avatar\/f06887496a5753f3caca573646570e603d16e07cbd1553492c2c65009e6014ca?s=96&d=mm&r=g","url":"https:\/\/secure.gravatar.com\/avatar\/f06887496a5753f3caca573646570e603d16e07cbd1553492c2c65009e6014ca?s=96&d=mm&r=g","contentUrl":"https:\/\/secure.gravatar.com\/avatar\/f06887496a5753f3caca573646570e603d16e07cbd1553492c2c65009e6014ca?s=96&d=mm&r=g","caption":"admin"},"sameAs":["http:\/\/www.libriparlanti.org"],"url":"https:\/\/www.libriparlanti.org\/index.php\/author\/admin\/"}]}},"_links":{"self":[{"href":"https:\/\/www.libriparlanti.org\/index.php\/wp-json\/wp\/v2\/posts\/5874","targetHints":{"allow":["GET"]}}],"collection":[{"href":"https:\/\/www.libriparlanti.org\/index.php\/wp-json\/wp\/v2\/posts"}],"about":[{"href":"https:\/\/www.libriparlanti.org\/index.php\/wp-json\/wp\/v2\/types\/post"}],"author":[{"embeddable":true,"href":"https:\/\/www.libriparlanti.org\/index.php\/wp-json\/wp\/v2\/users\/1"}],"replies":[{"embeddable":true,"href":"https:\/\/www.libriparlanti.org\/index.php\/wp-json\/wp\/v2\/comments?post=5874"}],"version-history":[{"count":8,"href":"https:\/\/www.libriparlanti.org\/index.php\/wp-json\/wp\/v2\/posts\/5874\/revisions"}],"predecessor-version":[{"id":5911,"href":"https:\/\/www.libriparlanti.org\/index.php\/wp-json\/wp\/v2\/posts\/5874\/revisions\/5911"}],"wp:featuredmedia":[{"embeddable":true,"href":"https:\/\/www.libriparlanti.org\/index.php\/wp-json\/wp\/v2\/media\/5876"}],"wp:attachment":[{"href":"https:\/\/www.libriparlanti.org\/index.php\/wp-json\/wp\/v2\/media?parent=5874"}],"wp:term":[{"taxonomy":"category","embeddable":true,"href":"https:\/\/www.libriparlanti.org\/index.php\/wp-json\/wp\/v2\/categories?post=5874"},{"taxonomy":"post_tag","embeddable":true,"href":"https:\/\/www.libriparlanti.org\/index.php\/wp-json\/wp\/v2\/tags?post=5874"}],"curies":[{"name":"wp","href":"https:\/\/api.w.org\/{rel}","templated":true}]}}