{"id":5158,"date":"2016-07-25T17:00:02","date_gmt":"2016-07-25T17:00:02","guid":{"rendered":"http:\/\/www.libriparlanti.org\/?p=5158"},"modified":"2016-07-26T06:15:01","modified_gmt":"2016-07-26T06:15:01","slug":"un-autore-mario-bolognese-lun-25-ore-17-00","status":"publish","type":"post","link":"https:\/\/www.libriparlanti.org\/index.php\/2016\/07\/un-autore-mario-bolognese-lun-25-ore-17-00\/","title":{"rendered":"Un autore&#8230;Mario Bolognese \/lun 25 ore 17.00"},"content":{"rendered":"<p><img loading=\"lazy\" decoding=\"async\" class=\"alignleft size-medium wp-image-5159\" title=\"MARIO\" src=\"http:\/\/www.libriparlanti.org\/wp-content\/uploads\/2016\/07\/MARIO-300x296.jpg\" alt=\"\" width=\"300\" height=\"296\" srcset=\"https:\/\/www.libriparlanti.org\/wp-content\/uploads\/2016\/07\/MARIO-300x296.jpg 300w, https:\/\/www.libriparlanti.org\/wp-content\/uploads\/2016\/07\/MARIO-100x100.jpg 100w, https:\/\/www.libriparlanti.org\/wp-content\/uploads\/2016\/07\/MARIO.jpg 496w\" sizes=\"(max-width: 300px) 100vw, 300px\" \/><\/p>\n<p>IL DISEGNO ? \u00a0 \u00a0 \u00a0 \u00a0 Mario Bolognese , scrittore, formatore e studioso di simboli e risorse immaginative e creative dei bambini e delle bambine, presenta DISEGNO ED ECOGENEALOGIA . \u00a0Ha scritto numerosi testi, tra cui &#8221; Le fiabe di Eos&#8221;.<\/p>\n<p>L&#8217;incontro \u00e8 rivolto ad insegnanti, genitori, educatori, e a qualsiasi persona interessata a ritrovare benessere in vicinanza e simpatia con la natura. Con un diversa metodologia questo lavoro pu\u00f2 essere pensato e organizzato con la partecipazione di bambine e bambini, anche diversamente abili.<\/p>\n<p>Luned\u00ec 25 LUGLIO ore\u00a017.00-19.00<br \/>\nLIBRERIA LIBRI PARLANTI -CASTIGLIONE DEL LAGO<\/p>\n<p>&nbsp;<\/p>\n<p>&nbsp;<\/p>\n<p>APPROFONDIMENTO<\/p>\n<p>Per eco-genealogia qui si intende l&#8217;intimo collegamento che anche noi esseri umani abbiamo con la natura, percepita come Madre Terra. Per cui a partire dalle principali figure parentali, come la madre e il padre e ogni altra figura emotivamente importante per noi, come ogni intensa emozione che noi proviamo, non importa se positiva o negativa, trasformata in paesaggio ci rimette in connessione con il cosmo offrendoci nello stesso tempo preziose informazioni sul nostro \u201cesserci al mondo\u201d. In questo contesto laboratoriale si invitano le persone a disegnare liberamente la parola \u201cmadre\u201d o \u201cpadre\u201d, assieme o disgiunte, ( o di un\u2019altra figura parentale ), come di una qualunque emozione, in un paesaggio. Questa esperienza espressiva, connotata da immediatezza e semplicit\u00e0, non desidera esprimere o richiedere particolari competenze artistiche. Basta ritrovare, senza giudizi estetici o di merito , il gusto di disegnare in vicinanza con la nostra parte bambina. L\u2019approccio culturale, laico, trae linfa dalla poesia come \u201canima del mondo\u201d e dai simbolismi universali dell\u2019antropologia del sacro. Questa proposta non ha finalit\u00e0 o interpretazioni psicologiche o terapeutiche ma desidera solo svelare una parte di quei tanti \u201c paesaggi dell\u2019anima\u201d che le nostre parole e pensieri ed emozioni pi\u00f9 profonde \u2013 come quelle riguardanti le figure parentali &#8211; rimuovono o celano. Questi \u2018paesaggi\u2019 infatti, con la natura, gli animali e il cosmo tutto, sono, nella millenaria sapienza umana transculturale, le radici immaginative del nostro stesso \u2018abitare il mondo\u2019. Come orientamento generale questo lavoro si colloca nell\u2019ambito di una cultura di pace, di eco-solidariet\u00e0 e di convivialit\u00e0 delle differenze. Particolare e dolce attenzione verr\u00e0 rivolta al rispetto e valorizzazione della differenza di genere, a partire dalle bambine e dai bambini. Per ulteriori informazioni<\/p>\n<p>&nbsp;<\/p>\n<p>&nbsp;<\/p>\n<p>.<em><\/em><\/p>\n","protected":false},"excerpt":{"rendered":"<p>IL DISEGNO ? \u00a0 \u00a0 \u00a0 \u00a0 Mario Bolognese , scrittore, formatore e studioso di simboli e risorse immaginative e creative dei bambini e delle bambine, presenta DISEGNO ED ECOGENEALOGIA . \u00a0Ha scritto numerosi testi, tra cui &#8221; Le fiabe di Eos&#8221;. L&#8217;incontro \u00e8 rivolto ad insegnanti, genitori, educatori, e a qualsiasi persona interessata a [&hellip;]<\/p>\n","protected":false},"author":1,"featured_media":5164,"comment_status":"open","ping_status":"open","sticky":false,"template":"","format":"standard","meta":{"_et_pb_use_builder":"","_et_pb_old_content":"","_et_gb_content_width":"","_joinchat":[],"footnotes":""},"categories":[3],"tags":[621,83,620],"class_list":["post-5158","post","type-post","status-publish","format-standard","has-post-thumbnail","hentry","category-eventi","tag-ecogenealogia","tag-libri-parlanti","tag-mario-bolognese"],"yoast_head":"<!-- This site is optimized with the Yoast SEO plugin v27.5 - https:\/\/yoast.com\/product\/yoast-seo-wordpress\/ -->\n<title>Un autore...Mario Bolognese \/lun 25 ore 17.00 - Libreria Libri parlanti<\/title>\n<meta name=\"robots\" content=\"index, follow, max-snippet:-1, max-image-preview:large, max-video-preview:-1\" \/>\n<link rel=\"canonical\" href=\"https:\/\/www.libriparlanti.org\/index.php\/2016\/07\/un-autore-mario-bolognese-lun-25-ore-17-00\/\" \/>\n<meta property=\"og:locale\" content=\"it_IT\" \/>\n<meta property=\"og:type\" content=\"article\" \/>\n<meta property=\"og:title\" content=\"Un autore...Mario Bolognese \/lun 25 ore 17.00 - Libreria Libri parlanti\" \/>\n<meta property=\"og:description\" content=\"IL DISEGNO ? \u00a0 \u00a0 \u00a0 \u00a0 Mario Bolognese , scrittore, formatore e studioso di simboli e risorse immaginative e creative dei bambini e delle bambine, presenta DISEGNO ED ECOGENEALOGIA . \u00a0Ha scritto numerosi testi, tra cui &#8221; Le fiabe di Eos&#8221;. L&#8217;incontro \u00e8 rivolto ad insegnanti, genitori, educatori, e a qualsiasi persona interessata a [&hellip;]\" \/>\n<meta property=\"og:url\" content=\"https:\/\/www.libriparlanti.org\/index.php\/2016\/07\/un-autore-mario-bolognese-lun-25-ore-17-00\/\" \/>\n<meta property=\"og:site_name\" content=\"Libreria Libri parlanti\" \/>\n<meta property=\"article:publisher\" content=\"https:\/\/www.facebook.com\/LibriParlanti\" \/>\n<meta property=\"article:published_time\" content=\"2016-07-25T17:00:02+00:00\" \/>\n<meta property=\"article:modified_time\" content=\"2016-07-26T06:15:01+00:00\" \/>\n<meta property=\"og:image\" content=\"https:\/\/www.libriparlanti.org\/wp-content\/uploads\/2016\/07\/MARIO3.jpg\" \/>\n\t<meta property=\"og:image:width\" content=\"496\" \/>\n\t<meta property=\"og:image:height\" content=\"491\" \/>\n\t<meta property=\"og:image:type\" content=\"image\/jpeg\" \/>\n<meta name=\"author\" content=\"admin\" \/>\n<meta name=\"twitter:card\" content=\"summary_large_image\" \/>\n<meta name=\"twitter:label1\" content=\"Scritto da\" \/>\n\t<meta name=\"twitter:data1\" content=\"admin\" \/>\n\t<meta name=\"twitter:label2\" content=\"Tempo di lettura stimato\" \/>\n\t<meta name=\"twitter:data2\" content=\"2 minuti\" \/>\n<script type=\"application\/ld+json\" class=\"yoast-schema-graph\">{\"@context\":\"https:\\\/\\\/schema.org\",\"@graph\":[{\"@type\":\"Article\",\"@id\":\"https:\\\/\\\/www.libriparlanti.org\\\/index.php\\\/2016\\\/07\\\/un-autore-mario-bolognese-lun-25-ore-17-00\\\/#article\",\"isPartOf\":{\"@id\":\"https:\\\/\\\/www.libriparlanti.org\\\/index.php\\\/2016\\\/07\\\/un-autore-mario-bolognese-lun-25-ore-17-00\\\/\"},\"author\":{\"name\":\"admin\",\"@id\":\"https:\\\/\\\/www.libriparlanti.org\\\/#\\\/schema\\\/person\\\/a2101732f0cc0144f0a4d0ecc313655a\"},\"headline\":\"Un autore&#8230;Mario Bolognese \\\/lun 25 ore 17.00\",\"datePublished\":\"2016-07-25T17:00:02+00:00\",\"dateModified\":\"2016-07-26T06:15:01+00:00\",\"mainEntityOfPage\":{\"@id\":\"https:\\\/\\\/www.libriparlanti.org\\\/index.php\\\/2016\\\/07\\\/un-autore-mario-bolognese-lun-25-ore-17-00\\\/\"},\"wordCount\":375,\"commentCount\":0,\"image\":{\"@id\":\"https:\\\/\\\/www.libriparlanti.org\\\/index.php\\\/2016\\\/07\\\/un-autore-mario-bolognese-lun-25-ore-17-00\\\/#primaryimage\"},\"thumbnailUrl\":\"https:\\\/\\\/www.libriparlanti.org\\\/wp-content\\\/uploads\\\/2016\\\/07\\\/MARIO3.jpg\",\"keywords\":[\"ecogenealogia\",\"libri parlanti\",\"mario bolognese\"],\"articleSection\":[\"eventi\"],\"inLanguage\":\"it-IT\",\"potentialAction\":[{\"@type\":\"CommentAction\",\"name\":\"Comment\",\"target\":[\"https:\\\/\\\/www.libriparlanti.org\\\/index.php\\\/2016\\\/07\\\/un-autore-mario-bolognese-lun-25-ore-17-00\\\/#respond\"]}]},{\"@type\":\"WebPage\",\"@id\":\"https:\\\/\\\/www.libriparlanti.org\\\/index.php\\\/2016\\\/07\\\/un-autore-mario-bolognese-lun-25-ore-17-00\\\/\",\"url\":\"https:\\\/\\\/www.libriparlanti.org\\\/index.php\\\/2016\\\/07\\\/un-autore-mario-bolognese-lun-25-ore-17-00\\\/\",\"name\":\"Un autore...Mario Bolognese \\\/lun 25 ore 17.00 - Libreria Libri parlanti\",\"isPartOf\":{\"@id\":\"https:\\\/\\\/www.libriparlanti.org\\\/#website\"},\"primaryImageOfPage\":{\"@id\":\"https:\\\/\\\/www.libriparlanti.org\\\/index.php\\\/2016\\\/07\\\/un-autore-mario-bolognese-lun-25-ore-17-00\\\/#primaryimage\"},\"image\":{\"@id\":\"https:\\\/\\\/www.libriparlanti.org\\\/index.php\\\/2016\\\/07\\\/un-autore-mario-bolognese-lun-25-ore-17-00\\\/#primaryimage\"},\"thumbnailUrl\":\"https:\\\/\\\/www.libriparlanti.org\\\/wp-content\\\/uploads\\\/2016\\\/07\\\/MARIO3.jpg\",\"datePublished\":\"2016-07-25T17:00:02+00:00\",\"dateModified\":\"2016-07-26T06:15:01+00:00\",\"author\":{\"@id\":\"https:\\\/\\\/www.libriparlanti.org\\\/#\\\/schema\\\/person\\\/a2101732f0cc0144f0a4d0ecc313655a\"},\"breadcrumb\":{\"@id\":\"https:\\\/\\\/www.libriparlanti.org\\\/index.php\\\/2016\\\/07\\\/un-autore-mario-bolognese-lun-25-ore-17-00\\\/#breadcrumb\"},\"inLanguage\":\"it-IT\",\"potentialAction\":[{\"@type\":\"ReadAction\",\"target\":[\"https:\\\/\\\/www.libriparlanti.org\\\/index.php\\\/2016\\\/07\\\/un-autore-mario-bolognese-lun-25-ore-17-00\\\/\"]}]},{\"@type\":\"ImageObject\",\"inLanguage\":\"it-IT\",\"@id\":\"https:\\\/\\\/www.libriparlanti.org\\\/index.php\\\/2016\\\/07\\\/un-autore-mario-bolognese-lun-25-ore-17-00\\\/#primaryimage\",\"url\":\"https:\\\/\\\/www.libriparlanti.org\\\/wp-content\\\/uploads\\\/2016\\\/07\\\/MARIO3.jpg\",\"contentUrl\":\"https:\\\/\\\/www.libriparlanti.org\\\/wp-content\\\/uploads\\\/2016\\\/07\\\/MARIO3.jpg\",\"width\":496,\"height\":491},{\"@type\":\"BreadcrumbList\",\"@id\":\"https:\\\/\\\/www.libriparlanti.org\\\/index.php\\\/2016\\\/07\\\/un-autore-mario-bolognese-lun-25-ore-17-00\\\/#breadcrumb\",\"itemListElement\":[{\"@type\":\"ListItem\",\"position\":1,\"name\":\"Home\",\"item\":\"https:\\\/\\\/www.libriparlanti.org\\\/\"},{\"@type\":\"ListItem\",\"position\":2,\"name\":\"Un autore&#8230;Mario Bolognese \\\/lun 25 ore 17.00\"}]},{\"@type\":\"WebSite\",\"@id\":\"https:\\\/\\\/www.libriparlanti.org\\\/#website\",\"url\":\"https:\\\/\\\/www.libriparlanti.org\\\/\",\"name\":\"Libreria Libri parlanti\",\"description\":\"Libreria in Castiglione del Lago (Pg)\",\"potentialAction\":[{\"@type\":\"SearchAction\",\"target\":{\"@type\":\"EntryPoint\",\"urlTemplate\":\"https:\\\/\\\/www.libriparlanti.org\\\/?s={search_term_string}\"},\"query-input\":{\"@type\":\"PropertyValueSpecification\",\"valueRequired\":true,\"valueName\":\"search_term_string\"}}],\"inLanguage\":\"it-IT\"},{\"@type\":\"Person\",\"@id\":\"https:\\\/\\\/www.libriparlanti.org\\\/#\\\/schema\\\/person\\\/a2101732f0cc0144f0a4d0ecc313655a\",\"name\":\"admin\",\"image\":{\"@type\":\"ImageObject\",\"inLanguage\":\"it-IT\",\"@id\":\"https:\\\/\\\/secure.gravatar.com\\\/avatar\\\/f06887496a5753f3caca573646570e603d16e07cbd1553492c2c65009e6014ca?s=96&d=mm&r=g\",\"url\":\"https:\\\/\\\/secure.gravatar.com\\\/avatar\\\/f06887496a5753f3caca573646570e603d16e07cbd1553492c2c65009e6014ca?s=96&d=mm&r=g\",\"contentUrl\":\"https:\\\/\\\/secure.gravatar.com\\\/avatar\\\/f06887496a5753f3caca573646570e603d16e07cbd1553492c2c65009e6014ca?s=96&d=mm&r=g\",\"caption\":\"admin\"},\"sameAs\":[\"http:\\\/\\\/www.libriparlanti.org\"],\"url\":\"https:\\\/\\\/www.libriparlanti.org\\\/index.php\\\/author\\\/admin\\\/\"}]}<\/script>\n<!-- \/ Yoast SEO plugin. -->","yoast_head_json":{"title":"Un autore...Mario Bolognese \/lun 25 ore 17.00 - Libreria Libri parlanti","robots":{"index":"index","follow":"follow","max-snippet":"max-snippet:-1","max-image-preview":"max-image-preview:large","max-video-preview":"max-video-preview:-1"},"canonical":"https:\/\/www.libriparlanti.org\/index.php\/2016\/07\/un-autore-mario-bolognese-lun-25-ore-17-00\/","og_locale":"it_IT","og_type":"article","og_title":"Un autore...Mario Bolognese \/lun 25 ore 17.00 - Libreria Libri parlanti","og_description":"IL DISEGNO ? \u00a0 \u00a0 \u00a0 \u00a0 Mario Bolognese , scrittore, formatore e studioso di simboli e risorse immaginative e creative dei bambini e delle bambine, presenta DISEGNO ED ECOGENEALOGIA . \u00a0Ha scritto numerosi testi, tra cui &#8221; Le fiabe di Eos&#8221;. L&#8217;incontro \u00e8 rivolto ad insegnanti, genitori, educatori, e a qualsiasi persona interessata a [&hellip;]","og_url":"https:\/\/www.libriparlanti.org\/index.php\/2016\/07\/un-autore-mario-bolognese-lun-25-ore-17-00\/","og_site_name":"Libreria Libri parlanti","article_publisher":"https:\/\/www.facebook.com\/LibriParlanti","article_published_time":"2016-07-25T17:00:02+00:00","article_modified_time":"2016-07-26T06:15:01+00:00","og_image":[{"width":496,"height":491,"url":"https:\/\/www.libriparlanti.org\/wp-content\/uploads\/2016\/07\/MARIO3.jpg","type":"image\/jpeg"}],"author":"admin","twitter_card":"summary_large_image","twitter_misc":{"Scritto da":"admin","Tempo di lettura stimato":"2 minuti"},"schema":{"@context":"https:\/\/schema.org","@graph":[{"@type":"Article","@id":"https:\/\/www.libriparlanti.org\/index.php\/2016\/07\/un-autore-mario-bolognese-lun-25-ore-17-00\/#article","isPartOf":{"@id":"https:\/\/www.libriparlanti.org\/index.php\/2016\/07\/un-autore-mario-bolognese-lun-25-ore-17-00\/"},"author":{"name":"admin","@id":"https:\/\/www.libriparlanti.org\/#\/schema\/person\/a2101732f0cc0144f0a4d0ecc313655a"},"headline":"Un autore&#8230;Mario Bolognese \/lun 25 ore 17.00","datePublished":"2016-07-25T17:00:02+00:00","dateModified":"2016-07-26T06:15:01+00:00","mainEntityOfPage":{"@id":"https:\/\/www.libriparlanti.org\/index.php\/2016\/07\/un-autore-mario-bolognese-lun-25-ore-17-00\/"},"wordCount":375,"commentCount":0,"image":{"@id":"https:\/\/www.libriparlanti.org\/index.php\/2016\/07\/un-autore-mario-bolognese-lun-25-ore-17-00\/#primaryimage"},"thumbnailUrl":"https:\/\/www.libriparlanti.org\/wp-content\/uploads\/2016\/07\/MARIO3.jpg","keywords":["ecogenealogia","libri parlanti","mario bolognese"],"articleSection":["eventi"],"inLanguage":"it-IT","potentialAction":[{"@type":"CommentAction","name":"Comment","target":["https:\/\/www.libriparlanti.org\/index.php\/2016\/07\/un-autore-mario-bolognese-lun-25-ore-17-00\/#respond"]}]},{"@type":"WebPage","@id":"https:\/\/www.libriparlanti.org\/index.php\/2016\/07\/un-autore-mario-bolognese-lun-25-ore-17-00\/","url":"https:\/\/www.libriparlanti.org\/index.php\/2016\/07\/un-autore-mario-bolognese-lun-25-ore-17-00\/","name":"Un autore...Mario Bolognese \/lun 25 ore 17.00 - Libreria Libri parlanti","isPartOf":{"@id":"https:\/\/www.libriparlanti.org\/#website"},"primaryImageOfPage":{"@id":"https:\/\/www.libriparlanti.org\/index.php\/2016\/07\/un-autore-mario-bolognese-lun-25-ore-17-00\/#primaryimage"},"image":{"@id":"https:\/\/www.libriparlanti.org\/index.php\/2016\/07\/un-autore-mario-bolognese-lun-25-ore-17-00\/#primaryimage"},"thumbnailUrl":"https:\/\/www.libriparlanti.org\/wp-content\/uploads\/2016\/07\/MARIO3.jpg","datePublished":"2016-07-25T17:00:02+00:00","dateModified":"2016-07-26T06:15:01+00:00","author":{"@id":"https:\/\/www.libriparlanti.org\/#\/schema\/person\/a2101732f0cc0144f0a4d0ecc313655a"},"breadcrumb":{"@id":"https:\/\/www.libriparlanti.org\/index.php\/2016\/07\/un-autore-mario-bolognese-lun-25-ore-17-00\/#breadcrumb"},"inLanguage":"it-IT","potentialAction":[{"@type":"ReadAction","target":["https:\/\/www.libriparlanti.org\/index.php\/2016\/07\/un-autore-mario-bolognese-lun-25-ore-17-00\/"]}]},{"@type":"ImageObject","inLanguage":"it-IT","@id":"https:\/\/www.libriparlanti.org\/index.php\/2016\/07\/un-autore-mario-bolognese-lun-25-ore-17-00\/#primaryimage","url":"https:\/\/www.libriparlanti.org\/wp-content\/uploads\/2016\/07\/MARIO3.jpg","contentUrl":"https:\/\/www.libriparlanti.org\/wp-content\/uploads\/2016\/07\/MARIO3.jpg","width":496,"height":491},{"@type":"BreadcrumbList","@id":"https:\/\/www.libriparlanti.org\/index.php\/2016\/07\/un-autore-mario-bolognese-lun-25-ore-17-00\/#breadcrumb","itemListElement":[{"@type":"ListItem","position":1,"name":"Home","item":"https:\/\/www.libriparlanti.org\/"},{"@type":"ListItem","position":2,"name":"Un autore&#8230;Mario Bolognese \/lun 25 ore 17.00"}]},{"@type":"WebSite","@id":"https:\/\/www.libriparlanti.org\/#website","url":"https:\/\/www.libriparlanti.org\/","name":"Libreria Libri parlanti","description":"Libreria in Castiglione del Lago (Pg)","potentialAction":[{"@type":"SearchAction","target":{"@type":"EntryPoint","urlTemplate":"https:\/\/www.libriparlanti.org\/?s={search_term_string}"},"query-input":{"@type":"PropertyValueSpecification","valueRequired":true,"valueName":"search_term_string"}}],"inLanguage":"it-IT"},{"@type":"Person","@id":"https:\/\/www.libriparlanti.org\/#\/schema\/person\/a2101732f0cc0144f0a4d0ecc313655a","name":"admin","image":{"@type":"ImageObject","inLanguage":"it-IT","@id":"https:\/\/secure.gravatar.com\/avatar\/f06887496a5753f3caca573646570e603d16e07cbd1553492c2c65009e6014ca?s=96&d=mm&r=g","url":"https:\/\/secure.gravatar.com\/avatar\/f06887496a5753f3caca573646570e603d16e07cbd1553492c2c65009e6014ca?s=96&d=mm&r=g","contentUrl":"https:\/\/secure.gravatar.com\/avatar\/f06887496a5753f3caca573646570e603d16e07cbd1553492c2c65009e6014ca?s=96&d=mm&r=g","caption":"admin"},"sameAs":["http:\/\/www.libriparlanti.org"],"url":"https:\/\/www.libriparlanti.org\/index.php\/author\/admin\/"}]}},"_links":{"self":[{"href":"https:\/\/www.libriparlanti.org\/index.php\/wp-json\/wp\/v2\/posts\/5158","targetHints":{"allow":["GET"]}}],"collection":[{"href":"https:\/\/www.libriparlanti.org\/index.php\/wp-json\/wp\/v2\/posts"}],"about":[{"href":"https:\/\/www.libriparlanti.org\/index.php\/wp-json\/wp\/v2\/types\/post"}],"author":[{"embeddable":true,"href":"https:\/\/www.libriparlanti.org\/index.php\/wp-json\/wp\/v2\/users\/1"}],"replies":[{"embeddable":true,"href":"https:\/\/www.libriparlanti.org\/index.php\/wp-json\/wp\/v2\/comments?post=5158"}],"version-history":[{"count":5,"href":"https:\/\/www.libriparlanti.org\/index.php\/wp-json\/wp\/v2\/posts\/5158\/revisions"}],"predecessor-version":[{"id":5162,"href":"https:\/\/www.libriparlanti.org\/index.php\/wp-json\/wp\/v2\/posts\/5158\/revisions\/5162"}],"wp:featuredmedia":[{"embeddable":true,"href":"https:\/\/www.libriparlanti.org\/index.php\/wp-json\/wp\/v2\/media\/5164"}],"wp:attachment":[{"href":"https:\/\/www.libriparlanti.org\/index.php\/wp-json\/wp\/v2\/media?parent=5158"}],"wp:term":[{"taxonomy":"category","embeddable":true,"href":"https:\/\/www.libriparlanti.org\/index.php\/wp-json\/wp\/v2\/categories?post=5158"},{"taxonomy":"post_tag","embeddable":true,"href":"https:\/\/www.libriparlanti.org\/index.php\/wp-json\/wp\/v2\/tags?post=5158"}],"curies":[{"name":"wp","href":"https:\/\/api.w.org\/{rel}","templated":true}]}}