{"id":4949,"date":"2016-05-21T10:00:24","date_gmt":"2016-05-21T10:00:24","guid":{"rendered":"http:\/\/www.libriparlanti.org\/?p=4949"},"modified":"2016-05-17T11:03:21","modified_gmt":"2016-05-17T11:03:21","slug":"convegno-bes-e-nuove-tecnologie-sab-21","status":"publish","type":"post","link":"https:\/\/www.libriparlanti.org\/index.php\/2016\/05\/convegno-bes-e-nuove-tecnologie-sab-21\/","title":{"rendered":"Convegno: BES e nuove tecnologie \/ sab 21 ore 9.00"},"content":{"rendered":"<p><a href=\"http:\/\/www.libriparlanti.org\/wp-content\/uploads\/2016\/05\/unnamed.jpg\"><img loading=\"lazy\" decoding=\"async\" class=\"alignleft size-medium wp-image-4973\" title=\"unnamed\" src=\"http:\/\/www.libriparlanti.org\/wp-content\/uploads\/2016\/05\/unnamed-212x300.jpg\" alt=\"\" width=\"212\" height=\"300\" srcset=\"https:\/\/www.libriparlanti.org\/wp-content\/uploads\/2016\/05\/unnamed-212x300.jpg 212w, https:\/\/www.libriparlanti.org\/wp-content\/uploads\/2016\/05\/unnamed-scaled-600x849.jpg 600w, https:\/\/www.libriparlanti.org\/wp-content\/uploads\/2016\/05\/unnamed-723x1024.jpg 723w, https:\/\/www.libriparlanti.org\/wp-content\/uploads\/2016\/05\/unnamed-scaled.jpg 1810w\" sizes=\"(max-width: 212px) 100vw, 212px\" \/><\/a><\/p>\n<div>TECNOLOGIE DIGITALI e Bisogni Educativi Speciali: Non solo strumenti compensativi.<\/div>\n<div>SEDE CONVEGNO: Sala Convegno Ex Asilo Reattelli &#8211; Castiglione del Lago &#8211; centro storico<\/div>\n<p>Il Convegno \u00e8 rivolto a Insegnanti, Clinici, Genitori, Dislessici Adulti e coloro che sono interessati al tema.<br \/>\nPROGRAMMA completo di incontri in PLENARIA E WORKSHOP<br \/>\nLink per accedere al modulo di iscrizione <a href=\"http:\/\/goo.gl\/forms\/FqDbmxjPk3\">http:\/\/goo.gl\/forms\/FqDbmxjPk3<\/a><br \/>\nContatti per maggiori informazioni e.mail: <em>formazione@centrofare.it<\/em>\u00a0 oppure 07544317 &#8211; cell 3357711118<br \/>\nOre 8.30 Registrazione partecipanti \u2013 insegnanti, ,clinici, genitori, dislessici adulti<br \/>\nOre 9:00 Saluti istituzionali<br \/>\nApre i lavori Marina E. Locatelli \u2013 Direttrice del Centro F.A.R.E.<br \/>\nEleonora Tesei &#8211; Dirigente scolastico dell&#8217;Istituto Omnicomprensivo &#8220;Rosselli-Rasetti&#8221;<br \/>\nAndrea Laurenzi &#8211; Presidente Associazione Autismo Arezzo<br \/>\nModeratore: Giovanna Lami &#8211; Universit\u00e0 degli Studi di Modena e Reggio Emilia<br \/>\nOre 09:20 Le tecnologie digitali nella scuola che cambia. Floriana Falcinelli \u2013 Universit\u00e0 degli Studi di Perugia<\/p>\n<p>Ore 10:00 La tecnologia del testo e i criteri di leggibilit\u00e0 come mediatori didattici.Enrico Angelo Emili \u2013 PhD e assegnista di ricerca Universit\u00e0 di Perugia<\/p>\n<p>Ore 10:40 Coffee break<br \/>\nOre 11:00 Software per l\u2019apprendimento: molto pi\u00f9 di un semplice programma.Giuliano Serena \u2013 Insegnante e autore di software didattici gratuiti<br \/>\nOre 11:40 Tecnologia, metacognizione e inclusione: fanno rima con comprensione.Cristina Gaggioli \u2013 Pedagogista Centro F.A.R.E.<br \/>\nOre 12:20 Tecnologie compensative nel quadro delle disposizioni normative in materia di BES.Giovanna Lami \u2013 Universit\u00e0 di Modena e Reggio Emilia<\/p>\n<p>Ore 13.00 Pausa Pranzo<\/p>\n<p>&nbsp;<\/p>\n<p>Sessioni Parallele<br \/>\nWorkshop<\/p>\n<p>Ore 14:00\u00a0Studiare con Cmap: imparare a costruire le mappe concettuali.Giovanna Lami. La sintesi vocale tra didattica e compensazione.C. Gaggioli, E. Emili e G. Serena<\/p>\n<p>Ore 15:30\u00a0Pausa<br \/>\nOre 16:00\u00a0Racconto e mi racconto con SCRATCH.\u00a0Martina Sabatini \u2013 Insegnante specializzata\u00a0La mappa mentale come mnemotecnica.Alessio Latini \u2013 Educatore Centro FARE.\u00a0Sara Tagliamonte \u2013 Educatore Centro FARE<br \/>\nOre 17:30 Discussione<br \/>\nOre 18.00 Saluti finali e chiusura dei lavori<br \/>\n<strong>Giovanna Lami,<\/strong> Coordinatore Tutor dell\u2019Ufficio Dislessici e Professore Associato Universit\u00e0 Modena e Reggio Emilia, gi\u00e0 Vice-presidente AID , ha partecipato alla commissione AID per la legge 170\/2010, all\u2019aggiornamento della Consensus Conference per DSA (PARCC -2011) e alla \u201cThird International Conference on Concept Mapping\u201d(Tallin 2008).<br \/>\n<strong>Floriana Falcinelli<\/strong>, Professore ordinario di Didattica generale e Tecnologie dell\u2019istruzione e apprendimento, settore M-PED 03, presso il Dipartimento di Filosofia, Scienze sociali, Umane e della Formazione dell\u2019Universit\u00e0 degli Studi di Perugia. E\u2019 Presidente del Corso di Laurea in Scienze della Formazione Primaria e delegato del rettore per l\u2019e-learning.<br \/>\n<strong>Enrico Angelo Emili<\/strong>, Dottore di ricerca in Pedagogia Speciale, presso l\u2019Universit\u00e0 di Bologna. Assegnista di ricerca all\u2019Universit\u00e0 di Perugia. Formatore sui temi delle tecnologie compensative ed inclusive. Ha svolto incarichi di docenza nei Master in \u201cDidattica e psico-pedagogia per i DSA\u201d. Dal 2015 \u00e8 membro del gruppo di ricerca dell&#8217;European Agency nel progetto &#8220;Raising Achievement of all Learners in Inclusive Education.<\/p>\n<p><strong>Giuliano Serena<\/strong>, Insegnante di lettere in pensione, da pi\u00f9 di trent&#8217;anni si interessa di informatica per la didattica. Autore di software didattici e di software compensativi gratuiti, da due anni tiene laboratori per studenti di Scienze della Formazione Primaria presso l&#8217;Universit\u00e0 Cattolica del Sacro Cuore di Brescia. \u00c8 autore del software allegato al libro \u201cCostruire il Piano Didattico Personalizzato\u201d edito da Erickson.<br \/>\n<strong>Cristina Gaggioli<\/strong>, Pedagogista, specializzata in Tecnologie dell\u2019Istruzione e dell\u2019Apprendimento presso l\u2019Universit\u00e0 di Firenze e di Padova. Dottoranda di Ricerca in Scienze Umane presso l\u2019Universit\u00e0 degli Studi di Perugia. Formatore sui temi della Didattica Generale e Speciale attinenti ai DSA e alle difficolt\u00e0 di apprendimento. Lavora presso il Centro FARE dove coordina le attivit\u00e0 didattiche e laboratoriali del centro. \u00c8 autrice del libro \u201cComprensione produzione del testo per alunni con DSA. Schede e attivit\u00e0 didattiche per il passaggio dalla scuola primaria alla secondaria\u201d edito da Erickson.<\/p>\n<p><strong>Martina Sabatini<\/strong>, Laurea in Scienze della Formazione Primaria con specializzazione per le Attivit\u00e0 di Sostegno. Dottoranda di ricerca in Scienze Umane, indirizzo pedagogico-psicologico, presso l\u2019Universit\u00e0 degli Studi di Perugia. Ha svolto attivit\u00e0 di formazione inerente la tematica del coding. Lavora come insegnante di sostegno a Scuola Primaria.<\/p>\n<p><strong>Alessio Latini<\/strong>, Laurea Magistrale in Storia presso l&#8217;Universit\u00e0 di Perugia, diploma di Master di Primo Livello in &#8220;Strumenti d&#8217;analisi e strategie d&#8217;intervento per affrontare il disagio giovanile in ambito scolastico&#8221; presso l&#8217;Universit\u00e0 di Siena. Membro dell\u2019equipe centro F.A.R.E. come tutor didattico, educatore e Formatore.<br \/>\n&#8212;&#8212;&#8212;&#8212;&#8212;&#8212;&#8212;&#8212;&#8212;&#8212;&#8212;&#8212;-<\/p>\n<p>&#8212;&#8212;&#8212;&#8212;&#8212;&#8212;&#8212;&#8212;&#8212;&#8212;&#8212;&#8212;<br \/>\nSEDE CONVEGNO<br \/>\nEx Asilo Reattelli c\/o Universit\u00e0 degli Studi Perugia Castiglione del Lago<\/p>\n<p>Via dell&#8217;Asilo (centro storico Castiglion del Lago)<br \/>\nCastiglione del Lago \u2013 Perugia<br \/>\nCome raggiungerci:<br \/>\nIN TRENO: Castiglione del Lago ha una sua stazione ferroviaria lungo la linea Roma-Firenze.<br \/>\nA pochi chilometri la stazione Terontola \u2013 Cortona.<br \/>\nIN AUTO: SSE45 uscita Castiglione del Lago.<br \/>\nE\u2019 facilmente raggiungibile dall&#8217;Autostrada A1: Provenendo da sud: uscire a Fabro; proseguire per Chiusi; proseguire per Castiglione del Lago.<\/p>\n<p>Provenendo da nord: uscire a Bettolle; prendere la superstrada Siena-Bettolle direzione Perugia; uscire a Castiglione del Lago.<\/p>\n<p>ISCRIZIONE AL CONVEGNO<br \/>\nPer iscriversi www.centrofare.it ed effettuare l\u2019iscrizione on-line.<br \/>\nLink per il modulo di iscrizione http:\/\/goo.gl\/forms\/FqDbmxjPk3<br \/>\nIl perfezionamento avverr\u00e0 solo in seguito al pagamento della quota prevista.<br \/>\nCOSTI e MODALITA\u2019 DI PAGAMENTO<br \/>\nIl costo \u00e8 di \u20ac 90.00 IVA inclusa 22%<br \/>\nOpzione \u201cPorta un collega\u201d: Portando un collega entrambi gli iscritti usufruiranno di uno sconto sulla quota di iscrizione. In questo caso le quote diventano: \u20ac 75,00 inclusa iva 22% ciascuno.<\/p>\n<p>Opzione studenti presentando copia del libretto usufruiranno della tariffa agevolata di \u20ac 60,00 inclusa IVA 22%<br \/>\nNel caso di pagamento da parte di Enti Pubblici (es. scuole) nel bonifico specificare anche pagamento da parte di Ente Pubblico.In questo caso, a seguito di una dichiarazione dell\u2019Ente stesso, il pagamento e la relativa fattura sar\u00e0 in esenzione da IVA (ai sensi dell\u2019art. 14, c. 10 della L. 537\/93).<\/p>\n<p>Il pagamento dovr\u00e0 essere effettuato tramite bonifico bancario o presso le sedi del centro FARE<br \/>\nCentro F.A.R.E.<\/p>\n<p>Banca CariChieti<br \/>\nCOORDINATE BANCARIE<br \/>\nIT56U0605003000CC0760080812<br \/>\nNel bonifico specificare il titolo: \u201cTecnologie Digitali e BES 2016\u201d e il nome e cognome del partecipante.<br \/>\nSar\u00e0 possibile effettuare il pagamento anche presso le sedi del Centro Fare:<br \/>\nPerugia, L.go Massimo D\u2019Azeglio(traversa via dei Filosofi, 12 &#8211; dal luned\u00ec al venerd\u00ec 9-13 e 15-18 07544317<br \/>\nTerni, Piazza Solferino, 8 &#8211; 0744 404902<br \/>\nCastiglione del Lago, Via Carducci 7 presso Libreria Libri Parlanti &#8211; 07544317<\/p>\n<p>ATTESTATO DI PARTECIPAZIONE<br \/>\nA tutti i partecipanti verr\u00e0 rilasciato un Attestato di Partecipazione<br \/>\nSEGRETERIA SCIENTIFICA<br \/>\nDott. Moreno Marazzi, Psicologo Centro FARE<br \/>\nSEGRETERIA ORGANIZZATIVA<br \/>\nCentro FARE<br \/>\nCentro Specialistico per la Dislessia, le Difficolt\u00e0 di Apprendimento e di Linguaggio.<br \/>\nAccreditato Regione Umbria SSN DD 8826 \u2013 21 nov 2013 Aut. San n. 5725<br \/>\nLargo M. D\u2019 Azeglio, 12 &#8211; 06121 \u2013 Perugia Tel.\/Fax 075 44317<br \/>\nP.IVA 03016140547 www.centrofare.it \u2013 formazione@centrofare.it<\/p>\n","protected":false},"excerpt":{"rendered":"<p>TECNOLOGIE DIGITALI e Bisogni Educativi Speciali: Non solo strumenti compensativi. SEDE CONVEGNO: Sala Convegno Ex Asilo Reattelli &#8211; Castiglione del Lago &#8211; centro storico Il Convegno \u00e8 rivolto a Insegnanti, Clinici, Genitori, Dislessici Adulti e coloro che sono interessati al tema. PROGRAMMA completo di incontri in PLENARIA E WORKSHOP Link per accedere al modulo di [&hellip;]<\/p>\n","protected":false},"author":1,"featured_media":4983,"comment_status":"open","ping_status":"open","sticky":false,"template":"","format":"standard","meta":{"_et_pb_use_builder":"","_et_pb_old_content":"","_et_gb_content_width":"","_joinchat":[],"footnotes":""},"categories":[3],"tags":[581,305,162,583,83,582],"class_list":["post-4949","post","type-post","status-publish","format-standard","has-post-thumbnail","hentry","category-eventi","tag-bes","tag-centro-fare","tag-dislessia","tag-disturbi-apprendimento","tag-libri-parlanti","tag-nuove-tecnologie"],"yoast_head":"<!-- This site is optimized with the Yoast SEO plugin v27.5 - https:\/\/yoast.com\/product\/yoast-seo-wordpress\/ -->\n<title>Convegno: BES e nuove tecnologie \/ sab 21 ore 9.00 - Libreria Libri parlanti<\/title>\n<meta name=\"robots\" content=\"index, follow, max-snippet:-1, max-image-preview:large, max-video-preview:-1\" \/>\n<link rel=\"canonical\" href=\"https:\/\/www.libriparlanti.org\/index.php\/2016\/05\/convegno-bes-e-nuove-tecnologie-sab-21\/\" \/>\n<meta property=\"og:locale\" content=\"it_IT\" \/>\n<meta property=\"og:type\" content=\"article\" \/>\n<meta property=\"og:title\" content=\"Convegno: BES e nuove tecnologie \/ sab 21 ore 9.00 - Libreria Libri parlanti\" \/>\n<meta property=\"og:description\" content=\"TECNOLOGIE DIGITALI e Bisogni Educativi Speciali: Non solo strumenti compensativi. SEDE CONVEGNO: Sala Convegno Ex Asilo Reattelli &#8211; Castiglione del Lago &#8211; centro storico Il Convegno \u00e8 rivolto a Insegnanti, Clinici, Genitori, Dislessici Adulti e coloro che sono interessati al tema. PROGRAMMA completo di incontri in PLENARIA E WORKSHOP Link per accedere al modulo di [&hellip;]\" \/>\n<meta property=\"og:url\" content=\"https:\/\/www.libriparlanti.org\/index.php\/2016\/05\/convegno-bes-e-nuove-tecnologie-sab-21\/\" \/>\n<meta property=\"og:site_name\" content=\"Libreria Libri parlanti\" \/>\n<meta property=\"article:publisher\" content=\"https:\/\/www.facebook.com\/LibriParlanti\" \/>\n<meta property=\"article:published_time\" content=\"2016-05-21T10:00:24+00:00\" \/>\n<meta property=\"og:image\" content=\"https:\/\/www.libriparlanti.org\/wp-content\/uploads\/2016\/05\/BES.jpg\" \/>\n\t<meta property=\"og:image:width\" content=\"2461\" \/>\n\t<meta property=\"og:image:height\" content=\"2423\" \/>\n\t<meta property=\"og:image:type\" content=\"image\/jpeg\" \/>\n<meta name=\"author\" content=\"admin\" \/>\n<meta name=\"twitter:card\" content=\"summary_large_image\" \/>\n<meta name=\"twitter:label1\" content=\"Scritto da\" \/>\n\t<meta name=\"twitter:data1\" content=\"admin\" \/>\n\t<meta name=\"twitter:label2\" content=\"Tempo di lettura stimato\" \/>\n\t<meta name=\"twitter:data2\" content=\"5 minuti\" \/>\n<script type=\"application\/ld+json\" class=\"yoast-schema-graph\">{\"@context\":\"https:\\\/\\\/schema.org\",\"@graph\":[{\"@type\":\"Article\",\"@id\":\"https:\\\/\\\/www.libriparlanti.org\\\/index.php\\\/2016\\\/05\\\/convegno-bes-e-nuove-tecnologie-sab-21\\\/#article\",\"isPartOf\":{\"@id\":\"https:\\\/\\\/www.libriparlanti.org\\\/index.php\\\/2016\\\/05\\\/convegno-bes-e-nuove-tecnologie-sab-21\\\/\"},\"author\":{\"name\":\"admin\",\"@id\":\"https:\\\/\\\/www.libriparlanti.org\\\/#\\\/schema\\\/person\\\/a2101732f0cc0144f0a4d0ecc313655a\"},\"headline\":\"Convegno: BES e nuove tecnologie \\\/ sab 21 ore 9.00\",\"datePublished\":\"2016-05-21T10:00:24+00:00\",\"mainEntityOfPage\":{\"@id\":\"https:\\\/\\\/www.libriparlanti.org\\\/index.php\\\/2016\\\/05\\\/convegno-bes-e-nuove-tecnologie-sab-21\\\/\"},\"wordCount\":1076,\"commentCount\":0,\"image\":{\"@id\":\"https:\\\/\\\/www.libriparlanti.org\\\/index.php\\\/2016\\\/05\\\/convegno-bes-e-nuove-tecnologie-sab-21\\\/#primaryimage\"},\"thumbnailUrl\":\"https:\\\/\\\/www.libriparlanti.org\\\/wp-content\\\/uploads\\\/2016\\\/05\\\/BES.jpg\",\"keywords\":[\"BES\",\"centro fare\",\"dislessia\",\"disturbi apprendimento\",\"libri parlanti\",\"Nuove Tecnologie\"],\"articleSection\":[\"eventi\"],\"inLanguage\":\"it-IT\",\"potentialAction\":[{\"@type\":\"CommentAction\",\"name\":\"Comment\",\"target\":[\"https:\\\/\\\/www.libriparlanti.org\\\/index.php\\\/2016\\\/05\\\/convegno-bes-e-nuove-tecnologie-sab-21\\\/#respond\"]}]},{\"@type\":\"WebPage\",\"@id\":\"https:\\\/\\\/www.libriparlanti.org\\\/index.php\\\/2016\\\/05\\\/convegno-bes-e-nuove-tecnologie-sab-21\\\/\",\"url\":\"https:\\\/\\\/www.libriparlanti.org\\\/index.php\\\/2016\\\/05\\\/convegno-bes-e-nuove-tecnologie-sab-21\\\/\",\"name\":\"Convegno: BES e nuove tecnologie \\\/ sab 21 ore 9.00 - Libreria Libri parlanti\",\"isPartOf\":{\"@id\":\"https:\\\/\\\/www.libriparlanti.org\\\/#website\"},\"primaryImageOfPage\":{\"@id\":\"https:\\\/\\\/www.libriparlanti.org\\\/index.php\\\/2016\\\/05\\\/convegno-bes-e-nuove-tecnologie-sab-21\\\/#primaryimage\"},\"image\":{\"@id\":\"https:\\\/\\\/www.libriparlanti.org\\\/index.php\\\/2016\\\/05\\\/convegno-bes-e-nuove-tecnologie-sab-21\\\/#primaryimage\"},\"thumbnailUrl\":\"https:\\\/\\\/www.libriparlanti.org\\\/wp-content\\\/uploads\\\/2016\\\/05\\\/BES.jpg\",\"datePublished\":\"2016-05-21T10:00:24+00:00\",\"author\":{\"@id\":\"https:\\\/\\\/www.libriparlanti.org\\\/#\\\/schema\\\/person\\\/a2101732f0cc0144f0a4d0ecc313655a\"},\"breadcrumb\":{\"@id\":\"https:\\\/\\\/www.libriparlanti.org\\\/index.php\\\/2016\\\/05\\\/convegno-bes-e-nuove-tecnologie-sab-21\\\/#breadcrumb\"},\"inLanguage\":\"it-IT\",\"potentialAction\":[{\"@type\":\"ReadAction\",\"target\":[\"https:\\\/\\\/www.libriparlanti.org\\\/index.php\\\/2016\\\/05\\\/convegno-bes-e-nuove-tecnologie-sab-21\\\/\"]}]},{\"@type\":\"ImageObject\",\"inLanguage\":\"it-IT\",\"@id\":\"https:\\\/\\\/www.libriparlanti.org\\\/index.php\\\/2016\\\/05\\\/convegno-bes-e-nuove-tecnologie-sab-21\\\/#primaryimage\",\"url\":\"https:\\\/\\\/www.libriparlanti.org\\\/wp-content\\\/uploads\\\/2016\\\/05\\\/BES.jpg\",\"contentUrl\":\"https:\\\/\\\/www.libriparlanti.org\\\/wp-content\\\/uploads\\\/2016\\\/05\\\/BES.jpg\",\"width\":2461,\"height\":2423},{\"@type\":\"BreadcrumbList\",\"@id\":\"https:\\\/\\\/www.libriparlanti.org\\\/index.php\\\/2016\\\/05\\\/convegno-bes-e-nuove-tecnologie-sab-21\\\/#breadcrumb\",\"itemListElement\":[{\"@type\":\"ListItem\",\"position\":1,\"name\":\"Home\",\"item\":\"https:\\\/\\\/www.libriparlanti.org\\\/\"},{\"@type\":\"ListItem\",\"position\":2,\"name\":\"Convegno: BES e nuove tecnologie \\\/ sab 21 ore 9.00\"}]},{\"@type\":\"WebSite\",\"@id\":\"https:\\\/\\\/www.libriparlanti.org\\\/#website\",\"url\":\"https:\\\/\\\/www.libriparlanti.org\\\/\",\"name\":\"Libreria Libri parlanti\",\"description\":\"Libreria in Castiglione del Lago (Pg)\",\"potentialAction\":[{\"@type\":\"SearchAction\",\"target\":{\"@type\":\"EntryPoint\",\"urlTemplate\":\"https:\\\/\\\/www.libriparlanti.org\\\/?s={search_term_string}\"},\"query-input\":{\"@type\":\"PropertyValueSpecification\",\"valueRequired\":true,\"valueName\":\"search_term_string\"}}],\"inLanguage\":\"it-IT\"},{\"@type\":\"Person\",\"@id\":\"https:\\\/\\\/www.libriparlanti.org\\\/#\\\/schema\\\/person\\\/a2101732f0cc0144f0a4d0ecc313655a\",\"name\":\"admin\",\"image\":{\"@type\":\"ImageObject\",\"inLanguage\":\"it-IT\",\"@id\":\"https:\\\/\\\/secure.gravatar.com\\\/avatar\\\/f06887496a5753f3caca573646570e603d16e07cbd1553492c2c65009e6014ca?s=96&d=mm&r=g\",\"url\":\"https:\\\/\\\/secure.gravatar.com\\\/avatar\\\/f06887496a5753f3caca573646570e603d16e07cbd1553492c2c65009e6014ca?s=96&d=mm&r=g\",\"contentUrl\":\"https:\\\/\\\/secure.gravatar.com\\\/avatar\\\/f06887496a5753f3caca573646570e603d16e07cbd1553492c2c65009e6014ca?s=96&d=mm&r=g\",\"caption\":\"admin\"},\"sameAs\":[\"http:\\\/\\\/www.libriparlanti.org\"],\"url\":\"https:\\\/\\\/www.libriparlanti.org\\\/index.php\\\/author\\\/admin\\\/\"}]}<\/script>\n<!-- \/ Yoast SEO plugin. -->","yoast_head_json":{"title":"Convegno: BES e nuove tecnologie \/ sab 21 ore 9.00 - Libreria Libri parlanti","robots":{"index":"index","follow":"follow","max-snippet":"max-snippet:-1","max-image-preview":"max-image-preview:large","max-video-preview":"max-video-preview:-1"},"canonical":"https:\/\/www.libriparlanti.org\/index.php\/2016\/05\/convegno-bes-e-nuove-tecnologie-sab-21\/","og_locale":"it_IT","og_type":"article","og_title":"Convegno: BES e nuove tecnologie \/ sab 21 ore 9.00 - Libreria Libri parlanti","og_description":"TECNOLOGIE DIGITALI e Bisogni Educativi Speciali: Non solo strumenti compensativi. SEDE CONVEGNO: Sala Convegno Ex Asilo Reattelli &#8211; Castiglione del Lago &#8211; centro storico Il Convegno \u00e8 rivolto a Insegnanti, Clinici, Genitori, Dislessici Adulti e coloro che sono interessati al tema. PROGRAMMA completo di incontri in PLENARIA E WORKSHOP Link per accedere al modulo di [&hellip;]","og_url":"https:\/\/www.libriparlanti.org\/index.php\/2016\/05\/convegno-bes-e-nuove-tecnologie-sab-21\/","og_site_name":"Libreria Libri parlanti","article_publisher":"https:\/\/www.facebook.com\/LibriParlanti","article_published_time":"2016-05-21T10:00:24+00:00","og_image":[{"width":2461,"height":2423,"url":"https:\/\/www.libriparlanti.org\/wp-content\/uploads\/2016\/05\/BES.jpg","type":"image\/jpeg"}],"author":"admin","twitter_card":"summary_large_image","twitter_misc":{"Scritto da":"admin","Tempo di lettura stimato":"5 minuti"},"schema":{"@context":"https:\/\/schema.org","@graph":[{"@type":"Article","@id":"https:\/\/www.libriparlanti.org\/index.php\/2016\/05\/convegno-bes-e-nuove-tecnologie-sab-21\/#article","isPartOf":{"@id":"https:\/\/www.libriparlanti.org\/index.php\/2016\/05\/convegno-bes-e-nuove-tecnologie-sab-21\/"},"author":{"name":"admin","@id":"https:\/\/www.libriparlanti.org\/#\/schema\/person\/a2101732f0cc0144f0a4d0ecc313655a"},"headline":"Convegno: BES e nuove tecnologie \/ sab 21 ore 9.00","datePublished":"2016-05-21T10:00:24+00:00","mainEntityOfPage":{"@id":"https:\/\/www.libriparlanti.org\/index.php\/2016\/05\/convegno-bes-e-nuove-tecnologie-sab-21\/"},"wordCount":1076,"commentCount":0,"image":{"@id":"https:\/\/www.libriparlanti.org\/index.php\/2016\/05\/convegno-bes-e-nuove-tecnologie-sab-21\/#primaryimage"},"thumbnailUrl":"https:\/\/www.libriparlanti.org\/wp-content\/uploads\/2016\/05\/BES.jpg","keywords":["BES","centro fare","dislessia","disturbi apprendimento","libri parlanti","Nuove Tecnologie"],"articleSection":["eventi"],"inLanguage":"it-IT","potentialAction":[{"@type":"CommentAction","name":"Comment","target":["https:\/\/www.libriparlanti.org\/index.php\/2016\/05\/convegno-bes-e-nuove-tecnologie-sab-21\/#respond"]}]},{"@type":"WebPage","@id":"https:\/\/www.libriparlanti.org\/index.php\/2016\/05\/convegno-bes-e-nuove-tecnologie-sab-21\/","url":"https:\/\/www.libriparlanti.org\/index.php\/2016\/05\/convegno-bes-e-nuove-tecnologie-sab-21\/","name":"Convegno: BES e nuove tecnologie \/ sab 21 ore 9.00 - Libreria Libri parlanti","isPartOf":{"@id":"https:\/\/www.libriparlanti.org\/#website"},"primaryImageOfPage":{"@id":"https:\/\/www.libriparlanti.org\/index.php\/2016\/05\/convegno-bes-e-nuove-tecnologie-sab-21\/#primaryimage"},"image":{"@id":"https:\/\/www.libriparlanti.org\/index.php\/2016\/05\/convegno-bes-e-nuove-tecnologie-sab-21\/#primaryimage"},"thumbnailUrl":"https:\/\/www.libriparlanti.org\/wp-content\/uploads\/2016\/05\/BES.jpg","datePublished":"2016-05-21T10:00:24+00:00","author":{"@id":"https:\/\/www.libriparlanti.org\/#\/schema\/person\/a2101732f0cc0144f0a4d0ecc313655a"},"breadcrumb":{"@id":"https:\/\/www.libriparlanti.org\/index.php\/2016\/05\/convegno-bes-e-nuove-tecnologie-sab-21\/#breadcrumb"},"inLanguage":"it-IT","potentialAction":[{"@type":"ReadAction","target":["https:\/\/www.libriparlanti.org\/index.php\/2016\/05\/convegno-bes-e-nuove-tecnologie-sab-21\/"]}]},{"@type":"ImageObject","inLanguage":"it-IT","@id":"https:\/\/www.libriparlanti.org\/index.php\/2016\/05\/convegno-bes-e-nuove-tecnologie-sab-21\/#primaryimage","url":"https:\/\/www.libriparlanti.org\/wp-content\/uploads\/2016\/05\/BES.jpg","contentUrl":"https:\/\/www.libriparlanti.org\/wp-content\/uploads\/2016\/05\/BES.jpg","width":2461,"height":2423},{"@type":"BreadcrumbList","@id":"https:\/\/www.libriparlanti.org\/index.php\/2016\/05\/convegno-bes-e-nuove-tecnologie-sab-21\/#breadcrumb","itemListElement":[{"@type":"ListItem","position":1,"name":"Home","item":"https:\/\/www.libriparlanti.org\/"},{"@type":"ListItem","position":2,"name":"Convegno: BES e nuove tecnologie \/ sab 21 ore 9.00"}]},{"@type":"WebSite","@id":"https:\/\/www.libriparlanti.org\/#website","url":"https:\/\/www.libriparlanti.org\/","name":"Libreria Libri parlanti","description":"Libreria in Castiglione del Lago (Pg)","potentialAction":[{"@type":"SearchAction","target":{"@type":"EntryPoint","urlTemplate":"https:\/\/www.libriparlanti.org\/?s={search_term_string}"},"query-input":{"@type":"PropertyValueSpecification","valueRequired":true,"valueName":"search_term_string"}}],"inLanguage":"it-IT"},{"@type":"Person","@id":"https:\/\/www.libriparlanti.org\/#\/schema\/person\/a2101732f0cc0144f0a4d0ecc313655a","name":"admin","image":{"@type":"ImageObject","inLanguage":"it-IT","@id":"https:\/\/secure.gravatar.com\/avatar\/f06887496a5753f3caca573646570e603d16e07cbd1553492c2c65009e6014ca?s=96&d=mm&r=g","url":"https:\/\/secure.gravatar.com\/avatar\/f06887496a5753f3caca573646570e603d16e07cbd1553492c2c65009e6014ca?s=96&d=mm&r=g","contentUrl":"https:\/\/secure.gravatar.com\/avatar\/f06887496a5753f3caca573646570e603d16e07cbd1553492c2c65009e6014ca?s=96&d=mm&r=g","caption":"admin"},"sameAs":["http:\/\/www.libriparlanti.org"],"url":"https:\/\/www.libriparlanti.org\/index.php\/author\/admin\/"}]}},"_links":{"self":[{"href":"https:\/\/www.libriparlanti.org\/index.php\/wp-json\/wp\/v2\/posts\/4949","targetHints":{"allow":["GET"]}}],"collection":[{"href":"https:\/\/www.libriparlanti.org\/index.php\/wp-json\/wp\/v2\/posts"}],"about":[{"href":"https:\/\/www.libriparlanti.org\/index.php\/wp-json\/wp\/v2\/types\/post"}],"author":[{"embeddable":true,"href":"https:\/\/www.libriparlanti.org\/index.php\/wp-json\/wp\/v2\/users\/1"}],"replies":[{"embeddable":true,"href":"https:\/\/www.libriparlanti.org\/index.php\/wp-json\/wp\/v2\/comments?post=4949"}],"version-history":[{"count":10,"href":"https:\/\/www.libriparlanti.org\/index.php\/wp-json\/wp\/v2\/posts\/4949\/revisions"}],"predecessor-version":[{"id":5001,"href":"https:\/\/www.libriparlanti.org\/index.php\/wp-json\/wp\/v2\/posts\/4949\/revisions\/5001"}],"wp:featuredmedia":[{"embeddable":true,"href":"https:\/\/www.libriparlanti.org\/index.php\/wp-json\/wp\/v2\/media\/4983"}],"wp:attachment":[{"href":"https:\/\/www.libriparlanti.org\/index.php\/wp-json\/wp\/v2\/media?parent=4949"}],"wp:term":[{"taxonomy":"category","embeddable":true,"href":"https:\/\/www.libriparlanti.org\/index.php\/wp-json\/wp\/v2\/categories?post=4949"},{"taxonomy":"post_tag","embeddable":true,"href":"https:\/\/www.libriparlanti.org\/index.php\/wp-json\/wp\/v2\/tags?post=4949"}],"curies":[{"name":"wp","href":"https:\/\/api.w.org\/{rel}","templated":true}]}}