{"id":4211,"date":"2015-09-05T18:00:12","date_gmt":"2015-09-05T18:00:12","guid":{"rendered":"http:\/\/www.libriparlanti.org\/?p=4211"},"modified":"2015-09-16T09:10:10","modified_gmt":"2015-09-16T09:10:10","slug":"aperitivo-con-gianni-agostinelli-sab-5-ore-18-00","status":"publish","type":"post","link":"https:\/\/www.libriparlanti.org\/index.php\/2015\/09\/aperitivo-con-gianni-agostinelli-sab-5-ore-18-00\/","title":{"rendered":"Aperitivo con Gianni Agostinelli \/ Sab 5 &#8211; ore 18.00"},"content":{"rendered":"<p><strong><a href=\"http:\/\/www.libriparlanti.org\/wp-content\/uploads\/2015\/09\/perch\u00e8-non-sono-un-sasso-copertina.jpg\"><img loading=\"lazy\" decoding=\"async\" class=\"alignleft size-full wp-image-4217\" title=\"perch\u00e8-non-sono-un-sasso-copertina\" src=\"http:\/\/www.libriparlanti.org\/wp-content\/uploads\/2015\/09\/perch\u00e8-non-sono-un-sasso-copertina.jpg\" alt=\"\" width=\"400\" height=\"400\" srcset=\"https:\/\/www.libriparlanti.org\/wp-content\/uploads\/2015\/09\/perch\u00e8-non-sono-un-sasso-copertina.jpg 400w, https:\/\/www.libriparlanti.org\/wp-content\/uploads\/2015\/09\/perch\u00e8-non-sono-un-sasso-copertina-300x300.jpg 300w, https:\/\/www.libriparlanti.org\/wp-content\/uploads\/2015\/09\/perch\u00e8-non-sono-un-sasso-copertina-100x100.jpg 100w, https:\/\/www.libriparlanti.org\/wp-content\/uploads\/2015\/09\/perch\u00e8-non-sono-un-sasso-copertina-150x150.jpg 150w\" sizes=\"(max-width: 400px) 100vw, 400px\" \/><\/a>Gianni Agostinelli<\/strong>, giornalista, \u00e8 nato nel 1978 a Panicale. Ha lavorato come libraio per diversi anni. Ha scritto racconti per alcune riviste che sono diventati un ebook per \u00abZibaldoni e altre meraviglie\u00bb. Nel 2014 pubblica <em><strong>Perch\u00e9 non sono un sasso<\/strong> Ed. Del Vecchio <\/em>ed \u00e8 il suo primo romanzo. \u201cPerch\u00e9 non sono un sasso\u201d \u00a0\u00e8 passato attraverso la finale della XXVII edizione del premio Calvino, e questo \u00e8 garanzia di originait\u00e0 e di qualit\u00e0. Gianni Agostinelli ha confezionato un libro assolutamente non banale in cui il lettore si trova costretto ad entrare ed uscire dal flusso di pensieri del protagonista per dare un senso alla propria esperienza di vita. Incontro condotto dal dottor Mario Cirulli.<\/p>\n","protected":false},"excerpt":{"rendered":"<p>Gianni Agostinelli, giornalista, \u00e8 nato nel 1978 a Panicale. Ha lavorato come libraio per diversi anni. Ha scritto racconti per alcune riviste che sono diventati un ebook per \u00abZibaldoni e altre meraviglie\u00bb. Nel 2014 pubblica Perch\u00e9 non sono un sasso Ed. Del Vecchio ed \u00e8 il suo primo romanzo. \u201cPerch\u00e9 non sono un sasso\u201d \u00a0\u00e8 [&hellip;]<\/p>\n","protected":false},"author":1,"featured_media":4217,"comment_status":"open","ping_status":"open","sticky":false,"template":"","format":"standard","meta":{"_et_pb_use_builder":"","_et_pb_old_content":"","_et_gb_content_width":"","_joinchat":[],"footnotes":""},"categories":[3],"tags":[488],"class_list":["post-4211","post","type-post","status-publish","format-standard","has-post-thumbnail","hentry","category-eventi","tag-gianni-agostinelli"],"yoast_head":"<!-- This site is optimized with the Yoast SEO plugin v27.5 - https:\/\/yoast.com\/product\/yoast-seo-wordpress\/ -->\n<title>Aperitivo con Gianni Agostinelli \/ Sab 5 - ore 18.00 - Libreria Libri parlanti<\/title>\n<meta name=\"robots\" content=\"index, follow, max-snippet:-1, max-image-preview:large, max-video-preview:-1\" \/>\n<link rel=\"canonical\" href=\"https:\/\/www.libriparlanti.org\/index.php\/2015\/09\/aperitivo-con-gianni-agostinelli-sab-5-ore-18-00\/\" \/>\n<meta property=\"og:locale\" content=\"it_IT\" \/>\n<meta property=\"og:type\" content=\"article\" \/>\n<meta property=\"og:title\" content=\"Aperitivo con Gianni Agostinelli \/ Sab 5 - ore 18.00 - Libreria Libri parlanti\" \/>\n<meta property=\"og:description\" content=\"Gianni Agostinelli, giornalista, \u00e8 nato nel 1978 a Panicale. Ha lavorato come libraio per diversi anni. Ha scritto racconti per alcune riviste che sono diventati un ebook per \u00abZibaldoni e altre meraviglie\u00bb. Nel 2014 pubblica Perch\u00e9 non sono un sasso Ed. Del Vecchio ed \u00e8 il suo primo romanzo. \u201cPerch\u00e9 non sono un sasso\u201d \u00a0\u00e8 [&hellip;]\" \/>\n<meta property=\"og:url\" content=\"https:\/\/www.libriparlanti.org\/index.php\/2015\/09\/aperitivo-con-gianni-agostinelli-sab-5-ore-18-00\/\" \/>\n<meta property=\"og:site_name\" content=\"Libreria Libri parlanti\" \/>\n<meta property=\"article:publisher\" content=\"https:\/\/www.facebook.com\/LibriParlanti\" \/>\n<meta property=\"article:published_time\" content=\"2015-09-05T18:00:12+00:00\" \/>\n<meta property=\"article:modified_time\" content=\"2015-09-16T09:10:10+00:00\" \/>\n<meta property=\"og:image\" content=\"https:\/\/www.libriparlanti.org\/wp-content\/uploads\/2015\/09\/perch\u00e8-non-sono-un-sasso-copertina.jpg\" \/>\n\t<meta property=\"og:image:width\" content=\"400\" \/>\n\t<meta property=\"og:image:height\" content=\"400\" \/>\n\t<meta property=\"og:image:type\" content=\"image\/jpeg\" \/>\n<meta name=\"author\" content=\"admin\" \/>\n<meta name=\"twitter:card\" content=\"summary_large_image\" \/>\n<meta name=\"twitter:label1\" content=\"Scritto da\" \/>\n\t<meta name=\"twitter:data1\" content=\"admin\" \/>\n\t<meta name=\"twitter:label2\" content=\"Tempo di lettura stimato\" \/>\n\t<meta name=\"twitter:data2\" content=\"1 minuto\" \/>\n<script type=\"application\/ld+json\" class=\"yoast-schema-graph\">{\"@context\":\"https:\\\/\\\/schema.org\",\"@graph\":[{\"@type\":\"Article\",\"@id\":\"https:\\\/\\\/www.libriparlanti.org\\\/index.php\\\/2015\\\/09\\\/aperitivo-con-gianni-agostinelli-sab-5-ore-18-00\\\/#article\",\"isPartOf\":{\"@id\":\"https:\\\/\\\/www.libriparlanti.org\\\/index.php\\\/2015\\\/09\\\/aperitivo-con-gianni-agostinelli-sab-5-ore-18-00\\\/\"},\"author\":{\"name\":\"admin\",\"@id\":\"https:\\\/\\\/www.libriparlanti.org\\\/#\\\/schema\\\/person\\\/a2101732f0cc0144f0a4d0ecc313655a\"},\"headline\":\"Aperitivo con Gianni Agostinelli \\\/ Sab 5 &#8211; ore 18.00\",\"datePublished\":\"2015-09-05T18:00:12+00:00\",\"dateModified\":\"2015-09-16T09:10:10+00:00\",\"mainEntityOfPage\":{\"@id\":\"https:\\\/\\\/www.libriparlanti.org\\\/index.php\\\/2015\\\/09\\\/aperitivo-con-gianni-agostinelli-sab-5-ore-18-00\\\/\"},\"wordCount\":116,\"commentCount\":0,\"image\":{\"@id\":\"https:\\\/\\\/www.libriparlanti.org\\\/index.php\\\/2015\\\/09\\\/aperitivo-con-gianni-agostinelli-sab-5-ore-18-00\\\/#primaryimage\"},\"thumbnailUrl\":\"https:\\\/\\\/www.libriparlanti.org\\\/wp-content\\\/uploads\\\/2015\\\/09\\\/perch\u00e8-non-sono-un-sasso-copertina.jpg\",\"keywords\":[\"Gianni Agostinelli\"],\"articleSection\":[\"eventi\"],\"inLanguage\":\"it-IT\",\"potentialAction\":[{\"@type\":\"CommentAction\",\"name\":\"Comment\",\"target\":[\"https:\\\/\\\/www.libriparlanti.org\\\/index.php\\\/2015\\\/09\\\/aperitivo-con-gianni-agostinelli-sab-5-ore-18-00\\\/#respond\"]}]},{\"@type\":\"WebPage\",\"@id\":\"https:\\\/\\\/www.libriparlanti.org\\\/index.php\\\/2015\\\/09\\\/aperitivo-con-gianni-agostinelli-sab-5-ore-18-00\\\/\",\"url\":\"https:\\\/\\\/www.libriparlanti.org\\\/index.php\\\/2015\\\/09\\\/aperitivo-con-gianni-agostinelli-sab-5-ore-18-00\\\/\",\"name\":\"Aperitivo con Gianni Agostinelli \\\/ Sab 5 - ore 18.00 - Libreria Libri parlanti\",\"isPartOf\":{\"@id\":\"https:\\\/\\\/www.libriparlanti.org\\\/#website\"},\"primaryImageOfPage\":{\"@id\":\"https:\\\/\\\/www.libriparlanti.org\\\/index.php\\\/2015\\\/09\\\/aperitivo-con-gianni-agostinelli-sab-5-ore-18-00\\\/#primaryimage\"},\"image\":{\"@id\":\"https:\\\/\\\/www.libriparlanti.org\\\/index.php\\\/2015\\\/09\\\/aperitivo-con-gianni-agostinelli-sab-5-ore-18-00\\\/#primaryimage\"},\"thumbnailUrl\":\"https:\\\/\\\/www.libriparlanti.org\\\/wp-content\\\/uploads\\\/2015\\\/09\\\/perch\u00e8-non-sono-un-sasso-copertina.jpg\",\"datePublished\":\"2015-09-05T18:00:12+00:00\",\"dateModified\":\"2015-09-16T09:10:10+00:00\",\"author\":{\"@id\":\"https:\\\/\\\/www.libriparlanti.org\\\/#\\\/schema\\\/person\\\/a2101732f0cc0144f0a4d0ecc313655a\"},\"breadcrumb\":{\"@id\":\"https:\\\/\\\/www.libriparlanti.org\\\/index.php\\\/2015\\\/09\\\/aperitivo-con-gianni-agostinelli-sab-5-ore-18-00\\\/#breadcrumb\"},\"inLanguage\":\"it-IT\",\"potentialAction\":[{\"@type\":\"ReadAction\",\"target\":[\"https:\\\/\\\/www.libriparlanti.org\\\/index.php\\\/2015\\\/09\\\/aperitivo-con-gianni-agostinelli-sab-5-ore-18-00\\\/\"]}]},{\"@type\":\"ImageObject\",\"inLanguage\":\"it-IT\",\"@id\":\"https:\\\/\\\/www.libriparlanti.org\\\/index.php\\\/2015\\\/09\\\/aperitivo-con-gianni-agostinelli-sab-5-ore-18-00\\\/#primaryimage\",\"url\":\"https:\\\/\\\/www.libriparlanti.org\\\/wp-content\\\/uploads\\\/2015\\\/09\\\/perch\u00e8-non-sono-un-sasso-copertina.jpg\",\"contentUrl\":\"https:\\\/\\\/www.libriparlanti.org\\\/wp-content\\\/uploads\\\/2015\\\/09\\\/perch\u00e8-non-sono-un-sasso-copertina.jpg\",\"width\":400,\"height\":400},{\"@type\":\"BreadcrumbList\",\"@id\":\"https:\\\/\\\/www.libriparlanti.org\\\/index.php\\\/2015\\\/09\\\/aperitivo-con-gianni-agostinelli-sab-5-ore-18-00\\\/#breadcrumb\",\"itemListElement\":[{\"@type\":\"ListItem\",\"position\":1,\"name\":\"Home\",\"item\":\"https:\\\/\\\/www.libriparlanti.org\\\/\"},{\"@type\":\"ListItem\",\"position\":2,\"name\":\"Aperitivo con Gianni Agostinelli \\\/ Sab 5 &#8211; ore 18.00\"}]},{\"@type\":\"WebSite\",\"@id\":\"https:\\\/\\\/www.libriparlanti.org\\\/#website\",\"url\":\"https:\\\/\\\/www.libriparlanti.org\\\/\",\"name\":\"Libreria Libri parlanti\",\"description\":\"Libreria in Castiglione del Lago (Pg)\",\"potentialAction\":[{\"@type\":\"SearchAction\",\"target\":{\"@type\":\"EntryPoint\",\"urlTemplate\":\"https:\\\/\\\/www.libriparlanti.org\\\/?s={search_term_string}\"},\"query-input\":{\"@type\":\"PropertyValueSpecification\",\"valueRequired\":true,\"valueName\":\"search_term_string\"}}],\"inLanguage\":\"it-IT\"},{\"@type\":\"Person\",\"@id\":\"https:\\\/\\\/www.libriparlanti.org\\\/#\\\/schema\\\/person\\\/a2101732f0cc0144f0a4d0ecc313655a\",\"name\":\"admin\",\"image\":{\"@type\":\"ImageObject\",\"inLanguage\":\"it-IT\",\"@id\":\"https:\\\/\\\/secure.gravatar.com\\\/avatar\\\/f06887496a5753f3caca573646570e603d16e07cbd1553492c2c65009e6014ca?s=96&d=mm&r=g\",\"url\":\"https:\\\/\\\/secure.gravatar.com\\\/avatar\\\/f06887496a5753f3caca573646570e603d16e07cbd1553492c2c65009e6014ca?s=96&d=mm&r=g\",\"contentUrl\":\"https:\\\/\\\/secure.gravatar.com\\\/avatar\\\/f06887496a5753f3caca573646570e603d16e07cbd1553492c2c65009e6014ca?s=96&d=mm&r=g\",\"caption\":\"admin\"},\"sameAs\":[\"http:\\\/\\\/www.libriparlanti.org\"],\"url\":\"https:\\\/\\\/www.libriparlanti.org\\\/index.php\\\/author\\\/admin\\\/\"}]}<\/script>\n<!-- \/ Yoast SEO plugin. -->","yoast_head_json":{"title":"Aperitivo con Gianni Agostinelli \/ Sab 5 - ore 18.00 - Libreria Libri parlanti","robots":{"index":"index","follow":"follow","max-snippet":"max-snippet:-1","max-image-preview":"max-image-preview:large","max-video-preview":"max-video-preview:-1"},"canonical":"https:\/\/www.libriparlanti.org\/index.php\/2015\/09\/aperitivo-con-gianni-agostinelli-sab-5-ore-18-00\/","og_locale":"it_IT","og_type":"article","og_title":"Aperitivo con Gianni Agostinelli \/ Sab 5 - ore 18.00 - Libreria Libri parlanti","og_description":"Gianni Agostinelli, giornalista, \u00e8 nato nel 1978 a Panicale. Ha lavorato come libraio per diversi anni. Ha scritto racconti per alcune riviste che sono diventati un ebook per \u00abZibaldoni e altre meraviglie\u00bb. Nel 2014 pubblica Perch\u00e9 non sono un sasso Ed. Del Vecchio ed \u00e8 il suo primo romanzo. \u201cPerch\u00e9 non sono un sasso\u201d \u00a0\u00e8 [&hellip;]","og_url":"https:\/\/www.libriparlanti.org\/index.php\/2015\/09\/aperitivo-con-gianni-agostinelli-sab-5-ore-18-00\/","og_site_name":"Libreria Libri parlanti","article_publisher":"https:\/\/www.facebook.com\/LibriParlanti","article_published_time":"2015-09-05T18:00:12+00:00","article_modified_time":"2015-09-16T09:10:10+00:00","og_image":[{"width":400,"height":400,"url":"https:\/\/www.libriparlanti.org\/wp-content\/uploads\/2015\/09\/perch\u00e8-non-sono-un-sasso-copertina.jpg","type":"image\/jpeg"}],"author":"admin","twitter_card":"summary_large_image","twitter_misc":{"Scritto da":"admin","Tempo di lettura stimato":"1 minuto"},"schema":{"@context":"https:\/\/schema.org","@graph":[{"@type":"Article","@id":"https:\/\/www.libriparlanti.org\/index.php\/2015\/09\/aperitivo-con-gianni-agostinelli-sab-5-ore-18-00\/#article","isPartOf":{"@id":"https:\/\/www.libriparlanti.org\/index.php\/2015\/09\/aperitivo-con-gianni-agostinelli-sab-5-ore-18-00\/"},"author":{"name":"admin","@id":"https:\/\/www.libriparlanti.org\/#\/schema\/person\/a2101732f0cc0144f0a4d0ecc313655a"},"headline":"Aperitivo con Gianni Agostinelli \/ Sab 5 &#8211; ore 18.00","datePublished":"2015-09-05T18:00:12+00:00","dateModified":"2015-09-16T09:10:10+00:00","mainEntityOfPage":{"@id":"https:\/\/www.libriparlanti.org\/index.php\/2015\/09\/aperitivo-con-gianni-agostinelli-sab-5-ore-18-00\/"},"wordCount":116,"commentCount":0,"image":{"@id":"https:\/\/www.libriparlanti.org\/index.php\/2015\/09\/aperitivo-con-gianni-agostinelli-sab-5-ore-18-00\/#primaryimage"},"thumbnailUrl":"https:\/\/www.libriparlanti.org\/wp-content\/uploads\/2015\/09\/perch\u00e8-non-sono-un-sasso-copertina.jpg","keywords":["Gianni Agostinelli"],"articleSection":["eventi"],"inLanguage":"it-IT","potentialAction":[{"@type":"CommentAction","name":"Comment","target":["https:\/\/www.libriparlanti.org\/index.php\/2015\/09\/aperitivo-con-gianni-agostinelli-sab-5-ore-18-00\/#respond"]}]},{"@type":"WebPage","@id":"https:\/\/www.libriparlanti.org\/index.php\/2015\/09\/aperitivo-con-gianni-agostinelli-sab-5-ore-18-00\/","url":"https:\/\/www.libriparlanti.org\/index.php\/2015\/09\/aperitivo-con-gianni-agostinelli-sab-5-ore-18-00\/","name":"Aperitivo con Gianni Agostinelli \/ Sab 5 - ore 18.00 - Libreria Libri parlanti","isPartOf":{"@id":"https:\/\/www.libriparlanti.org\/#website"},"primaryImageOfPage":{"@id":"https:\/\/www.libriparlanti.org\/index.php\/2015\/09\/aperitivo-con-gianni-agostinelli-sab-5-ore-18-00\/#primaryimage"},"image":{"@id":"https:\/\/www.libriparlanti.org\/index.php\/2015\/09\/aperitivo-con-gianni-agostinelli-sab-5-ore-18-00\/#primaryimage"},"thumbnailUrl":"https:\/\/www.libriparlanti.org\/wp-content\/uploads\/2015\/09\/perch\u00e8-non-sono-un-sasso-copertina.jpg","datePublished":"2015-09-05T18:00:12+00:00","dateModified":"2015-09-16T09:10:10+00:00","author":{"@id":"https:\/\/www.libriparlanti.org\/#\/schema\/person\/a2101732f0cc0144f0a4d0ecc313655a"},"breadcrumb":{"@id":"https:\/\/www.libriparlanti.org\/index.php\/2015\/09\/aperitivo-con-gianni-agostinelli-sab-5-ore-18-00\/#breadcrumb"},"inLanguage":"it-IT","potentialAction":[{"@type":"ReadAction","target":["https:\/\/www.libriparlanti.org\/index.php\/2015\/09\/aperitivo-con-gianni-agostinelli-sab-5-ore-18-00\/"]}]},{"@type":"ImageObject","inLanguage":"it-IT","@id":"https:\/\/www.libriparlanti.org\/index.php\/2015\/09\/aperitivo-con-gianni-agostinelli-sab-5-ore-18-00\/#primaryimage","url":"https:\/\/www.libriparlanti.org\/wp-content\/uploads\/2015\/09\/perch\u00e8-non-sono-un-sasso-copertina.jpg","contentUrl":"https:\/\/www.libriparlanti.org\/wp-content\/uploads\/2015\/09\/perch\u00e8-non-sono-un-sasso-copertina.jpg","width":400,"height":400},{"@type":"BreadcrumbList","@id":"https:\/\/www.libriparlanti.org\/index.php\/2015\/09\/aperitivo-con-gianni-agostinelli-sab-5-ore-18-00\/#breadcrumb","itemListElement":[{"@type":"ListItem","position":1,"name":"Home","item":"https:\/\/www.libriparlanti.org\/"},{"@type":"ListItem","position":2,"name":"Aperitivo con Gianni Agostinelli \/ Sab 5 &#8211; ore 18.00"}]},{"@type":"WebSite","@id":"https:\/\/www.libriparlanti.org\/#website","url":"https:\/\/www.libriparlanti.org\/","name":"Libreria Libri parlanti","description":"Libreria in Castiglione del Lago (Pg)","potentialAction":[{"@type":"SearchAction","target":{"@type":"EntryPoint","urlTemplate":"https:\/\/www.libriparlanti.org\/?s={search_term_string}"},"query-input":{"@type":"PropertyValueSpecification","valueRequired":true,"valueName":"search_term_string"}}],"inLanguage":"it-IT"},{"@type":"Person","@id":"https:\/\/www.libriparlanti.org\/#\/schema\/person\/a2101732f0cc0144f0a4d0ecc313655a","name":"admin","image":{"@type":"ImageObject","inLanguage":"it-IT","@id":"https:\/\/secure.gravatar.com\/avatar\/f06887496a5753f3caca573646570e603d16e07cbd1553492c2c65009e6014ca?s=96&d=mm&r=g","url":"https:\/\/secure.gravatar.com\/avatar\/f06887496a5753f3caca573646570e603d16e07cbd1553492c2c65009e6014ca?s=96&d=mm&r=g","contentUrl":"https:\/\/secure.gravatar.com\/avatar\/f06887496a5753f3caca573646570e603d16e07cbd1553492c2c65009e6014ca?s=96&d=mm&r=g","caption":"admin"},"sameAs":["http:\/\/www.libriparlanti.org"],"url":"https:\/\/www.libriparlanti.org\/index.php\/author\/admin\/"}]}},"_links":{"self":[{"href":"https:\/\/www.libriparlanti.org\/index.php\/wp-json\/wp\/v2\/posts\/4211","targetHints":{"allow":["GET"]}}],"collection":[{"href":"https:\/\/www.libriparlanti.org\/index.php\/wp-json\/wp\/v2\/posts"}],"about":[{"href":"https:\/\/www.libriparlanti.org\/index.php\/wp-json\/wp\/v2\/types\/post"}],"author":[{"embeddable":true,"href":"https:\/\/www.libriparlanti.org\/index.php\/wp-json\/wp\/v2\/users\/1"}],"replies":[{"embeddable":true,"href":"https:\/\/www.libriparlanti.org\/index.php\/wp-json\/wp\/v2\/comments?post=4211"}],"version-history":[{"count":7,"href":"https:\/\/www.libriparlanti.org\/index.php\/wp-json\/wp\/v2\/posts\/4211\/revisions"}],"predecessor-version":[{"id":4240,"href":"https:\/\/www.libriparlanti.org\/index.php\/wp-json\/wp\/v2\/posts\/4211\/revisions\/4240"}],"wp:featuredmedia":[{"embeddable":true,"href":"https:\/\/www.libriparlanti.org\/index.php\/wp-json\/wp\/v2\/media\/4217"}],"wp:attachment":[{"href":"https:\/\/www.libriparlanti.org\/index.php\/wp-json\/wp\/v2\/media?parent=4211"}],"wp:term":[{"taxonomy":"category","embeddable":true,"href":"https:\/\/www.libriparlanti.org\/index.php\/wp-json\/wp\/v2\/categories?post=4211"},{"taxonomy":"post_tag","embeddable":true,"href":"https:\/\/www.libriparlanti.org\/index.php\/wp-json\/wp\/v2\/tags?post=4211"}],"curies":[{"name":"wp","href":"https:\/\/api.w.org\/{rel}","templated":true}]}}