{"id":27262,"date":"2023-05-18T18:00:00","date_gmt":"2023-05-18T16:00:00","guid":{"rendered":"https:\/\/www.libriparlanti.org\/?p=27262"},"modified":"2023-06-06T22:37:17","modified_gmt":"2023-06-06T20:37:17","slug":"giovedi-18-ore-18-00-maggio-dei-libri-silvia-vecchini-in-biblioteca","status":"publish","type":"post","link":"https:\/\/www.libriparlanti.org\/index.php\/2023\/05\/giovedi-18-ore-18-00-maggio-dei-libri-silvia-vecchini-in-biblioteca\/","title":{"rendered":"Gioved\u00ec 18 ore 18.00 Maggio dei Libri- Silvia Vecchini in Biblioteca"},"content":{"rendered":"\n<figure class=\"wp-block-image size-full\"><a href=\"https:\/\/www.libriparlanti.org\/wp-content\/uploads\/2023\/04\/maggio-del-libri2023_Vecchini.jpg\"><img loading=\"lazy\" decoding=\"async\" width=\"916\" height=\"768\" src=\"https:\/\/www.libriparlanti.org\/wp-content\/uploads\/2023\/04\/maggio-del-libri2023_Vecchini.jpg\" alt=\"\" class=\"wp-image-27263\" srcset=\"https:\/\/www.libriparlanti.org\/wp-content\/uploads\/2023\/04\/maggio-del-libri2023_Vecchini.jpg 916w, https:\/\/www.libriparlanti.org\/wp-content\/uploads\/2023\/04\/maggio-del-libri2023_Vecchini-600x503.jpg 600w, https:\/\/www.libriparlanti.org\/wp-content\/uploads\/2023\/04\/maggio-del-libri2023_Vecchini-300x252.jpg 300w, https:\/\/www.libriparlanti.org\/wp-content\/uploads\/2023\/04\/maggio-del-libri2023_Vecchini-768x644.jpg 768w\" sizes=\"(max-width: 916px) 100vw, 916px\" \/><\/a><\/figure>\n\n\n\n<p>Gioved\u00ec 18 maggio alle ore 18.00 in Biblioteca, Silvia Vecchini presenta MILLE BRICIOLE DI LUCE <a href=\"http:\/\/www.editriceilcastoro.it\">Ed. Il Castoro<\/a><\/p>\n\n\n\n<p><em>Danni non cammina ma vola, volteggia. Ha sempre una musica in testa e un passo, un salto, un giro da provare.<\/em><\/p>\n\n\n\n<p><em>Danni potrebbe sentirsi solo: sua madre non c\u2019\u00e8 pi\u00f9, e ha un padre che, per quanto lo ami, fatica a capire come stargli accanto. Ma Danni \u00e8 accompagnato da una passione fortissima, segreta: la ginnastica ritmica, uno sport che \u00e8 territorio esclusivo delle ragazze. E poi ha un cuore lieve e due grandi amici su cui contare, Ambra e Radu, che lo aiutano a coltivare il suo talento. Ma cosa pu\u00f2 pensare la gente di un ragazzo che ama volteggiare con grazia? Tutto pu\u00f2 cambiare in un attimo. E forse per Danni \u00e8 arrivato il momento di volare ancora pi\u00f9 in alto, se vuole seguire se stesso e andare oltre gli sguardi superficiali del mondo.<\/em><\/p>\n\n\n\n<p>Una storia di sport autentica ed emozionante: il Billy Elliot per le nuove generazioni!<\/p>\n\n\n\n<p>All&#8217;incontro saranno presenti le ginnaste della Asd Pegaso che si esibiranno<\/p>\n\n\n\n<p>Ingresso gratuito<\/p>\n\n\n\n<p>Evento realizzato grazie alla collaborazione tra <a href=\"http:\/\/www.bibliocastiglione.it\">Biblioteca Comunale<\/a> e<a href=\"http:\/\/www.libriparlanti.org\"> Libri Parlanti<\/a><\/p>\n","protected":false},"excerpt":{"rendered":"<p>Gioved\u00ec 18 maggio alle ore 18.00 in Biblioteca, Silvia Vecchini presenta MILLE BRICIOLE DI LUCE Ed. Il Castoro Danni non cammina ma vola, volteggia. Ha sempre una musica in testa e un passo, un salto, un giro da provare. Danni potrebbe sentirsi solo: sua madre non c\u2019\u00e8 pi\u00f9, e ha un padre che, per quanto [&hellip;]<\/p>\n","protected":false},"author":1,"featured_media":27264,"comment_status":"open","ping_status":"open","sticky":false,"template":"","format":"standard","meta":{"_et_pb_use_builder":"","_et_pb_old_content":"","_et_gb_content_width":"","_joinchat":[],"footnotes":""},"categories":[3],"tags":[2132,2130,2131,2133,113],"class_list":["post-27262","post","type-post","status-publish","format-standard","has-post-thumbnail","hentry","category-eventi","tag-ginnastica-artistica","tag-il-castoroedizioni","tag-mille-briciole-di-luce","tag-pegaso-asd","tag-silvia-vecchini"],"yoast_head":"<!-- This site is optimized with the Yoast SEO plugin v27.5 - https:\/\/yoast.com\/product\/yoast-seo-wordpress\/ -->\n<title>Silvia Vecchini presenta MILLE BRICIOLE DI LUCE<\/title>\n<meta name=\"description\" content=\"Gioved\u00ec 18 maggio alle ore 18.00 in Biblioteca, Silvia Vecchini presenta MILLE BRICIOLE DI LUCE Ed. Il Castoro Danni non cammina ma vola, volteggia. Ha sempre una musica in testa e un passo, un salto, un giro da provare. Una storia di sport autentica ed emozionante: il Billy Elliot per le nuove generazioni!\" \/>\n<meta name=\"robots\" content=\"index, follow, max-snippet:-1, max-image-preview:large, max-video-preview:-1\" \/>\n<link rel=\"canonical\" href=\"https:\/\/www.libriparlanti.org\/index.php\/2023\/05\/giovedi-18-ore-18-00-maggio-dei-libri-silvia-vecchini-in-biblioteca\/\" \/>\n<meta property=\"og:locale\" content=\"it_IT\" \/>\n<meta property=\"og:type\" content=\"article\" \/>\n<meta property=\"og:title\" content=\"Silvia Vecchini presenta MILLE BRICIOLE DI LUCE\" \/>\n<meta property=\"og:description\" content=\"Gioved\u00ec 18 maggio alle ore 18.00 in Biblioteca, Silvia Vecchini presenta MILLE BRICIOLE DI LUCE Ed. Il Castoro Danni non cammina ma vola, volteggia. Ha sempre una musica in testa e un passo, un salto, un giro da provare. Una storia di sport autentica ed emozionante: il Billy Elliot per le nuove generazioni!\" \/>\n<meta property=\"og:url\" content=\"https:\/\/www.libriparlanti.org\/index.php\/2023\/05\/giovedi-18-ore-18-00-maggio-dei-libri-silvia-vecchini-in-biblioteca\/\" \/>\n<meta property=\"og:site_name\" content=\"Libreria Libri parlanti\" \/>\n<meta property=\"article:publisher\" content=\"https:\/\/www.facebook.com\/LibriParlanti\" \/>\n<meta property=\"article:published_time\" content=\"2023-05-18T16:00:00+00:00\" \/>\n<meta property=\"article:modified_time\" content=\"2023-06-06T20:37:17+00:00\" \/>\n<meta property=\"og:image\" content=\"https:\/\/www.libriparlanti.org\/wp-content\/uploads\/2023\/04\/download-3.jpg\" \/>\n\t<meta property=\"og:image:width\" content=\"182\" \/>\n\t<meta property=\"og:image:height\" content=\"276\" \/>\n\t<meta property=\"og:image:type\" content=\"image\/jpeg\" \/>\n<meta name=\"author\" content=\"admin\" \/>\n<meta name=\"twitter:card\" content=\"summary_large_image\" \/>\n<meta name=\"twitter:label1\" content=\"Scritto da\" \/>\n\t<meta name=\"twitter:data1\" content=\"admin\" \/>\n\t<meta name=\"twitter:label2\" content=\"Tempo di lettura stimato\" \/>\n\t<meta name=\"twitter:data2\" content=\"1 minuto\" \/>\n<script type=\"application\/ld+json\" class=\"yoast-schema-graph\">{\"@context\":\"https:\\\/\\\/schema.org\",\"@graph\":[{\"@type\":\"Article\",\"@id\":\"https:\\\/\\\/www.libriparlanti.org\\\/index.php\\\/2023\\\/05\\\/giovedi-18-ore-18-00-maggio-dei-libri-silvia-vecchini-in-biblioteca\\\/#article\",\"isPartOf\":{\"@id\":\"https:\\\/\\\/www.libriparlanti.org\\\/index.php\\\/2023\\\/05\\\/giovedi-18-ore-18-00-maggio-dei-libri-silvia-vecchini-in-biblioteca\\\/\"},\"author\":{\"name\":\"admin\",\"@id\":\"https:\\\/\\\/www.libriparlanti.org\\\/#\\\/schema\\\/person\\\/a2101732f0cc0144f0a4d0ecc313655a\"},\"headline\":\"Gioved\u00ec 18 ore 18.00 Maggio dei Libri- Silvia Vecchini in Biblioteca\",\"datePublished\":\"2023-05-18T16:00:00+00:00\",\"dateModified\":\"2023-06-06T20:37:17+00:00\",\"mainEntityOfPage\":{\"@id\":\"https:\\\/\\\/www.libriparlanti.org\\\/index.php\\\/2023\\\/05\\\/giovedi-18-ore-18-00-maggio-dei-libri-silvia-vecchini-in-biblioteca\\\/\"},\"wordCount\":196,\"commentCount\":0,\"image\":{\"@id\":\"https:\\\/\\\/www.libriparlanti.org\\\/index.php\\\/2023\\\/05\\\/giovedi-18-ore-18-00-maggio-dei-libri-silvia-vecchini-in-biblioteca\\\/#primaryimage\"},\"thumbnailUrl\":\"https:\\\/\\\/www.libriparlanti.org\\\/wp-content\\\/uploads\\\/2023\\\/04\\\/download-3.jpg\",\"keywords\":[\"ginnastica artistica\",\"il castoroedizioni\",\"mille briciole di luce\",\"pegaso asd\",\"SILVIA VECCHINI\"],\"articleSection\":[\"eventi\"],\"inLanguage\":\"it-IT\",\"potentialAction\":[{\"@type\":\"CommentAction\",\"name\":\"Comment\",\"target\":[\"https:\\\/\\\/www.libriparlanti.org\\\/index.php\\\/2023\\\/05\\\/giovedi-18-ore-18-00-maggio-dei-libri-silvia-vecchini-in-biblioteca\\\/#respond\"]}]},{\"@type\":\"WebPage\",\"@id\":\"https:\\\/\\\/www.libriparlanti.org\\\/index.php\\\/2023\\\/05\\\/giovedi-18-ore-18-00-maggio-dei-libri-silvia-vecchini-in-biblioteca\\\/\",\"url\":\"https:\\\/\\\/www.libriparlanti.org\\\/index.php\\\/2023\\\/05\\\/giovedi-18-ore-18-00-maggio-dei-libri-silvia-vecchini-in-biblioteca\\\/\",\"name\":\"Silvia Vecchini presenta MILLE BRICIOLE DI LUCE\",\"isPartOf\":{\"@id\":\"https:\\\/\\\/www.libriparlanti.org\\\/#website\"},\"primaryImageOfPage\":{\"@id\":\"https:\\\/\\\/www.libriparlanti.org\\\/index.php\\\/2023\\\/05\\\/giovedi-18-ore-18-00-maggio-dei-libri-silvia-vecchini-in-biblioteca\\\/#primaryimage\"},\"image\":{\"@id\":\"https:\\\/\\\/www.libriparlanti.org\\\/index.php\\\/2023\\\/05\\\/giovedi-18-ore-18-00-maggio-dei-libri-silvia-vecchini-in-biblioteca\\\/#primaryimage\"},\"thumbnailUrl\":\"https:\\\/\\\/www.libriparlanti.org\\\/wp-content\\\/uploads\\\/2023\\\/04\\\/download-3.jpg\",\"datePublished\":\"2023-05-18T16:00:00+00:00\",\"dateModified\":\"2023-06-06T20:37:17+00:00\",\"author\":{\"@id\":\"https:\\\/\\\/www.libriparlanti.org\\\/#\\\/schema\\\/person\\\/a2101732f0cc0144f0a4d0ecc313655a\"},\"description\":\"Gioved\u00ec 18 maggio alle ore 18.00 in Biblioteca, Silvia Vecchini presenta MILLE BRICIOLE DI LUCE Ed. Il Castoro Danni non cammina ma vola, volteggia. Ha sempre una musica in testa e un passo, un salto, un giro da provare. Una storia di sport autentica ed emozionante: il Billy Elliot per le nuove generazioni!\",\"breadcrumb\":{\"@id\":\"https:\\\/\\\/www.libriparlanti.org\\\/index.php\\\/2023\\\/05\\\/giovedi-18-ore-18-00-maggio-dei-libri-silvia-vecchini-in-biblioteca\\\/#breadcrumb\"},\"inLanguage\":\"it-IT\",\"potentialAction\":[{\"@type\":\"ReadAction\",\"target\":[\"https:\\\/\\\/www.libriparlanti.org\\\/index.php\\\/2023\\\/05\\\/giovedi-18-ore-18-00-maggio-dei-libri-silvia-vecchini-in-biblioteca\\\/\"]}]},{\"@type\":\"ImageObject\",\"inLanguage\":\"it-IT\",\"@id\":\"https:\\\/\\\/www.libriparlanti.org\\\/index.php\\\/2023\\\/05\\\/giovedi-18-ore-18-00-maggio-dei-libri-silvia-vecchini-in-biblioteca\\\/#primaryimage\",\"url\":\"https:\\\/\\\/www.libriparlanti.org\\\/wp-content\\\/uploads\\\/2023\\\/04\\\/download-3.jpg\",\"contentUrl\":\"https:\\\/\\\/www.libriparlanti.org\\\/wp-content\\\/uploads\\\/2023\\\/04\\\/download-3.jpg\",\"width\":182,\"height\":276},{\"@type\":\"BreadcrumbList\",\"@id\":\"https:\\\/\\\/www.libriparlanti.org\\\/index.php\\\/2023\\\/05\\\/giovedi-18-ore-18-00-maggio-dei-libri-silvia-vecchini-in-biblioteca\\\/#breadcrumb\",\"itemListElement\":[{\"@type\":\"ListItem\",\"position\":1,\"name\":\"Home\",\"item\":\"https:\\\/\\\/www.libriparlanti.org\\\/\"},{\"@type\":\"ListItem\",\"position\":2,\"name\":\"Gioved\u00ec 18 ore 18.00 Maggio dei Libri- Silvia Vecchini in Biblioteca\"}]},{\"@type\":\"WebSite\",\"@id\":\"https:\\\/\\\/www.libriparlanti.org\\\/#website\",\"url\":\"https:\\\/\\\/www.libriparlanti.org\\\/\",\"name\":\"Libreria Libri parlanti\",\"description\":\"Libreria in Castiglione del Lago (Pg)\",\"potentialAction\":[{\"@type\":\"SearchAction\",\"target\":{\"@type\":\"EntryPoint\",\"urlTemplate\":\"https:\\\/\\\/www.libriparlanti.org\\\/?s={search_term_string}\"},\"query-input\":{\"@type\":\"PropertyValueSpecification\",\"valueRequired\":true,\"valueName\":\"search_term_string\"}}],\"inLanguage\":\"it-IT\"},{\"@type\":\"Person\",\"@id\":\"https:\\\/\\\/www.libriparlanti.org\\\/#\\\/schema\\\/person\\\/a2101732f0cc0144f0a4d0ecc313655a\",\"name\":\"admin\",\"image\":{\"@type\":\"ImageObject\",\"inLanguage\":\"it-IT\",\"@id\":\"https:\\\/\\\/secure.gravatar.com\\\/avatar\\\/f06887496a5753f3caca573646570e603d16e07cbd1553492c2c65009e6014ca?s=96&d=mm&r=g\",\"url\":\"https:\\\/\\\/secure.gravatar.com\\\/avatar\\\/f06887496a5753f3caca573646570e603d16e07cbd1553492c2c65009e6014ca?s=96&d=mm&r=g\",\"contentUrl\":\"https:\\\/\\\/secure.gravatar.com\\\/avatar\\\/f06887496a5753f3caca573646570e603d16e07cbd1553492c2c65009e6014ca?s=96&d=mm&r=g\",\"caption\":\"admin\"},\"sameAs\":[\"http:\\\/\\\/www.libriparlanti.org\"],\"url\":\"https:\\\/\\\/www.libriparlanti.org\\\/index.php\\\/author\\\/admin\\\/\"}]}<\/script>\n<!-- \/ Yoast SEO plugin. -->","yoast_head_json":{"title":"Silvia Vecchini presenta MILLE BRICIOLE DI LUCE","description":"Gioved\u00ec 18 maggio alle ore 18.00 in Biblioteca, Silvia Vecchini presenta MILLE BRICIOLE DI LUCE Ed. Il Castoro Danni non cammina ma vola, volteggia. Ha sempre una musica in testa e un passo, un salto, un giro da provare. Una storia di sport autentica ed emozionante: il Billy Elliot per le nuove generazioni!","robots":{"index":"index","follow":"follow","max-snippet":"max-snippet:-1","max-image-preview":"max-image-preview:large","max-video-preview":"max-video-preview:-1"},"canonical":"https:\/\/www.libriparlanti.org\/index.php\/2023\/05\/giovedi-18-ore-18-00-maggio-dei-libri-silvia-vecchini-in-biblioteca\/","og_locale":"it_IT","og_type":"article","og_title":"Silvia Vecchini presenta MILLE BRICIOLE DI LUCE","og_description":"Gioved\u00ec 18 maggio alle ore 18.00 in Biblioteca, Silvia Vecchini presenta MILLE BRICIOLE DI LUCE Ed. Il Castoro Danni non cammina ma vola, volteggia. Ha sempre una musica in testa e un passo, un salto, un giro da provare. Una storia di sport autentica ed emozionante: il Billy Elliot per le nuove generazioni!","og_url":"https:\/\/www.libriparlanti.org\/index.php\/2023\/05\/giovedi-18-ore-18-00-maggio-dei-libri-silvia-vecchini-in-biblioteca\/","og_site_name":"Libreria Libri parlanti","article_publisher":"https:\/\/www.facebook.com\/LibriParlanti","article_published_time":"2023-05-18T16:00:00+00:00","article_modified_time":"2023-06-06T20:37:17+00:00","og_image":[{"width":182,"height":276,"url":"https:\/\/www.libriparlanti.org\/wp-content\/uploads\/2023\/04\/download-3.jpg","type":"image\/jpeg"}],"author":"admin","twitter_card":"summary_large_image","twitter_misc":{"Scritto da":"admin","Tempo di lettura stimato":"1 minuto"},"schema":{"@context":"https:\/\/schema.org","@graph":[{"@type":"Article","@id":"https:\/\/www.libriparlanti.org\/index.php\/2023\/05\/giovedi-18-ore-18-00-maggio-dei-libri-silvia-vecchini-in-biblioteca\/#article","isPartOf":{"@id":"https:\/\/www.libriparlanti.org\/index.php\/2023\/05\/giovedi-18-ore-18-00-maggio-dei-libri-silvia-vecchini-in-biblioteca\/"},"author":{"name":"admin","@id":"https:\/\/www.libriparlanti.org\/#\/schema\/person\/a2101732f0cc0144f0a4d0ecc313655a"},"headline":"Gioved\u00ec 18 ore 18.00 Maggio dei Libri- Silvia Vecchini in Biblioteca","datePublished":"2023-05-18T16:00:00+00:00","dateModified":"2023-06-06T20:37:17+00:00","mainEntityOfPage":{"@id":"https:\/\/www.libriparlanti.org\/index.php\/2023\/05\/giovedi-18-ore-18-00-maggio-dei-libri-silvia-vecchini-in-biblioteca\/"},"wordCount":196,"commentCount":0,"image":{"@id":"https:\/\/www.libriparlanti.org\/index.php\/2023\/05\/giovedi-18-ore-18-00-maggio-dei-libri-silvia-vecchini-in-biblioteca\/#primaryimage"},"thumbnailUrl":"https:\/\/www.libriparlanti.org\/wp-content\/uploads\/2023\/04\/download-3.jpg","keywords":["ginnastica artistica","il castoroedizioni","mille briciole di luce","pegaso asd","SILVIA VECCHINI"],"articleSection":["eventi"],"inLanguage":"it-IT","potentialAction":[{"@type":"CommentAction","name":"Comment","target":["https:\/\/www.libriparlanti.org\/index.php\/2023\/05\/giovedi-18-ore-18-00-maggio-dei-libri-silvia-vecchini-in-biblioteca\/#respond"]}]},{"@type":"WebPage","@id":"https:\/\/www.libriparlanti.org\/index.php\/2023\/05\/giovedi-18-ore-18-00-maggio-dei-libri-silvia-vecchini-in-biblioteca\/","url":"https:\/\/www.libriparlanti.org\/index.php\/2023\/05\/giovedi-18-ore-18-00-maggio-dei-libri-silvia-vecchini-in-biblioteca\/","name":"Silvia Vecchini presenta MILLE BRICIOLE DI LUCE","isPartOf":{"@id":"https:\/\/www.libriparlanti.org\/#website"},"primaryImageOfPage":{"@id":"https:\/\/www.libriparlanti.org\/index.php\/2023\/05\/giovedi-18-ore-18-00-maggio-dei-libri-silvia-vecchini-in-biblioteca\/#primaryimage"},"image":{"@id":"https:\/\/www.libriparlanti.org\/index.php\/2023\/05\/giovedi-18-ore-18-00-maggio-dei-libri-silvia-vecchini-in-biblioteca\/#primaryimage"},"thumbnailUrl":"https:\/\/www.libriparlanti.org\/wp-content\/uploads\/2023\/04\/download-3.jpg","datePublished":"2023-05-18T16:00:00+00:00","dateModified":"2023-06-06T20:37:17+00:00","author":{"@id":"https:\/\/www.libriparlanti.org\/#\/schema\/person\/a2101732f0cc0144f0a4d0ecc313655a"},"description":"Gioved\u00ec 18 maggio alle ore 18.00 in Biblioteca, Silvia Vecchini presenta MILLE BRICIOLE DI LUCE Ed. Il Castoro Danni non cammina ma vola, volteggia. Ha sempre una musica in testa e un passo, un salto, un giro da provare. Una storia di sport autentica ed emozionante: il Billy Elliot per le nuove generazioni!","breadcrumb":{"@id":"https:\/\/www.libriparlanti.org\/index.php\/2023\/05\/giovedi-18-ore-18-00-maggio-dei-libri-silvia-vecchini-in-biblioteca\/#breadcrumb"},"inLanguage":"it-IT","potentialAction":[{"@type":"ReadAction","target":["https:\/\/www.libriparlanti.org\/index.php\/2023\/05\/giovedi-18-ore-18-00-maggio-dei-libri-silvia-vecchini-in-biblioteca\/"]}]},{"@type":"ImageObject","inLanguage":"it-IT","@id":"https:\/\/www.libriparlanti.org\/index.php\/2023\/05\/giovedi-18-ore-18-00-maggio-dei-libri-silvia-vecchini-in-biblioteca\/#primaryimage","url":"https:\/\/www.libriparlanti.org\/wp-content\/uploads\/2023\/04\/download-3.jpg","contentUrl":"https:\/\/www.libriparlanti.org\/wp-content\/uploads\/2023\/04\/download-3.jpg","width":182,"height":276},{"@type":"BreadcrumbList","@id":"https:\/\/www.libriparlanti.org\/index.php\/2023\/05\/giovedi-18-ore-18-00-maggio-dei-libri-silvia-vecchini-in-biblioteca\/#breadcrumb","itemListElement":[{"@type":"ListItem","position":1,"name":"Home","item":"https:\/\/www.libriparlanti.org\/"},{"@type":"ListItem","position":2,"name":"Gioved\u00ec 18 ore 18.00 Maggio dei Libri- Silvia Vecchini in Biblioteca"}]},{"@type":"WebSite","@id":"https:\/\/www.libriparlanti.org\/#website","url":"https:\/\/www.libriparlanti.org\/","name":"Libreria Libri parlanti","description":"Libreria in Castiglione del Lago (Pg)","potentialAction":[{"@type":"SearchAction","target":{"@type":"EntryPoint","urlTemplate":"https:\/\/www.libriparlanti.org\/?s={search_term_string}"},"query-input":{"@type":"PropertyValueSpecification","valueRequired":true,"valueName":"search_term_string"}}],"inLanguage":"it-IT"},{"@type":"Person","@id":"https:\/\/www.libriparlanti.org\/#\/schema\/person\/a2101732f0cc0144f0a4d0ecc313655a","name":"admin","image":{"@type":"ImageObject","inLanguage":"it-IT","@id":"https:\/\/secure.gravatar.com\/avatar\/f06887496a5753f3caca573646570e603d16e07cbd1553492c2c65009e6014ca?s=96&d=mm&r=g","url":"https:\/\/secure.gravatar.com\/avatar\/f06887496a5753f3caca573646570e603d16e07cbd1553492c2c65009e6014ca?s=96&d=mm&r=g","contentUrl":"https:\/\/secure.gravatar.com\/avatar\/f06887496a5753f3caca573646570e603d16e07cbd1553492c2c65009e6014ca?s=96&d=mm&r=g","caption":"admin"},"sameAs":["http:\/\/www.libriparlanti.org"],"url":"https:\/\/www.libriparlanti.org\/index.php\/author\/admin\/"}]}},"_links":{"self":[{"href":"https:\/\/www.libriparlanti.org\/index.php\/wp-json\/wp\/v2\/posts\/27262","targetHints":{"allow":["GET"]}}],"collection":[{"href":"https:\/\/www.libriparlanti.org\/index.php\/wp-json\/wp\/v2\/posts"}],"about":[{"href":"https:\/\/www.libriparlanti.org\/index.php\/wp-json\/wp\/v2\/types\/post"}],"author":[{"embeddable":true,"href":"https:\/\/www.libriparlanti.org\/index.php\/wp-json\/wp\/v2\/users\/1"}],"replies":[{"embeddable":true,"href":"https:\/\/www.libriparlanti.org\/index.php\/wp-json\/wp\/v2\/comments?post=27262"}],"version-history":[{"count":1,"href":"https:\/\/www.libriparlanti.org\/index.php\/wp-json\/wp\/v2\/posts\/27262\/revisions"}],"predecessor-version":[{"id":27265,"href":"https:\/\/www.libriparlanti.org\/index.php\/wp-json\/wp\/v2\/posts\/27262\/revisions\/27265"}],"wp:featuredmedia":[{"embeddable":true,"href":"https:\/\/www.libriparlanti.org\/index.php\/wp-json\/wp\/v2\/media\/27264"}],"wp:attachment":[{"href":"https:\/\/www.libriparlanti.org\/index.php\/wp-json\/wp\/v2\/media?parent=27262"}],"wp:term":[{"taxonomy":"category","embeddable":true,"href":"https:\/\/www.libriparlanti.org\/index.php\/wp-json\/wp\/v2\/categories?post=27262"},{"taxonomy":"post_tag","embeddable":true,"href":"https:\/\/www.libriparlanti.org\/index.php\/wp-json\/wp\/v2\/tags?post=27262"}],"curies":[{"name":"wp","href":"https:\/\/api.w.org\/{rel}","templated":true}]}}