{"id":17128,"date":"2021-09-02T18:00:00","date_gmt":"2021-09-02T16:00:00","guid":{"rendered":"https:\/\/www.libriparlanti.org\/?p=17128"},"modified":"2021-09-20T22:26:03","modified_gmt":"2021-09-20T20:26:03","slug":"giovedi-2-settembre-ore-18-00-narrazioni-quello-che-possiedi-ed-feltrinelli","status":"publish","type":"post","link":"https:\/\/www.libriparlanti.org\/index.php\/2021\/09\/giovedi-2-settembre-ore-18-00-narrazioni-quello-che-possiedi-ed-feltrinelli\/","title":{"rendered":"Gioved\u00ec 2 settembre ore 18.00 NarrAzioni &#8211; Quello che possiedi Ed.Feltrinelli"},"content":{"rendered":"\n<figure class=\"wp-block-image size-large\"><img loading=\"lazy\" decoding=\"async\" width=\"960\" height=\"804\" src=\"https:\/\/www.libriparlanti.org\/wp-content\/uploads\/2021\/08\/240778488_3618357451600491_1278388884396104046_n.jpg\" alt=\"\" class=\"wp-image-17129\" srcset=\"https:\/\/www.libriparlanti.org\/wp-content\/uploads\/2021\/08\/240778488_3618357451600491_1278388884396104046_n.jpg 960w, https:\/\/www.libriparlanti.org\/wp-content\/uploads\/2021\/08\/240778488_3618357451600491_1278388884396104046_n-600x503.jpg 600w, https:\/\/www.libriparlanti.org\/wp-content\/uploads\/2021\/08\/240778488_3618357451600491_1278388884396104046_n-300x251.jpg 300w, https:\/\/www.libriparlanti.org\/wp-content\/uploads\/2021\/08\/240778488_3618357451600491_1278388884396104046_n-768x643.jpg 768w\" sizes=\"(max-width: 960px) 100vw, 960px\" \/><\/figure>\n\n\n\n<p>Ultimo appuntamento con NarrAzioni, al Giardino del Pomarancio, vi aspettiamo per la presentazione dell\u2019ultimo romanzo di Caterina Soffici, QUELLO CHE POSSIEDI  pubblicato da <a href=\"http:\/\/WWW.FELTRINELLI.IT\">Feltrinelli Editore.<\/a><br>\ud83d\udcda\ud83d\udcda\ud83d\udcda<\/p>\n\n\n\n<p>Clotilde Brunori Princi ha ottantadue anni, \u00e8 elegante, impeccabile ed eccentrica come \u00e8 sempre stata: il tempo e la malattia hanno sbiadito la sua bellezza, ma non la sua tempra. Sua figlia Olivia \u00e8 in piena crisi di mezza et\u00e0: vegetariana, ossessionata dalla forma fisica, corre per non pensare alla propria vita intrappolata fra un marito sempre pi\u00f9 distante, i figli ormai cresciuti e quella madre cos\u00ec difficile. <\/p>\n\n\n\n<p>Una mattina d&#8217;autunno Clotilde sparisce da Villa del Grifo, la dimora di famiglia sulle colline di Firenze. Non \u00e8 uno dei brevi viaggi di quando partiva a bordo della sua Lancia Aurelia. Nessuno pu\u00f2 saperlo, ma la nuova fuga ha a che fare con qualcosa di doloroso accaduto nel suo passato, qualcosa che \u00e8 sempre stato occultato dietro la ricchezza e il privilegio.<\/p>\n\n\n\n<p>Ma quello che possiedi finisce per possederti: con l&#8217;approssimarsi della fine Clotilde \u00e8 costretta ad affrontare i suoi demoni, e Olivia si ritrova suo malgrado coinvolta nella resa dei conti. <\/p>\n\n\n\n<p>Caterina Soffici ci racconta le ferite e il coraggio di una madre e di una figlia, una storia di ribellione e riscatto che \u00e8 anche l&#8217;affresco di una citt\u00e0 e di una di societ\u00e0 che, quanto pi\u00f9 vede crollare le proprie certezze, tanto pi\u00f9 si abbarbica ai suoi vezzi e alle sue cerimonie.<\/p>\n\n\n\n<p>E&#8217; possibile partecipare alla manifestazione mostrando il Green Pass, secondo la normativa anti-Covid vigente. Evento realizzato in collaborazione con <a href=\"http:\/\/www.libriparlanti.org\">Libri Parlanti<\/a><\/p>\n","protected":false},"excerpt":{"rendered":"<p>Ultimo appuntamento con NarrAzioni, al Giardino del Pomarancio, vi aspettiamo per la presentazione dell\u2019ultimo romanzo di Caterina Soffici, QUELLO CHE POSSIEDI pubblicato da Feltrinelli Editore.\ud83d\udcda\ud83d\udcda\ud83d\udcda Clotilde Brunori Princi ha ottantadue anni, \u00e8 elegante, impeccabile ed eccentrica come \u00e8 sempre stata: il tempo e la malattia hanno sbiadito la sua bellezza, ma non la sua tempra. [&hellip;]<\/p>\n","protected":false},"author":1,"featured_media":17130,"comment_status":"open","ping_status":"open","sticky":false,"template":"","format":"standard","meta":{"_et_pb_use_builder":"","_et_pb_old_content":"","_et_gb_content_width":"","_joinchat":[],"footnotes":""},"categories":[3],"tags":[],"class_list":["post-17128","post","type-post","status-publish","format-standard","has-post-thumbnail","hentry","category-eventi"],"yoast_head":"<!-- This site is optimized with the Yoast SEO plugin v27.5 - https:\/\/yoast.com\/product\/yoast-seo-wordpress\/ -->\n<title>Gioved\u00ec 2 ore 18.00 NarrAzioni - Quello che possiedi Ed.Feltrinelli<\/title>\n<meta name=\"description\" content=\"NarrAzioni - Quello che possiedi Ed.Feltrinelli Caterina Soffici ci racconta le ferite e il coraggio di una madre e di una figlia, una storia di ribellione e riscatto che \u00e8 anche l&#039;affresco di una citt\u00e0 e di una di societ\u00e0 che, quanto pi\u00f9 vede crollare le proprie certezze, tanto pi\u00f9 si abbarbica ai suoi vezzi e alle sue cerimonie.\" \/>\n<meta name=\"robots\" content=\"index, follow, max-snippet:-1, max-image-preview:large, max-video-preview:-1\" \/>\n<link rel=\"canonical\" href=\"https:\/\/www.libriparlanti.org\/index.php\/2021\/09\/giovedi-2-settembre-ore-18-00-narrazioni-quello-che-possiedi-ed-feltrinelli\/\" \/>\n<meta property=\"og:locale\" content=\"it_IT\" \/>\n<meta property=\"og:type\" content=\"article\" \/>\n<meta property=\"og:title\" content=\"Gioved\u00ec 2 ore 18.00 NarrAzioni - Quello che possiedi Ed.Feltrinelli\" \/>\n<meta property=\"og:description\" content=\"NarrAzioni - Quello che possiedi Ed.Feltrinelli Caterina Soffici ci racconta le ferite e il coraggio di una madre e di una figlia, una storia di ribellione e riscatto che \u00e8 anche l&#039;affresco di una citt\u00e0 e di una di societ\u00e0 che, quanto pi\u00f9 vede crollare le proprie certezze, tanto pi\u00f9 si abbarbica ai suoi vezzi e alle sue cerimonie.\" \/>\n<meta property=\"og:url\" content=\"https:\/\/www.libriparlanti.org\/index.php\/2021\/09\/giovedi-2-settembre-ore-18-00-narrazioni-quello-che-possiedi-ed-feltrinelli\/\" \/>\n<meta property=\"og:site_name\" content=\"Libreria Libri parlanti\" \/>\n<meta property=\"article:publisher\" content=\"https:\/\/www.facebook.com\/LibriParlanti\" \/>\n<meta property=\"article:published_time\" content=\"2021-09-02T16:00:00+00:00\" \/>\n<meta property=\"article:modified_time\" content=\"2021-09-20T20:26:03+00:00\" \/>\n<meta property=\"og:image\" content=\"https:\/\/www.libriparlanti.org\/wp-content\/uploads\/2021\/08\/9788807034374.jpg\" \/>\n\t<meta property=\"og:image:width\" content=\"300\" \/>\n\t<meta property=\"og:image:height\" content=\"470\" \/>\n\t<meta property=\"og:image:type\" content=\"image\/jpeg\" \/>\n<meta name=\"author\" content=\"admin\" \/>\n<meta name=\"twitter:card\" content=\"summary_large_image\" \/>\n<meta name=\"twitter:label1\" content=\"Scritto da\" \/>\n\t<meta name=\"twitter:data1\" content=\"admin\" \/>\n\t<meta name=\"twitter:label2\" content=\"Tempo di lettura stimato\" \/>\n\t<meta name=\"twitter:data2\" content=\"1 minuto\" \/>\n<script type=\"application\/ld+json\" class=\"yoast-schema-graph\">{\"@context\":\"https:\\\/\\\/schema.org\",\"@graph\":[{\"@type\":\"Article\",\"@id\":\"https:\\\/\\\/www.libriparlanti.org\\\/index.php\\\/2021\\\/09\\\/giovedi-2-settembre-ore-18-00-narrazioni-quello-che-possiedi-ed-feltrinelli\\\/#article\",\"isPartOf\":{\"@id\":\"https:\\\/\\\/www.libriparlanti.org\\\/index.php\\\/2021\\\/09\\\/giovedi-2-settembre-ore-18-00-narrazioni-quello-che-possiedi-ed-feltrinelli\\\/\"},\"author\":{\"name\":\"admin\",\"@id\":\"https:\\\/\\\/www.libriparlanti.org\\\/#\\\/schema\\\/person\\\/a2101732f0cc0144f0a4d0ecc313655a\"},\"headline\":\"Gioved\u00ec 2 settembre ore 18.00 NarrAzioni &#8211; Quello che possiedi Ed.Feltrinelli\",\"datePublished\":\"2021-09-02T16:00:00+00:00\",\"dateModified\":\"2021-09-20T20:26:03+00:00\",\"mainEntityOfPage\":{\"@id\":\"https:\\\/\\\/www.libriparlanti.org\\\/index.php\\\/2021\\\/09\\\/giovedi-2-settembre-ore-18-00-narrazioni-quello-che-possiedi-ed-feltrinelli\\\/\"},\"wordCount\":264,\"commentCount\":0,\"image\":{\"@id\":\"https:\\\/\\\/www.libriparlanti.org\\\/index.php\\\/2021\\\/09\\\/giovedi-2-settembre-ore-18-00-narrazioni-quello-che-possiedi-ed-feltrinelli\\\/#primaryimage\"},\"thumbnailUrl\":\"https:\\\/\\\/www.libriparlanti.org\\\/wp-content\\\/uploads\\\/2021\\\/08\\\/9788807034374.jpg\",\"articleSection\":[\"eventi\"],\"inLanguage\":\"it-IT\",\"potentialAction\":[{\"@type\":\"CommentAction\",\"name\":\"Comment\",\"target\":[\"https:\\\/\\\/www.libriparlanti.org\\\/index.php\\\/2021\\\/09\\\/giovedi-2-settembre-ore-18-00-narrazioni-quello-che-possiedi-ed-feltrinelli\\\/#respond\"]}]},{\"@type\":\"WebPage\",\"@id\":\"https:\\\/\\\/www.libriparlanti.org\\\/index.php\\\/2021\\\/09\\\/giovedi-2-settembre-ore-18-00-narrazioni-quello-che-possiedi-ed-feltrinelli\\\/\",\"url\":\"https:\\\/\\\/www.libriparlanti.org\\\/index.php\\\/2021\\\/09\\\/giovedi-2-settembre-ore-18-00-narrazioni-quello-che-possiedi-ed-feltrinelli\\\/\",\"name\":\"Gioved\u00ec 2 ore 18.00 NarrAzioni - Quello che possiedi Ed.Feltrinelli\",\"isPartOf\":{\"@id\":\"https:\\\/\\\/www.libriparlanti.org\\\/#website\"},\"primaryImageOfPage\":{\"@id\":\"https:\\\/\\\/www.libriparlanti.org\\\/index.php\\\/2021\\\/09\\\/giovedi-2-settembre-ore-18-00-narrazioni-quello-che-possiedi-ed-feltrinelli\\\/#primaryimage\"},\"image\":{\"@id\":\"https:\\\/\\\/www.libriparlanti.org\\\/index.php\\\/2021\\\/09\\\/giovedi-2-settembre-ore-18-00-narrazioni-quello-che-possiedi-ed-feltrinelli\\\/#primaryimage\"},\"thumbnailUrl\":\"https:\\\/\\\/www.libriparlanti.org\\\/wp-content\\\/uploads\\\/2021\\\/08\\\/9788807034374.jpg\",\"datePublished\":\"2021-09-02T16:00:00+00:00\",\"dateModified\":\"2021-09-20T20:26:03+00:00\",\"author\":{\"@id\":\"https:\\\/\\\/www.libriparlanti.org\\\/#\\\/schema\\\/person\\\/a2101732f0cc0144f0a4d0ecc313655a\"},\"description\":\"NarrAzioni - Quello che possiedi Ed.Feltrinelli Caterina Soffici ci racconta le ferite e il coraggio di una madre e di una figlia, una storia di ribellione e riscatto che \u00e8 anche l'affresco di una citt\u00e0 e di una di societ\u00e0 che, quanto pi\u00f9 vede crollare le proprie certezze, tanto pi\u00f9 si abbarbica ai suoi vezzi e alle sue cerimonie.\",\"breadcrumb\":{\"@id\":\"https:\\\/\\\/www.libriparlanti.org\\\/index.php\\\/2021\\\/09\\\/giovedi-2-settembre-ore-18-00-narrazioni-quello-che-possiedi-ed-feltrinelli\\\/#breadcrumb\"},\"inLanguage\":\"it-IT\",\"potentialAction\":[{\"@type\":\"ReadAction\",\"target\":[\"https:\\\/\\\/www.libriparlanti.org\\\/index.php\\\/2021\\\/09\\\/giovedi-2-settembre-ore-18-00-narrazioni-quello-che-possiedi-ed-feltrinelli\\\/\"]}]},{\"@type\":\"ImageObject\",\"inLanguage\":\"it-IT\",\"@id\":\"https:\\\/\\\/www.libriparlanti.org\\\/index.php\\\/2021\\\/09\\\/giovedi-2-settembre-ore-18-00-narrazioni-quello-che-possiedi-ed-feltrinelli\\\/#primaryimage\",\"url\":\"https:\\\/\\\/www.libriparlanti.org\\\/wp-content\\\/uploads\\\/2021\\\/08\\\/9788807034374.jpg\",\"contentUrl\":\"https:\\\/\\\/www.libriparlanti.org\\\/wp-content\\\/uploads\\\/2021\\\/08\\\/9788807034374.jpg\",\"width\":300,\"height\":470,\"caption\":\"Quello che possiedi\"},{\"@type\":\"BreadcrumbList\",\"@id\":\"https:\\\/\\\/www.libriparlanti.org\\\/index.php\\\/2021\\\/09\\\/giovedi-2-settembre-ore-18-00-narrazioni-quello-che-possiedi-ed-feltrinelli\\\/#breadcrumb\",\"itemListElement\":[{\"@type\":\"ListItem\",\"position\":1,\"name\":\"Home\",\"item\":\"https:\\\/\\\/www.libriparlanti.org\\\/\"},{\"@type\":\"ListItem\",\"position\":2,\"name\":\"Gioved\u00ec 2 settembre ore 18.00 NarrAzioni &#8211; Quello che possiedi Ed.Feltrinelli\"}]},{\"@type\":\"WebSite\",\"@id\":\"https:\\\/\\\/www.libriparlanti.org\\\/#website\",\"url\":\"https:\\\/\\\/www.libriparlanti.org\\\/\",\"name\":\"Libreria Libri parlanti\",\"description\":\"Libreria in Castiglione del Lago (Pg)\",\"potentialAction\":[{\"@type\":\"SearchAction\",\"target\":{\"@type\":\"EntryPoint\",\"urlTemplate\":\"https:\\\/\\\/www.libriparlanti.org\\\/?s={search_term_string}\"},\"query-input\":{\"@type\":\"PropertyValueSpecification\",\"valueRequired\":true,\"valueName\":\"search_term_string\"}}],\"inLanguage\":\"it-IT\"},{\"@type\":\"Person\",\"@id\":\"https:\\\/\\\/www.libriparlanti.org\\\/#\\\/schema\\\/person\\\/a2101732f0cc0144f0a4d0ecc313655a\",\"name\":\"admin\",\"image\":{\"@type\":\"ImageObject\",\"inLanguage\":\"it-IT\",\"@id\":\"https:\\\/\\\/secure.gravatar.com\\\/avatar\\\/f06887496a5753f3caca573646570e603d16e07cbd1553492c2c65009e6014ca?s=96&d=mm&r=g\",\"url\":\"https:\\\/\\\/secure.gravatar.com\\\/avatar\\\/f06887496a5753f3caca573646570e603d16e07cbd1553492c2c65009e6014ca?s=96&d=mm&r=g\",\"contentUrl\":\"https:\\\/\\\/secure.gravatar.com\\\/avatar\\\/f06887496a5753f3caca573646570e603d16e07cbd1553492c2c65009e6014ca?s=96&d=mm&r=g\",\"caption\":\"admin\"},\"sameAs\":[\"http:\\\/\\\/www.libriparlanti.org\"],\"url\":\"https:\\\/\\\/www.libriparlanti.org\\\/index.php\\\/author\\\/admin\\\/\"}]}<\/script>\n<!-- \/ Yoast SEO plugin. -->","yoast_head_json":{"title":"Gioved\u00ec 2 ore 18.00 NarrAzioni - Quello che possiedi Ed.Feltrinelli","description":"NarrAzioni - Quello che possiedi Ed.Feltrinelli Caterina Soffici ci racconta le ferite e il coraggio di una madre e di una figlia, una storia di ribellione e riscatto che \u00e8 anche l'affresco di una citt\u00e0 e di una di societ\u00e0 che, quanto pi\u00f9 vede crollare le proprie certezze, tanto pi\u00f9 si abbarbica ai suoi vezzi e alle sue cerimonie.","robots":{"index":"index","follow":"follow","max-snippet":"max-snippet:-1","max-image-preview":"max-image-preview:large","max-video-preview":"max-video-preview:-1"},"canonical":"https:\/\/www.libriparlanti.org\/index.php\/2021\/09\/giovedi-2-settembre-ore-18-00-narrazioni-quello-che-possiedi-ed-feltrinelli\/","og_locale":"it_IT","og_type":"article","og_title":"Gioved\u00ec 2 ore 18.00 NarrAzioni - Quello che possiedi Ed.Feltrinelli","og_description":"NarrAzioni - Quello che possiedi Ed.Feltrinelli Caterina Soffici ci racconta le ferite e il coraggio di una madre e di una figlia, una storia di ribellione e riscatto che \u00e8 anche l'affresco di una citt\u00e0 e di una di societ\u00e0 che, quanto pi\u00f9 vede crollare le proprie certezze, tanto pi\u00f9 si abbarbica ai suoi vezzi e alle sue cerimonie.","og_url":"https:\/\/www.libriparlanti.org\/index.php\/2021\/09\/giovedi-2-settembre-ore-18-00-narrazioni-quello-che-possiedi-ed-feltrinelli\/","og_site_name":"Libreria Libri parlanti","article_publisher":"https:\/\/www.facebook.com\/LibriParlanti","article_published_time":"2021-09-02T16:00:00+00:00","article_modified_time":"2021-09-20T20:26:03+00:00","og_image":[{"width":300,"height":470,"url":"https:\/\/www.libriparlanti.org\/wp-content\/uploads\/2021\/08\/9788807034374.jpg","type":"image\/jpeg"}],"author":"admin","twitter_card":"summary_large_image","twitter_misc":{"Scritto da":"admin","Tempo di lettura stimato":"1 minuto"},"schema":{"@context":"https:\/\/schema.org","@graph":[{"@type":"Article","@id":"https:\/\/www.libriparlanti.org\/index.php\/2021\/09\/giovedi-2-settembre-ore-18-00-narrazioni-quello-che-possiedi-ed-feltrinelli\/#article","isPartOf":{"@id":"https:\/\/www.libriparlanti.org\/index.php\/2021\/09\/giovedi-2-settembre-ore-18-00-narrazioni-quello-che-possiedi-ed-feltrinelli\/"},"author":{"name":"admin","@id":"https:\/\/www.libriparlanti.org\/#\/schema\/person\/a2101732f0cc0144f0a4d0ecc313655a"},"headline":"Gioved\u00ec 2 settembre ore 18.00 NarrAzioni &#8211; Quello che possiedi Ed.Feltrinelli","datePublished":"2021-09-02T16:00:00+00:00","dateModified":"2021-09-20T20:26:03+00:00","mainEntityOfPage":{"@id":"https:\/\/www.libriparlanti.org\/index.php\/2021\/09\/giovedi-2-settembre-ore-18-00-narrazioni-quello-che-possiedi-ed-feltrinelli\/"},"wordCount":264,"commentCount":0,"image":{"@id":"https:\/\/www.libriparlanti.org\/index.php\/2021\/09\/giovedi-2-settembre-ore-18-00-narrazioni-quello-che-possiedi-ed-feltrinelli\/#primaryimage"},"thumbnailUrl":"https:\/\/www.libriparlanti.org\/wp-content\/uploads\/2021\/08\/9788807034374.jpg","articleSection":["eventi"],"inLanguage":"it-IT","potentialAction":[{"@type":"CommentAction","name":"Comment","target":["https:\/\/www.libriparlanti.org\/index.php\/2021\/09\/giovedi-2-settembre-ore-18-00-narrazioni-quello-che-possiedi-ed-feltrinelli\/#respond"]}]},{"@type":"WebPage","@id":"https:\/\/www.libriparlanti.org\/index.php\/2021\/09\/giovedi-2-settembre-ore-18-00-narrazioni-quello-che-possiedi-ed-feltrinelli\/","url":"https:\/\/www.libriparlanti.org\/index.php\/2021\/09\/giovedi-2-settembre-ore-18-00-narrazioni-quello-che-possiedi-ed-feltrinelli\/","name":"Gioved\u00ec 2 ore 18.00 NarrAzioni - Quello che possiedi Ed.Feltrinelli","isPartOf":{"@id":"https:\/\/www.libriparlanti.org\/#website"},"primaryImageOfPage":{"@id":"https:\/\/www.libriparlanti.org\/index.php\/2021\/09\/giovedi-2-settembre-ore-18-00-narrazioni-quello-che-possiedi-ed-feltrinelli\/#primaryimage"},"image":{"@id":"https:\/\/www.libriparlanti.org\/index.php\/2021\/09\/giovedi-2-settembre-ore-18-00-narrazioni-quello-che-possiedi-ed-feltrinelli\/#primaryimage"},"thumbnailUrl":"https:\/\/www.libriparlanti.org\/wp-content\/uploads\/2021\/08\/9788807034374.jpg","datePublished":"2021-09-02T16:00:00+00:00","dateModified":"2021-09-20T20:26:03+00:00","author":{"@id":"https:\/\/www.libriparlanti.org\/#\/schema\/person\/a2101732f0cc0144f0a4d0ecc313655a"},"description":"NarrAzioni - Quello che possiedi Ed.Feltrinelli Caterina Soffici ci racconta le ferite e il coraggio di una madre e di una figlia, una storia di ribellione e riscatto che \u00e8 anche l'affresco di una citt\u00e0 e di una di societ\u00e0 che, quanto pi\u00f9 vede crollare le proprie certezze, tanto pi\u00f9 si abbarbica ai suoi vezzi e alle sue cerimonie.","breadcrumb":{"@id":"https:\/\/www.libriparlanti.org\/index.php\/2021\/09\/giovedi-2-settembre-ore-18-00-narrazioni-quello-che-possiedi-ed-feltrinelli\/#breadcrumb"},"inLanguage":"it-IT","potentialAction":[{"@type":"ReadAction","target":["https:\/\/www.libriparlanti.org\/index.php\/2021\/09\/giovedi-2-settembre-ore-18-00-narrazioni-quello-che-possiedi-ed-feltrinelli\/"]}]},{"@type":"ImageObject","inLanguage":"it-IT","@id":"https:\/\/www.libriparlanti.org\/index.php\/2021\/09\/giovedi-2-settembre-ore-18-00-narrazioni-quello-che-possiedi-ed-feltrinelli\/#primaryimage","url":"https:\/\/www.libriparlanti.org\/wp-content\/uploads\/2021\/08\/9788807034374.jpg","contentUrl":"https:\/\/www.libriparlanti.org\/wp-content\/uploads\/2021\/08\/9788807034374.jpg","width":300,"height":470,"caption":"Quello che possiedi"},{"@type":"BreadcrumbList","@id":"https:\/\/www.libriparlanti.org\/index.php\/2021\/09\/giovedi-2-settembre-ore-18-00-narrazioni-quello-che-possiedi-ed-feltrinelli\/#breadcrumb","itemListElement":[{"@type":"ListItem","position":1,"name":"Home","item":"https:\/\/www.libriparlanti.org\/"},{"@type":"ListItem","position":2,"name":"Gioved\u00ec 2 settembre ore 18.00 NarrAzioni &#8211; Quello che possiedi Ed.Feltrinelli"}]},{"@type":"WebSite","@id":"https:\/\/www.libriparlanti.org\/#website","url":"https:\/\/www.libriparlanti.org\/","name":"Libreria Libri parlanti","description":"Libreria in Castiglione del Lago (Pg)","potentialAction":[{"@type":"SearchAction","target":{"@type":"EntryPoint","urlTemplate":"https:\/\/www.libriparlanti.org\/?s={search_term_string}"},"query-input":{"@type":"PropertyValueSpecification","valueRequired":true,"valueName":"search_term_string"}}],"inLanguage":"it-IT"},{"@type":"Person","@id":"https:\/\/www.libriparlanti.org\/#\/schema\/person\/a2101732f0cc0144f0a4d0ecc313655a","name":"admin","image":{"@type":"ImageObject","inLanguage":"it-IT","@id":"https:\/\/secure.gravatar.com\/avatar\/f06887496a5753f3caca573646570e603d16e07cbd1553492c2c65009e6014ca?s=96&d=mm&r=g","url":"https:\/\/secure.gravatar.com\/avatar\/f06887496a5753f3caca573646570e603d16e07cbd1553492c2c65009e6014ca?s=96&d=mm&r=g","contentUrl":"https:\/\/secure.gravatar.com\/avatar\/f06887496a5753f3caca573646570e603d16e07cbd1553492c2c65009e6014ca?s=96&d=mm&r=g","caption":"admin"},"sameAs":["http:\/\/www.libriparlanti.org"],"url":"https:\/\/www.libriparlanti.org\/index.php\/author\/admin\/"}]}},"_links":{"self":[{"href":"https:\/\/www.libriparlanti.org\/index.php\/wp-json\/wp\/v2\/posts\/17128","targetHints":{"allow":["GET"]}}],"collection":[{"href":"https:\/\/www.libriparlanti.org\/index.php\/wp-json\/wp\/v2\/posts"}],"about":[{"href":"https:\/\/www.libriparlanti.org\/index.php\/wp-json\/wp\/v2\/types\/post"}],"author":[{"embeddable":true,"href":"https:\/\/www.libriparlanti.org\/index.php\/wp-json\/wp\/v2\/users\/1"}],"replies":[{"embeddable":true,"href":"https:\/\/www.libriparlanti.org\/index.php\/wp-json\/wp\/v2\/comments?post=17128"}],"version-history":[{"count":1,"href":"https:\/\/www.libriparlanti.org\/index.php\/wp-json\/wp\/v2\/posts\/17128\/revisions"}],"predecessor-version":[{"id":17131,"href":"https:\/\/www.libriparlanti.org\/index.php\/wp-json\/wp\/v2\/posts\/17128\/revisions\/17131"}],"wp:featuredmedia":[{"embeddable":true,"href":"https:\/\/www.libriparlanti.org\/index.php\/wp-json\/wp\/v2\/media\/17130"}],"wp:attachment":[{"href":"https:\/\/www.libriparlanti.org\/index.php\/wp-json\/wp\/v2\/media?parent=17128"}],"wp:term":[{"taxonomy":"category","embeddable":true,"href":"https:\/\/www.libriparlanti.org\/index.php\/wp-json\/wp\/v2\/categories?post=17128"},{"taxonomy":"post_tag","embeddable":true,"href":"https:\/\/www.libriparlanti.org\/index.php\/wp-json\/wp\/v2\/tags?post=17128"}],"curies":[{"name":"wp","href":"https:\/\/api.w.org\/{rel}","templated":true}]}}