{"id":15812,"date":"2021-05-21T19:00:00","date_gmt":"2021-05-21T17:00:00","guid":{"rendered":"https:\/\/www.libriparlanti.org\/?p=15812"},"modified":"2021-05-24T18:44:53","modified_gmt":"2021-05-24T16:44:53","slug":"venerdi-21-maggio-ore-19-00-christian-efrem-iori-presenta-una-battaglia-lunga-una-vita-ed-midgard","status":"publish","type":"post","link":"https:\/\/www.libriparlanti.org\/index.php\/2021\/05\/venerdi-21-maggio-ore-19-00-christian-efrem-iori-presenta-una-battaglia-lunga-una-vita-ed-midgard\/","title":{"rendered":"Venerd\u00ec 21 maggio ore 19.00 Christian Efrem IORI presenta Una battaglia lunga una vita Ed.Midgard"},"content":{"rendered":"\n<figure class=\"wp-block-image size-large\"><img loading=\"lazy\" decoding=\"async\" width=\"600\" height=\"861\" src=\"https:\/\/www.libriparlanti.org\/wp-content\/uploads\/2021\/05\/fae39301081c6becff5e2330d3a0406e.jpg\" alt=\"\" class=\"wp-image-15813\" srcset=\"https:\/\/www.libriparlanti.org\/wp-content\/uploads\/2021\/05\/fae39301081c6becff5e2330d3a0406e.jpg 600w, https:\/\/www.libriparlanti.org\/wp-content\/uploads\/2021\/05\/fae39301081c6becff5e2330d3a0406e-209x300.jpg 209w, https:\/\/www.libriparlanti.org\/wp-content\/uploads\/2021\/05\/fae39301081c6becff5e2330d3a0406e-300x431.jpg 300w\" sizes=\"(max-width: 600px) 100vw, 600px\" \/><\/figure>\n\n\n\n<p>Christian Efrem IORI  presenta in diretta sulla pagina Facebook e sul canale YouTube di Libri Parlanti UNA BATTAGLIA LUNGA UNA VITA Edito da Midgard .<\/p>\n\n\n\n<p>Dialogher\u00e0 con l&#8217;autore Maria Grazia Virgilio<\/p>\n\n\n\n<p>Chris, il protagonista del romanzo, vive una vita assolutamente normale con la fidanzata Moira. Improvvisamente questa normalit\u00e0 viene sconvolta dalla malattia. Chris si ritrova ricoverato in ospedale e la diagnosi lo colpisce come un pugno: Sclerosi Multipla. Ma lui non si lascia vincere dallo sconforto e inizia con coraggio una battaglia contro la malattia. Perch\u00e9 quello che conta e che fa la differenza \u00e8 non arrendersi, mai.<\/p>\n\n\n\n<p>&#8220;Una battaglia lunga tutta una vita&#8221; \u00e8 la storia di Chris, ma potrebbe essere la storia di ognuno di noi e per questo \u00e8 facile la connessione empatica con ci\u00f2 che si legge.<\/p>\n\n\n\n<p><\/p>\n","protected":false},"excerpt":{"rendered":"<p>Christian Efrem IORI presenta in diretta sulla pagina Facebook e sul canale YouTube di Libri Parlanti UNA BATTAGLIA LUNGA UNA VITA Edito da Midgard . Dialogher\u00e0 con l&#8217;autore Maria Grazia Virgilio Chris, il protagonista del romanzo, vive una vita assolutamente normale con la fidanzata Moira. Improvvisamente questa normalit\u00e0 viene sconvolta dalla malattia. Chris si ritrova [&hellip;]<\/p>\n","protected":false},"author":1,"featured_media":15813,"comment_status":"open","ping_status":"open","sticky":false,"template":"","format":"standard","meta":{"_et_pb_use_builder":"","_et_pb_old_content":"","_et_gb_content_width":"","_joinchat":[],"footnotes":""},"categories":[3],"tags":[],"class_list":["post-15812","post","type-post","status-publish","format-standard","has-post-thumbnail","hentry","category-eventi"],"yoast_head":"<!-- This site is optimized with the Yoast SEO plugin v27.5 - https:\/\/yoast.com\/product\/yoast-seo-wordpress\/ -->\n<title>Christian Efrem IORI presenta Una battaglia lunga una vita Ed.Midgard<\/title>\n<meta name=\"description\" content=\"Christian Efrem IORI presenta in diretta sulla pagina Facebook e sul canale YouTube di Libri Parlanti UNA BATTAGLIA LUNGA UNA VITA Edito da Midgard . Chris, il protagonista del romanzo, vive una vita assolutamente normale con la fidanzata Moira. Improvvisamente questa normalit\u00e0 viene sconvolta dalla malattia. Chris si ritrova ricoverato in ospedale e la diagnosi lo colpisce come un pugno: Sclerosi Multipla.\" \/>\n<meta name=\"robots\" content=\"index, follow, max-snippet:-1, max-image-preview:large, max-video-preview:-1\" \/>\n<link rel=\"canonical\" href=\"https:\/\/www.libriparlanti.org\/index.php\/2021\/05\/venerdi-21-maggio-ore-19-00-christian-efrem-iori-presenta-una-battaglia-lunga-una-vita-ed-midgard\/\" \/>\n<meta property=\"og:locale\" content=\"it_IT\" \/>\n<meta property=\"og:type\" content=\"article\" \/>\n<meta property=\"og:title\" content=\"Christian Efrem IORI presenta Una battaglia lunga una vita Ed.Midgard\" \/>\n<meta property=\"og:description\" content=\"Christian Efrem IORI presenta in diretta sulla pagina Facebook e sul canale YouTube di Libri Parlanti UNA BATTAGLIA LUNGA UNA VITA Edito da Midgard . Chris, il protagonista del romanzo, vive una vita assolutamente normale con la fidanzata Moira. Improvvisamente questa normalit\u00e0 viene sconvolta dalla malattia. Chris si ritrova ricoverato in ospedale e la diagnosi lo colpisce come un pugno: Sclerosi Multipla.\" \/>\n<meta property=\"og:url\" content=\"https:\/\/www.libriparlanti.org\/index.php\/2021\/05\/venerdi-21-maggio-ore-19-00-christian-efrem-iori-presenta-una-battaglia-lunga-una-vita-ed-midgard\/\" \/>\n<meta property=\"og:site_name\" content=\"Libreria Libri parlanti\" \/>\n<meta property=\"article:publisher\" content=\"https:\/\/www.facebook.com\/LibriParlanti\" \/>\n<meta property=\"article:published_time\" content=\"2021-05-21T17:00:00+00:00\" \/>\n<meta property=\"article:modified_time\" content=\"2021-05-24T16:44:53+00:00\" \/>\n<meta property=\"og:image\" content=\"https:\/\/www.libriparlanti.org\/wp-content\/uploads\/2021\/05\/fae39301081c6becff5e2330d3a0406e.jpg\" \/>\n\t<meta property=\"og:image:width\" content=\"600\" \/>\n\t<meta property=\"og:image:height\" content=\"861\" \/>\n\t<meta property=\"og:image:type\" content=\"image\/jpeg\" \/>\n<meta name=\"author\" content=\"admin\" \/>\n<meta name=\"twitter:card\" content=\"summary_large_image\" \/>\n<meta name=\"twitter:label1\" content=\"Scritto da\" \/>\n\t<meta name=\"twitter:data1\" content=\"admin\" \/>\n\t<meta name=\"twitter:label2\" content=\"Tempo di lettura stimato\" \/>\n\t<meta name=\"twitter:data2\" content=\"1 minuto\" \/>\n<script type=\"application\/ld+json\" class=\"yoast-schema-graph\">{\"@context\":\"https:\\\/\\\/schema.org\",\"@graph\":[{\"@type\":\"Article\",\"@id\":\"https:\\\/\\\/www.libriparlanti.org\\\/index.php\\\/2021\\\/05\\\/venerdi-21-maggio-ore-19-00-christian-efrem-iori-presenta-una-battaglia-lunga-una-vita-ed-midgard\\\/#article\",\"isPartOf\":{\"@id\":\"https:\\\/\\\/www.libriparlanti.org\\\/index.php\\\/2021\\\/05\\\/venerdi-21-maggio-ore-19-00-christian-efrem-iori-presenta-una-battaglia-lunga-una-vita-ed-midgard\\\/\"},\"author\":{\"name\":\"admin\",\"@id\":\"https:\\\/\\\/www.libriparlanti.org\\\/#\\\/schema\\\/person\\\/a2101732f0cc0144f0a4d0ecc313655a\"},\"headline\":\"Venerd\u00ec 21 maggio ore 19.00 Christian Efrem IORI presenta Una battaglia lunga una vita Ed.Midgard\",\"datePublished\":\"2021-05-21T17:00:00+00:00\",\"dateModified\":\"2021-05-24T16:44:53+00:00\",\"mainEntityOfPage\":{\"@id\":\"https:\\\/\\\/www.libriparlanti.org\\\/index.php\\\/2021\\\/05\\\/venerdi-21-maggio-ore-19-00-christian-efrem-iori-presenta-una-battaglia-lunga-una-vita-ed-midgard\\\/\"},\"wordCount\":141,\"commentCount\":0,\"image\":{\"@id\":\"https:\\\/\\\/www.libriparlanti.org\\\/index.php\\\/2021\\\/05\\\/venerdi-21-maggio-ore-19-00-christian-efrem-iori-presenta-una-battaglia-lunga-una-vita-ed-midgard\\\/#primaryimage\"},\"thumbnailUrl\":\"https:\\\/\\\/www.libriparlanti.org\\\/wp-content\\\/uploads\\\/2021\\\/05\\\/fae39301081c6becff5e2330d3a0406e.jpg\",\"articleSection\":[\"eventi\"],\"inLanguage\":\"it-IT\",\"potentialAction\":[{\"@type\":\"CommentAction\",\"name\":\"Comment\",\"target\":[\"https:\\\/\\\/www.libriparlanti.org\\\/index.php\\\/2021\\\/05\\\/venerdi-21-maggio-ore-19-00-christian-efrem-iori-presenta-una-battaglia-lunga-una-vita-ed-midgard\\\/#respond\"]}]},{\"@type\":\"WebPage\",\"@id\":\"https:\\\/\\\/www.libriparlanti.org\\\/index.php\\\/2021\\\/05\\\/venerdi-21-maggio-ore-19-00-christian-efrem-iori-presenta-una-battaglia-lunga-una-vita-ed-midgard\\\/\",\"url\":\"https:\\\/\\\/www.libriparlanti.org\\\/index.php\\\/2021\\\/05\\\/venerdi-21-maggio-ore-19-00-christian-efrem-iori-presenta-una-battaglia-lunga-una-vita-ed-midgard\\\/\",\"name\":\"Christian Efrem IORI presenta Una battaglia lunga una vita Ed.Midgard\",\"isPartOf\":{\"@id\":\"https:\\\/\\\/www.libriparlanti.org\\\/#website\"},\"primaryImageOfPage\":{\"@id\":\"https:\\\/\\\/www.libriparlanti.org\\\/index.php\\\/2021\\\/05\\\/venerdi-21-maggio-ore-19-00-christian-efrem-iori-presenta-una-battaglia-lunga-una-vita-ed-midgard\\\/#primaryimage\"},\"image\":{\"@id\":\"https:\\\/\\\/www.libriparlanti.org\\\/index.php\\\/2021\\\/05\\\/venerdi-21-maggio-ore-19-00-christian-efrem-iori-presenta-una-battaglia-lunga-una-vita-ed-midgard\\\/#primaryimage\"},\"thumbnailUrl\":\"https:\\\/\\\/www.libriparlanti.org\\\/wp-content\\\/uploads\\\/2021\\\/05\\\/fae39301081c6becff5e2330d3a0406e.jpg\",\"datePublished\":\"2021-05-21T17:00:00+00:00\",\"dateModified\":\"2021-05-24T16:44:53+00:00\",\"author\":{\"@id\":\"https:\\\/\\\/www.libriparlanti.org\\\/#\\\/schema\\\/person\\\/a2101732f0cc0144f0a4d0ecc313655a\"},\"description\":\"Christian Efrem IORI presenta in diretta sulla pagina Facebook e sul canale YouTube di Libri Parlanti UNA BATTAGLIA LUNGA UNA VITA Edito da Midgard . Chris, il protagonista del romanzo, vive una vita assolutamente normale con la fidanzata Moira. Improvvisamente questa normalit\u00e0 viene sconvolta dalla malattia. Chris si ritrova ricoverato in ospedale e la diagnosi lo colpisce come un pugno: Sclerosi Multipla.\",\"breadcrumb\":{\"@id\":\"https:\\\/\\\/www.libriparlanti.org\\\/index.php\\\/2021\\\/05\\\/venerdi-21-maggio-ore-19-00-christian-efrem-iori-presenta-una-battaglia-lunga-una-vita-ed-midgard\\\/#breadcrumb\"},\"inLanguage\":\"it-IT\",\"potentialAction\":[{\"@type\":\"ReadAction\",\"target\":[\"https:\\\/\\\/www.libriparlanti.org\\\/index.php\\\/2021\\\/05\\\/venerdi-21-maggio-ore-19-00-christian-efrem-iori-presenta-una-battaglia-lunga-una-vita-ed-midgard\\\/\"]}]},{\"@type\":\"ImageObject\",\"inLanguage\":\"it-IT\",\"@id\":\"https:\\\/\\\/www.libriparlanti.org\\\/index.php\\\/2021\\\/05\\\/venerdi-21-maggio-ore-19-00-christian-efrem-iori-presenta-una-battaglia-lunga-una-vita-ed-midgard\\\/#primaryimage\",\"url\":\"https:\\\/\\\/www.libriparlanti.org\\\/wp-content\\\/uploads\\\/2021\\\/05\\\/fae39301081c6becff5e2330d3a0406e.jpg\",\"contentUrl\":\"https:\\\/\\\/www.libriparlanti.org\\\/wp-content\\\/uploads\\\/2021\\\/05\\\/fae39301081c6becff5e2330d3a0406e.jpg\",\"width\":600,\"height\":861},{\"@type\":\"BreadcrumbList\",\"@id\":\"https:\\\/\\\/www.libriparlanti.org\\\/index.php\\\/2021\\\/05\\\/venerdi-21-maggio-ore-19-00-christian-efrem-iori-presenta-una-battaglia-lunga-una-vita-ed-midgard\\\/#breadcrumb\",\"itemListElement\":[{\"@type\":\"ListItem\",\"position\":1,\"name\":\"Home\",\"item\":\"https:\\\/\\\/www.libriparlanti.org\\\/\"},{\"@type\":\"ListItem\",\"position\":2,\"name\":\"Venerd\u00ec 21 maggio ore 19.00 Christian Efrem IORI presenta Una battaglia lunga una vita Ed.Midgard\"}]},{\"@type\":\"WebSite\",\"@id\":\"https:\\\/\\\/www.libriparlanti.org\\\/#website\",\"url\":\"https:\\\/\\\/www.libriparlanti.org\\\/\",\"name\":\"Libreria Libri parlanti\",\"description\":\"Libreria in Castiglione del Lago (Pg)\",\"potentialAction\":[{\"@type\":\"SearchAction\",\"target\":{\"@type\":\"EntryPoint\",\"urlTemplate\":\"https:\\\/\\\/www.libriparlanti.org\\\/?s={search_term_string}\"},\"query-input\":{\"@type\":\"PropertyValueSpecification\",\"valueRequired\":true,\"valueName\":\"search_term_string\"}}],\"inLanguage\":\"it-IT\"},{\"@type\":\"Person\",\"@id\":\"https:\\\/\\\/www.libriparlanti.org\\\/#\\\/schema\\\/person\\\/a2101732f0cc0144f0a4d0ecc313655a\",\"name\":\"admin\",\"image\":{\"@type\":\"ImageObject\",\"inLanguage\":\"it-IT\",\"@id\":\"https:\\\/\\\/secure.gravatar.com\\\/avatar\\\/f06887496a5753f3caca573646570e603d16e07cbd1553492c2c65009e6014ca?s=96&d=mm&r=g\",\"url\":\"https:\\\/\\\/secure.gravatar.com\\\/avatar\\\/f06887496a5753f3caca573646570e603d16e07cbd1553492c2c65009e6014ca?s=96&d=mm&r=g\",\"contentUrl\":\"https:\\\/\\\/secure.gravatar.com\\\/avatar\\\/f06887496a5753f3caca573646570e603d16e07cbd1553492c2c65009e6014ca?s=96&d=mm&r=g\",\"caption\":\"admin\"},\"sameAs\":[\"http:\\\/\\\/www.libriparlanti.org\"],\"url\":\"https:\\\/\\\/www.libriparlanti.org\\\/index.php\\\/author\\\/admin\\\/\"}]}<\/script>\n<!-- \/ Yoast SEO plugin. -->","yoast_head_json":{"title":"Christian Efrem IORI presenta Una battaglia lunga una vita Ed.Midgard","description":"Christian Efrem IORI presenta in diretta sulla pagina Facebook e sul canale YouTube di Libri Parlanti UNA BATTAGLIA LUNGA UNA VITA Edito da Midgard . Chris, il protagonista del romanzo, vive una vita assolutamente normale con la fidanzata Moira. Improvvisamente questa normalit\u00e0 viene sconvolta dalla malattia. Chris si ritrova ricoverato in ospedale e la diagnosi lo colpisce come un pugno: Sclerosi Multipla.","robots":{"index":"index","follow":"follow","max-snippet":"max-snippet:-1","max-image-preview":"max-image-preview:large","max-video-preview":"max-video-preview:-1"},"canonical":"https:\/\/www.libriparlanti.org\/index.php\/2021\/05\/venerdi-21-maggio-ore-19-00-christian-efrem-iori-presenta-una-battaglia-lunga-una-vita-ed-midgard\/","og_locale":"it_IT","og_type":"article","og_title":"Christian Efrem IORI presenta Una battaglia lunga una vita Ed.Midgard","og_description":"Christian Efrem IORI presenta in diretta sulla pagina Facebook e sul canale YouTube di Libri Parlanti UNA BATTAGLIA LUNGA UNA VITA Edito da Midgard . Chris, il protagonista del romanzo, vive una vita assolutamente normale con la fidanzata Moira. Improvvisamente questa normalit\u00e0 viene sconvolta dalla malattia. Chris si ritrova ricoverato in ospedale e la diagnosi lo colpisce come un pugno: Sclerosi Multipla.","og_url":"https:\/\/www.libriparlanti.org\/index.php\/2021\/05\/venerdi-21-maggio-ore-19-00-christian-efrem-iori-presenta-una-battaglia-lunga-una-vita-ed-midgard\/","og_site_name":"Libreria Libri parlanti","article_publisher":"https:\/\/www.facebook.com\/LibriParlanti","article_published_time":"2021-05-21T17:00:00+00:00","article_modified_time":"2021-05-24T16:44:53+00:00","og_image":[{"width":600,"height":861,"url":"https:\/\/www.libriparlanti.org\/wp-content\/uploads\/2021\/05\/fae39301081c6becff5e2330d3a0406e.jpg","type":"image\/jpeg"}],"author":"admin","twitter_card":"summary_large_image","twitter_misc":{"Scritto da":"admin","Tempo di lettura stimato":"1 minuto"},"schema":{"@context":"https:\/\/schema.org","@graph":[{"@type":"Article","@id":"https:\/\/www.libriparlanti.org\/index.php\/2021\/05\/venerdi-21-maggio-ore-19-00-christian-efrem-iori-presenta-una-battaglia-lunga-una-vita-ed-midgard\/#article","isPartOf":{"@id":"https:\/\/www.libriparlanti.org\/index.php\/2021\/05\/venerdi-21-maggio-ore-19-00-christian-efrem-iori-presenta-una-battaglia-lunga-una-vita-ed-midgard\/"},"author":{"name":"admin","@id":"https:\/\/www.libriparlanti.org\/#\/schema\/person\/a2101732f0cc0144f0a4d0ecc313655a"},"headline":"Venerd\u00ec 21 maggio ore 19.00 Christian Efrem IORI presenta Una battaglia lunga una vita Ed.Midgard","datePublished":"2021-05-21T17:00:00+00:00","dateModified":"2021-05-24T16:44:53+00:00","mainEntityOfPage":{"@id":"https:\/\/www.libriparlanti.org\/index.php\/2021\/05\/venerdi-21-maggio-ore-19-00-christian-efrem-iori-presenta-una-battaglia-lunga-una-vita-ed-midgard\/"},"wordCount":141,"commentCount":0,"image":{"@id":"https:\/\/www.libriparlanti.org\/index.php\/2021\/05\/venerdi-21-maggio-ore-19-00-christian-efrem-iori-presenta-una-battaglia-lunga-una-vita-ed-midgard\/#primaryimage"},"thumbnailUrl":"https:\/\/www.libriparlanti.org\/wp-content\/uploads\/2021\/05\/fae39301081c6becff5e2330d3a0406e.jpg","articleSection":["eventi"],"inLanguage":"it-IT","potentialAction":[{"@type":"CommentAction","name":"Comment","target":["https:\/\/www.libriparlanti.org\/index.php\/2021\/05\/venerdi-21-maggio-ore-19-00-christian-efrem-iori-presenta-una-battaglia-lunga-una-vita-ed-midgard\/#respond"]}]},{"@type":"WebPage","@id":"https:\/\/www.libriparlanti.org\/index.php\/2021\/05\/venerdi-21-maggio-ore-19-00-christian-efrem-iori-presenta-una-battaglia-lunga-una-vita-ed-midgard\/","url":"https:\/\/www.libriparlanti.org\/index.php\/2021\/05\/venerdi-21-maggio-ore-19-00-christian-efrem-iori-presenta-una-battaglia-lunga-una-vita-ed-midgard\/","name":"Christian Efrem IORI presenta Una battaglia lunga una vita Ed.Midgard","isPartOf":{"@id":"https:\/\/www.libriparlanti.org\/#website"},"primaryImageOfPage":{"@id":"https:\/\/www.libriparlanti.org\/index.php\/2021\/05\/venerdi-21-maggio-ore-19-00-christian-efrem-iori-presenta-una-battaglia-lunga-una-vita-ed-midgard\/#primaryimage"},"image":{"@id":"https:\/\/www.libriparlanti.org\/index.php\/2021\/05\/venerdi-21-maggio-ore-19-00-christian-efrem-iori-presenta-una-battaglia-lunga-una-vita-ed-midgard\/#primaryimage"},"thumbnailUrl":"https:\/\/www.libriparlanti.org\/wp-content\/uploads\/2021\/05\/fae39301081c6becff5e2330d3a0406e.jpg","datePublished":"2021-05-21T17:00:00+00:00","dateModified":"2021-05-24T16:44:53+00:00","author":{"@id":"https:\/\/www.libriparlanti.org\/#\/schema\/person\/a2101732f0cc0144f0a4d0ecc313655a"},"description":"Christian Efrem IORI presenta in diretta sulla pagina Facebook e sul canale YouTube di Libri Parlanti UNA BATTAGLIA LUNGA UNA VITA Edito da Midgard . Chris, il protagonista del romanzo, vive una vita assolutamente normale con la fidanzata Moira. Improvvisamente questa normalit\u00e0 viene sconvolta dalla malattia. Chris si ritrova ricoverato in ospedale e la diagnosi lo colpisce come un pugno: Sclerosi Multipla.","breadcrumb":{"@id":"https:\/\/www.libriparlanti.org\/index.php\/2021\/05\/venerdi-21-maggio-ore-19-00-christian-efrem-iori-presenta-una-battaglia-lunga-una-vita-ed-midgard\/#breadcrumb"},"inLanguage":"it-IT","potentialAction":[{"@type":"ReadAction","target":["https:\/\/www.libriparlanti.org\/index.php\/2021\/05\/venerdi-21-maggio-ore-19-00-christian-efrem-iori-presenta-una-battaglia-lunga-una-vita-ed-midgard\/"]}]},{"@type":"ImageObject","inLanguage":"it-IT","@id":"https:\/\/www.libriparlanti.org\/index.php\/2021\/05\/venerdi-21-maggio-ore-19-00-christian-efrem-iori-presenta-una-battaglia-lunga-una-vita-ed-midgard\/#primaryimage","url":"https:\/\/www.libriparlanti.org\/wp-content\/uploads\/2021\/05\/fae39301081c6becff5e2330d3a0406e.jpg","contentUrl":"https:\/\/www.libriparlanti.org\/wp-content\/uploads\/2021\/05\/fae39301081c6becff5e2330d3a0406e.jpg","width":600,"height":861},{"@type":"BreadcrumbList","@id":"https:\/\/www.libriparlanti.org\/index.php\/2021\/05\/venerdi-21-maggio-ore-19-00-christian-efrem-iori-presenta-una-battaglia-lunga-una-vita-ed-midgard\/#breadcrumb","itemListElement":[{"@type":"ListItem","position":1,"name":"Home","item":"https:\/\/www.libriparlanti.org\/"},{"@type":"ListItem","position":2,"name":"Venerd\u00ec 21 maggio ore 19.00 Christian Efrem IORI presenta Una battaglia lunga una vita Ed.Midgard"}]},{"@type":"WebSite","@id":"https:\/\/www.libriparlanti.org\/#website","url":"https:\/\/www.libriparlanti.org\/","name":"Libreria Libri parlanti","description":"Libreria in Castiglione del Lago (Pg)","potentialAction":[{"@type":"SearchAction","target":{"@type":"EntryPoint","urlTemplate":"https:\/\/www.libriparlanti.org\/?s={search_term_string}"},"query-input":{"@type":"PropertyValueSpecification","valueRequired":true,"valueName":"search_term_string"}}],"inLanguage":"it-IT"},{"@type":"Person","@id":"https:\/\/www.libriparlanti.org\/#\/schema\/person\/a2101732f0cc0144f0a4d0ecc313655a","name":"admin","image":{"@type":"ImageObject","inLanguage":"it-IT","@id":"https:\/\/secure.gravatar.com\/avatar\/f06887496a5753f3caca573646570e603d16e07cbd1553492c2c65009e6014ca?s=96&d=mm&r=g","url":"https:\/\/secure.gravatar.com\/avatar\/f06887496a5753f3caca573646570e603d16e07cbd1553492c2c65009e6014ca?s=96&d=mm&r=g","contentUrl":"https:\/\/secure.gravatar.com\/avatar\/f06887496a5753f3caca573646570e603d16e07cbd1553492c2c65009e6014ca?s=96&d=mm&r=g","caption":"admin"},"sameAs":["http:\/\/www.libriparlanti.org"],"url":"https:\/\/www.libriparlanti.org\/index.php\/author\/admin\/"}]}},"_links":{"self":[{"href":"https:\/\/www.libriparlanti.org\/index.php\/wp-json\/wp\/v2\/posts\/15812","targetHints":{"allow":["GET"]}}],"collection":[{"href":"https:\/\/www.libriparlanti.org\/index.php\/wp-json\/wp\/v2\/posts"}],"about":[{"href":"https:\/\/www.libriparlanti.org\/index.php\/wp-json\/wp\/v2\/types\/post"}],"author":[{"embeddable":true,"href":"https:\/\/www.libriparlanti.org\/index.php\/wp-json\/wp\/v2\/users\/1"}],"replies":[{"embeddable":true,"href":"https:\/\/www.libriparlanti.org\/index.php\/wp-json\/wp\/v2\/comments?post=15812"}],"version-history":[{"count":1,"href":"https:\/\/www.libriparlanti.org\/index.php\/wp-json\/wp\/v2\/posts\/15812\/revisions"}],"predecessor-version":[{"id":15814,"href":"https:\/\/www.libriparlanti.org\/index.php\/wp-json\/wp\/v2\/posts\/15812\/revisions\/15814"}],"wp:featuredmedia":[{"embeddable":true,"href":"https:\/\/www.libriparlanti.org\/index.php\/wp-json\/wp\/v2\/media\/15813"}],"wp:attachment":[{"href":"https:\/\/www.libriparlanti.org\/index.php\/wp-json\/wp\/v2\/media?parent=15812"}],"wp:term":[{"taxonomy":"category","embeddable":true,"href":"https:\/\/www.libriparlanti.org\/index.php\/wp-json\/wp\/v2\/categories?post=15812"},{"taxonomy":"post_tag","embeddable":true,"href":"https:\/\/www.libriparlanti.org\/index.php\/wp-json\/wp\/v2\/tags?post=15812"}],"curies":[{"name":"wp","href":"https:\/\/api.w.org\/{rel}","templated":true}]}}