{"id":15250,"date":"2021-04-24T19:00:00","date_gmt":"2021-04-24T17:00:00","guid":{"rendered":"https:\/\/www.libriparlanti.org\/?p=15250"},"modified":"2021-04-25T22:16:54","modified_gmt":"2021-04-25T20:16:54","slug":"sabato-24-aprile-ore-19-00-accadde-al-tramonto-di-marco-pareti","status":"publish","type":"post","link":"https:\/\/www.libriparlanti.org\/index.php\/2021\/04\/sabato-24-aprile-ore-19-00-accadde-al-tramonto-di-marco-pareti\/","title":{"rendered":"Sabato 24 aprile ore 19.00 Accadde al tramonto di Marco Pareti"},"content":{"rendered":"\n<figure class=\"wp-block-image size-large\"><img loading=\"lazy\" decoding=\"async\" width=\"1024\" height=\"577\" src=\"https:\/\/www.libriparlanti.org\/wp-content\/uploads\/2021\/04\/Dante-24-1024x577.png\" alt=\"\" class=\"wp-image-15271\" srcset=\"https:\/\/www.libriparlanti.org\/wp-content\/uploads\/2021\/04\/Dante-24-1024x577.png 1024w, https:\/\/www.libriparlanti.org\/wp-content\/uploads\/2021\/04\/Dante-24-600x338.png 600w, https:\/\/www.libriparlanti.org\/wp-content\/uploads\/2021\/04\/Dante-24-300x169.png 300w, https:\/\/www.libriparlanti.org\/wp-content\/uploads\/2021\/04\/Dante-24-768x433.png 768w, https:\/\/www.libriparlanti.org\/wp-content\/uploads\/2021\/04\/Dante-24-1536x865.png 1536w, https:\/\/www.libriparlanti.org\/wp-content\/uploads\/2021\/04\/Dante-24.png 1640w\" sizes=\"(max-width: 1024px) 100vw, 1024px\" \/><\/figure>\n\n\n\n<p><a href=\"http:\/\/www.libriparlanti.org\">Libri Parlanti<\/a> ospita \u00abAccadde al tramonto\u00bb, presentazione online del romanzo giallo di Marco Pareti, edito da <a href=\"http:\/\/www.corebook.net\">Corebook<\/a>, 2021 e illustrato da Carla Medici.<br><\/p>\n\n\n\n<p>Intervengono, insieme all&#8217;Autore<br>Sonia Bagnetti, editore CoreBook<br>Carla Medici, illustratrice<br>Francesca Caproni, direttrice del GAL Trasimeno-Orvietano<br>Andrea Baffoni, critico d&#8217;arte<br>Andrea Sacco, Vicesindaco del Comune di Castiglione del Lago<\/p>\n\n\n\n<p><\/p>\n\n\n\n<p>\u2192 diretta nella pagina Facebook Libri Parlanti<br>\ud83d\udcda Un romanzo giallo, o per meglio dire un docu-crime, dove, insieme ai colpi di scena, si alternano pillole culturali e artistiche sui luoghi in cui la storia \u00e8 ambientata.<br>\ud83d\udcdd Sono citati alcuni capolavori d\u2019arte pittorica locali, luoghi storici e paesaggistici, con note a corredo e con la possibilit\u00e0 di approfondimento tramite QR Code, che conducono il lettore alla scoperta delle localit\u00e0 citate nella trama.<br>\ud83d\udc40 Nel testo \u00e8 utilizzato un font ad alta leggibilit\u00e0, che facilita la lettura delle persone con difficolt\u00e0 di apprendimento [D.S.A. Disturbi Specifici dell&#8217;Apprendimento] e chi ha lievi difficolt\u00e0 visive.<br>Info<br>Libri Parlanti Via G.Carducci,7 &#8211; Castiglione del Lago (PG)<br>tel. 075951822<br>email: libriparlanti.booksandcoffee@gmail.com<\/p>\n","protected":false},"excerpt":{"rendered":"<p>Libri Parlanti ospita \u00abAccadde al tramonto\u00bb, presentazione online del romanzo giallo di Marco Pareti, edito da Corebook, 2021 e illustrato da Carla Medici. Intervengono, insieme all&#8217;AutoreSonia Bagnetti, editore CoreBookCarla Medici, illustratriceFrancesca Caproni, direttrice del GAL Trasimeno-OrvietanoAndrea Baffoni, critico d&#8217;arteAndrea Sacco, Vicesindaco del Comune di Castiglione del Lago \u2192 diretta nella pagina Facebook Libri Parlanti\ud83d\udcda Un [&hellip;]<\/p>\n","protected":false},"author":1,"featured_media":15253,"comment_status":"open","ping_status":"open","sticky":false,"template":"","format":"standard","meta":{"_et_pb_use_builder":"","_et_pb_old_content":"","_et_gb_content_width":"","_joinchat":[],"footnotes":""},"categories":[3],"tags":[],"class_list":["post-15250","post","type-post","status-publish","format-standard","has-post-thumbnail","hentry","category-eventi"],"yoast_head":"<!-- This site is optimized with the Yoast SEO plugin v27.4 - https:\/\/yoast.com\/product\/yoast-seo-wordpress\/ -->\n<title>Accadde al tramonto di Marco Pareti<\/title>\n<meta name=\"description\" content=\"Libri Parlanti ospita \u00abAccadde al tramonto\u00bb, presentazione online del romanzo giallo di Marco Pareti, edito da Corebook, 2021\" \/>\n<meta name=\"robots\" content=\"index, follow, max-snippet:-1, max-image-preview:large, max-video-preview:-1\" \/>\n<link rel=\"canonical\" href=\"https:\/\/www.libriparlanti.org\/index.php\/2021\/04\/sabato-24-aprile-ore-19-00-accadde-al-tramonto-di-marco-pareti\/\" \/>\n<meta property=\"og:locale\" content=\"it_IT\" \/>\n<meta property=\"og:type\" content=\"article\" \/>\n<meta property=\"og:title\" content=\"Accadde al tramonto di Marco Pareti\" \/>\n<meta property=\"og:description\" content=\"Libri Parlanti ospita \u00abAccadde al tramonto\u00bb, presentazione online del romanzo giallo di Marco Pareti, edito da Corebook, 2021\" \/>\n<meta property=\"og:url\" content=\"https:\/\/www.libriparlanti.org\/index.php\/2021\/04\/sabato-24-aprile-ore-19-00-accadde-al-tramonto-di-marco-pareti\/\" \/>\n<meta property=\"og:site_name\" content=\"Libreria Libri parlanti\" \/>\n<meta property=\"article:publisher\" content=\"https:\/\/www.facebook.com\/LibriParlanti\" \/>\n<meta property=\"article:published_time\" content=\"2021-04-24T17:00:00+00:00\" \/>\n<meta property=\"article:modified_time\" content=\"2021-04-25T20:16:54+00:00\" \/>\n<meta property=\"og:image\" content=\"https:\/\/www.libriparlanti.org\/wp-content\/uploads\/2021\/04\/9788899085445.jpg\" \/>\n\t<meta property=\"og:image:width\" content=\"236\" \/>\n\t<meta property=\"og:image:height\" content=\"340\" \/>\n\t<meta property=\"og:image:type\" content=\"image\/jpeg\" \/>\n<meta name=\"author\" content=\"admin\" \/>\n<meta name=\"twitter:card\" content=\"summary_large_image\" \/>\n<meta name=\"twitter:label1\" content=\"Scritto da\" \/>\n\t<meta name=\"twitter:data1\" content=\"admin\" \/>\n\t<meta name=\"twitter:label2\" content=\"Tempo di lettura stimato\" \/>\n\t<meta name=\"twitter:data2\" content=\"1 minuto\" \/>\n<script type=\"application\/ld+json\" class=\"yoast-schema-graph\">{\"@context\":\"https:\\\/\\\/schema.org\",\"@graph\":[{\"@type\":\"Article\",\"@id\":\"https:\\\/\\\/www.libriparlanti.org\\\/index.php\\\/2021\\\/04\\\/sabato-24-aprile-ore-19-00-accadde-al-tramonto-di-marco-pareti\\\/#article\",\"isPartOf\":{\"@id\":\"https:\\\/\\\/www.libriparlanti.org\\\/index.php\\\/2021\\\/04\\\/sabato-24-aprile-ore-19-00-accadde-al-tramonto-di-marco-pareti\\\/\"},\"author\":{\"name\":\"admin\",\"@id\":\"https:\\\/\\\/www.libriparlanti.org\\\/#\\\/schema\\\/person\\\/a2101732f0cc0144f0a4d0ecc313655a\"},\"headline\":\"Sabato 24 aprile ore 19.00 Accadde al tramonto di Marco Pareti\",\"datePublished\":\"2021-04-24T17:00:00+00:00\",\"dateModified\":\"2021-04-25T20:16:54+00:00\",\"mainEntityOfPage\":{\"@id\":\"https:\\\/\\\/www.libriparlanti.org\\\/index.php\\\/2021\\\/04\\\/sabato-24-aprile-ore-19-00-accadde-al-tramonto-di-marco-pareti\\\/\"},\"wordCount\":171,\"commentCount\":0,\"image\":{\"@id\":\"https:\\\/\\\/www.libriparlanti.org\\\/index.php\\\/2021\\\/04\\\/sabato-24-aprile-ore-19-00-accadde-al-tramonto-di-marco-pareti\\\/#primaryimage\"},\"thumbnailUrl\":\"https:\\\/\\\/www.libriparlanti.org\\\/wp-content\\\/uploads\\\/2021\\\/04\\\/9788899085445.jpg\",\"articleSection\":[\"eventi\"],\"inLanguage\":\"it-IT\",\"potentialAction\":[{\"@type\":\"CommentAction\",\"name\":\"Comment\",\"target\":[\"https:\\\/\\\/www.libriparlanti.org\\\/index.php\\\/2021\\\/04\\\/sabato-24-aprile-ore-19-00-accadde-al-tramonto-di-marco-pareti\\\/#respond\"]}]},{\"@type\":\"WebPage\",\"@id\":\"https:\\\/\\\/www.libriparlanti.org\\\/index.php\\\/2021\\\/04\\\/sabato-24-aprile-ore-19-00-accadde-al-tramonto-di-marco-pareti\\\/\",\"url\":\"https:\\\/\\\/www.libriparlanti.org\\\/index.php\\\/2021\\\/04\\\/sabato-24-aprile-ore-19-00-accadde-al-tramonto-di-marco-pareti\\\/\",\"name\":\"Accadde al tramonto di Marco Pareti\",\"isPartOf\":{\"@id\":\"https:\\\/\\\/www.libriparlanti.org\\\/#website\"},\"primaryImageOfPage\":{\"@id\":\"https:\\\/\\\/www.libriparlanti.org\\\/index.php\\\/2021\\\/04\\\/sabato-24-aprile-ore-19-00-accadde-al-tramonto-di-marco-pareti\\\/#primaryimage\"},\"image\":{\"@id\":\"https:\\\/\\\/www.libriparlanti.org\\\/index.php\\\/2021\\\/04\\\/sabato-24-aprile-ore-19-00-accadde-al-tramonto-di-marco-pareti\\\/#primaryimage\"},\"thumbnailUrl\":\"https:\\\/\\\/www.libriparlanti.org\\\/wp-content\\\/uploads\\\/2021\\\/04\\\/9788899085445.jpg\",\"datePublished\":\"2021-04-24T17:00:00+00:00\",\"dateModified\":\"2021-04-25T20:16:54+00:00\",\"author\":{\"@id\":\"https:\\\/\\\/www.libriparlanti.org\\\/#\\\/schema\\\/person\\\/a2101732f0cc0144f0a4d0ecc313655a\"},\"description\":\"Libri Parlanti ospita \u00abAccadde al tramonto\u00bb, presentazione online del romanzo giallo di Marco Pareti, edito da Corebook, 2021\",\"breadcrumb\":{\"@id\":\"https:\\\/\\\/www.libriparlanti.org\\\/index.php\\\/2021\\\/04\\\/sabato-24-aprile-ore-19-00-accadde-al-tramonto-di-marco-pareti\\\/#breadcrumb\"},\"inLanguage\":\"it-IT\",\"potentialAction\":[{\"@type\":\"ReadAction\",\"target\":[\"https:\\\/\\\/www.libriparlanti.org\\\/index.php\\\/2021\\\/04\\\/sabato-24-aprile-ore-19-00-accadde-al-tramonto-di-marco-pareti\\\/\"]}]},{\"@type\":\"ImageObject\",\"inLanguage\":\"it-IT\",\"@id\":\"https:\\\/\\\/www.libriparlanti.org\\\/index.php\\\/2021\\\/04\\\/sabato-24-aprile-ore-19-00-accadde-al-tramonto-di-marco-pareti\\\/#primaryimage\",\"url\":\"https:\\\/\\\/www.libriparlanti.org\\\/wp-content\\\/uploads\\\/2021\\\/04\\\/9788899085445.jpg\",\"contentUrl\":\"https:\\\/\\\/www.libriparlanti.org\\\/wp-content\\\/uploads\\\/2021\\\/04\\\/9788899085445.jpg\",\"width\":236,\"height\":340},{\"@type\":\"BreadcrumbList\",\"@id\":\"https:\\\/\\\/www.libriparlanti.org\\\/index.php\\\/2021\\\/04\\\/sabato-24-aprile-ore-19-00-accadde-al-tramonto-di-marco-pareti\\\/#breadcrumb\",\"itemListElement\":[{\"@type\":\"ListItem\",\"position\":1,\"name\":\"Home\",\"item\":\"https:\\\/\\\/www.libriparlanti.org\\\/\"},{\"@type\":\"ListItem\",\"position\":2,\"name\":\"Sabato 24 aprile ore 19.00 Accadde al tramonto di Marco Pareti\"}]},{\"@type\":\"WebSite\",\"@id\":\"https:\\\/\\\/www.libriparlanti.org\\\/#website\",\"url\":\"https:\\\/\\\/www.libriparlanti.org\\\/\",\"name\":\"Libreria Libri parlanti\",\"description\":\"Libreria in Castiglione del Lago (Pg)\",\"potentialAction\":[{\"@type\":\"SearchAction\",\"target\":{\"@type\":\"EntryPoint\",\"urlTemplate\":\"https:\\\/\\\/www.libriparlanti.org\\\/?s={search_term_string}\"},\"query-input\":{\"@type\":\"PropertyValueSpecification\",\"valueRequired\":true,\"valueName\":\"search_term_string\"}}],\"inLanguage\":\"it-IT\"},{\"@type\":\"Person\",\"@id\":\"https:\\\/\\\/www.libriparlanti.org\\\/#\\\/schema\\\/person\\\/a2101732f0cc0144f0a4d0ecc313655a\",\"name\":\"admin\",\"image\":{\"@type\":\"ImageObject\",\"inLanguage\":\"it-IT\",\"@id\":\"https:\\\/\\\/secure.gravatar.com\\\/avatar\\\/f06887496a5753f3caca573646570e603d16e07cbd1553492c2c65009e6014ca?s=96&d=mm&r=g\",\"url\":\"https:\\\/\\\/secure.gravatar.com\\\/avatar\\\/f06887496a5753f3caca573646570e603d16e07cbd1553492c2c65009e6014ca?s=96&d=mm&r=g\",\"contentUrl\":\"https:\\\/\\\/secure.gravatar.com\\\/avatar\\\/f06887496a5753f3caca573646570e603d16e07cbd1553492c2c65009e6014ca?s=96&d=mm&r=g\",\"caption\":\"admin\"},\"sameAs\":[\"http:\\\/\\\/www.libriparlanti.org\"],\"url\":\"https:\\\/\\\/www.libriparlanti.org\\\/index.php\\\/author\\\/admin\\\/\"}]}<\/script>\n<!-- \/ Yoast SEO plugin. -->","yoast_head_json":{"title":"Accadde al tramonto di Marco Pareti","description":"Libri Parlanti ospita \u00abAccadde al tramonto\u00bb, presentazione online del romanzo giallo di Marco Pareti, edito da Corebook, 2021","robots":{"index":"index","follow":"follow","max-snippet":"max-snippet:-1","max-image-preview":"max-image-preview:large","max-video-preview":"max-video-preview:-1"},"canonical":"https:\/\/www.libriparlanti.org\/index.php\/2021\/04\/sabato-24-aprile-ore-19-00-accadde-al-tramonto-di-marco-pareti\/","og_locale":"it_IT","og_type":"article","og_title":"Accadde al tramonto di Marco Pareti","og_description":"Libri Parlanti ospita \u00abAccadde al tramonto\u00bb, presentazione online del romanzo giallo di Marco Pareti, edito da Corebook, 2021","og_url":"https:\/\/www.libriparlanti.org\/index.php\/2021\/04\/sabato-24-aprile-ore-19-00-accadde-al-tramonto-di-marco-pareti\/","og_site_name":"Libreria Libri parlanti","article_publisher":"https:\/\/www.facebook.com\/LibriParlanti","article_published_time":"2021-04-24T17:00:00+00:00","article_modified_time":"2021-04-25T20:16:54+00:00","og_image":[{"width":236,"height":340,"url":"https:\/\/www.libriparlanti.org\/wp-content\/uploads\/2021\/04\/9788899085445.jpg","type":"image\/jpeg"}],"author":"admin","twitter_card":"summary_large_image","twitter_misc":{"Scritto da":"admin","Tempo di lettura stimato":"1 minuto"},"schema":{"@context":"https:\/\/schema.org","@graph":[{"@type":"Article","@id":"https:\/\/www.libriparlanti.org\/index.php\/2021\/04\/sabato-24-aprile-ore-19-00-accadde-al-tramonto-di-marco-pareti\/#article","isPartOf":{"@id":"https:\/\/www.libriparlanti.org\/index.php\/2021\/04\/sabato-24-aprile-ore-19-00-accadde-al-tramonto-di-marco-pareti\/"},"author":{"name":"admin","@id":"https:\/\/www.libriparlanti.org\/#\/schema\/person\/a2101732f0cc0144f0a4d0ecc313655a"},"headline":"Sabato 24 aprile ore 19.00 Accadde al tramonto di Marco Pareti","datePublished":"2021-04-24T17:00:00+00:00","dateModified":"2021-04-25T20:16:54+00:00","mainEntityOfPage":{"@id":"https:\/\/www.libriparlanti.org\/index.php\/2021\/04\/sabato-24-aprile-ore-19-00-accadde-al-tramonto-di-marco-pareti\/"},"wordCount":171,"commentCount":0,"image":{"@id":"https:\/\/www.libriparlanti.org\/index.php\/2021\/04\/sabato-24-aprile-ore-19-00-accadde-al-tramonto-di-marco-pareti\/#primaryimage"},"thumbnailUrl":"https:\/\/www.libriparlanti.org\/wp-content\/uploads\/2021\/04\/9788899085445.jpg","articleSection":["eventi"],"inLanguage":"it-IT","potentialAction":[{"@type":"CommentAction","name":"Comment","target":["https:\/\/www.libriparlanti.org\/index.php\/2021\/04\/sabato-24-aprile-ore-19-00-accadde-al-tramonto-di-marco-pareti\/#respond"]}]},{"@type":"WebPage","@id":"https:\/\/www.libriparlanti.org\/index.php\/2021\/04\/sabato-24-aprile-ore-19-00-accadde-al-tramonto-di-marco-pareti\/","url":"https:\/\/www.libriparlanti.org\/index.php\/2021\/04\/sabato-24-aprile-ore-19-00-accadde-al-tramonto-di-marco-pareti\/","name":"Accadde al tramonto di Marco Pareti","isPartOf":{"@id":"https:\/\/www.libriparlanti.org\/#website"},"primaryImageOfPage":{"@id":"https:\/\/www.libriparlanti.org\/index.php\/2021\/04\/sabato-24-aprile-ore-19-00-accadde-al-tramonto-di-marco-pareti\/#primaryimage"},"image":{"@id":"https:\/\/www.libriparlanti.org\/index.php\/2021\/04\/sabato-24-aprile-ore-19-00-accadde-al-tramonto-di-marco-pareti\/#primaryimage"},"thumbnailUrl":"https:\/\/www.libriparlanti.org\/wp-content\/uploads\/2021\/04\/9788899085445.jpg","datePublished":"2021-04-24T17:00:00+00:00","dateModified":"2021-04-25T20:16:54+00:00","author":{"@id":"https:\/\/www.libriparlanti.org\/#\/schema\/person\/a2101732f0cc0144f0a4d0ecc313655a"},"description":"Libri Parlanti ospita \u00abAccadde al tramonto\u00bb, presentazione online del romanzo giallo di Marco Pareti, edito da Corebook, 2021","breadcrumb":{"@id":"https:\/\/www.libriparlanti.org\/index.php\/2021\/04\/sabato-24-aprile-ore-19-00-accadde-al-tramonto-di-marco-pareti\/#breadcrumb"},"inLanguage":"it-IT","potentialAction":[{"@type":"ReadAction","target":["https:\/\/www.libriparlanti.org\/index.php\/2021\/04\/sabato-24-aprile-ore-19-00-accadde-al-tramonto-di-marco-pareti\/"]}]},{"@type":"ImageObject","inLanguage":"it-IT","@id":"https:\/\/www.libriparlanti.org\/index.php\/2021\/04\/sabato-24-aprile-ore-19-00-accadde-al-tramonto-di-marco-pareti\/#primaryimage","url":"https:\/\/www.libriparlanti.org\/wp-content\/uploads\/2021\/04\/9788899085445.jpg","contentUrl":"https:\/\/www.libriparlanti.org\/wp-content\/uploads\/2021\/04\/9788899085445.jpg","width":236,"height":340},{"@type":"BreadcrumbList","@id":"https:\/\/www.libriparlanti.org\/index.php\/2021\/04\/sabato-24-aprile-ore-19-00-accadde-al-tramonto-di-marco-pareti\/#breadcrumb","itemListElement":[{"@type":"ListItem","position":1,"name":"Home","item":"https:\/\/www.libriparlanti.org\/"},{"@type":"ListItem","position":2,"name":"Sabato 24 aprile ore 19.00 Accadde al tramonto di Marco Pareti"}]},{"@type":"WebSite","@id":"https:\/\/www.libriparlanti.org\/#website","url":"https:\/\/www.libriparlanti.org\/","name":"Libreria Libri parlanti","description":"Libreria in Castiglione del Lago (Pg)","potentialAction":[{"@type":"SearchAction","target":{"@type":"EntryPoint","urlTemplate":"https:\/\/www.libriparlanti.org\/?s={search_term_string}"},"query-input":{"@type":"PropertyValueSpecification","valueRequired":true,"valueName":"search_term_string"}}],"inLanguage":"it-IT"},{"@type":"Person","@id":"https:\/\/www.libriparlanti.org\/#\/schema\/person\/a2101732f0cc0144f0a4d0ecc313655a","name":"admin","image":{"@type":"ImageObject","inLanguage":"it-IT","@id":"https:\/\/secure.gravatar.com\/avatar\/f06887496a5753f3caca573646570e603d16e07cbd1553492c2c65009e6014ca?s=96&d=mm&r=g","url":"https:\/\/secure.gravatar.com\/avatar\/f06887496a5753f3caca573646570e603d16e07cbd1553492c2c65009e6014ca?s=96&d=mm&r=g","contentUrl":"https:\/\/secure.gravatar.com\/avatar\/f06887496a5753f3caca573646570e603d16e07cbd1553492c2c65009e6014ca?s=96&d=mm&r=g","caption":"admin"},"sameAs":["http:\/\/www.libriparlanti.org"],"url":"https:\/\/www.libriparlanti.org\/index.php\/author\/admin\/"}]}},"_links":{"self":[{"href":"https:\/\/www.libriparlanti.org\/index.php\/wp-json\/wp\/v2\/posts\/15250","targetHints":{"allow":["GET"]}}],"collection":[{"href":"https:\/\/www.libriparlanti.org\/index.php\/wp-json\/wp\/v2\/posts"}],"about":[{"href":"https:\/\/www.libriparlanti.org\/index.php\/wp-json\/wp\/v2\/types\/post"}],"author":[{"embeddable":true,"href":"https:\/\/www.libriparlanti.org\/index.php\/wp-json\/wp\/v2\/users\/1"}],"replies":[{"embeddable":true,"href":"https:\/\/www.libriparlanti.org\/index.php\/wp-json\/wp\/v2\/comments?post=15250"}],"version-history":[{"count":8,"href":"https:\/\/www.libriparlanti.org\/index.php\/wp-json\/wp\/v2\/posts\/15250\/revisions"}],"predecessor-version":[{"id":15273,"href":"https:\/\/www.libriparlanti.org\/index.php\/wp-json\/wp\/v2\/posts\/15250\/revisions\/15273"}],"wp:featuredmedia":[{"embeddable":true,"href":"https:\/\/www.libriparlanti.org\/index.php\/wp-json\/wp\/v2\/media\/15253"}],"wp:attachment":[{"href":"https:\/\/www.libriparlanti.org\/index.php\/wp-json\/wp\/v2\/media?parent=15250"}],"wp:term":[{"taxonomy":"category","embeddable":true,"href":"https:\/\/www.libriparlanti.org\/index.php\/wp-json\/wp\/v2\/categories?post=15250"},{"taxonomy":"post_tag","embeddable":true,"href":"https:\/\/www.libriparlanti.org\/index.php\/wp-json\/wp\/v2\/tags?post=15250"}],"curies":[{"name":"wp","href":"https:\/\/api.w.org\/{rel}","templated":true}]}}