{"id":14441,"date":"2021-03-29T19:00:00","date_gmt":"2021-03-29T17:00:00","guid":{"rendered":"https:\/\/www.libriparlanti.org\/?p=14441"},"modified":"2021-03-30T19:09:26","modified_gmt":"2021-03-30T17:09:26","slug":"un-libro-biancaneve-nel-novecento","status":"publish","type":"post","link":"https:\/\/www.libriparlanti.org\/index.php\/2021\/03\/un-libro-biancaneve-nel-novecento\/","title":{"rendered":"Un Libro: Biancaneve nel Novecento"},"content":{"rendered":"\n<figure class=\"wp-block-image size-large\"><img loading=\"lazy\" decoding=\"async\" width=\"1024\" height=\"536\" src=\"https:\/\/www.libriparlanti.org\/wp-content\/uploads\/2021\/03\/164812693_259847835477766_8723521076554837771_n-1024x536.jpg\" alt=\"\" class=\"wp-image-14442\" srcset=\"https:\/\/www.libriparlanti.org\/wp-content\/uploads\/2021\/03\/164812693_259847835477766_8723521076554837771_n-1024x536.jpg 1024w, https:\/\/www.libriparlanti.org\/wp-content\/uploads\/2021\/03\/164812693_259847835477766_8723521076554837771_n-600x314.jpg 600w, https:\/\/www.libriparlanti.org\/wp-content\/uploads\/2021\/03\/164812693_259847835477766_8723521076554837771_n-300x157.jpg 300w, https:\/\/www.libriparlanti.org\/wp-content\/uploads\/2021\/03\/164812693_259847835477766_8723521076554837771_n-768x402.jpg 768w, https:\/\/www.libriparlanti.org\/wp-content\/uploads\/2021\/03\/164812693_259847835477766_8723521076554837771_n.jpg 1360w\" sizes=\"(max-width: 1024px) 100vw, 1024px\" \/><\/figure>\n\n\n\n<p>Luned\u00ec 29 marzo alle ore 19.00 in diretta streaming sulla pagina Facebook e sul canale YouTube di <a href=\"http:\/\/www.libriparlanti.org\">Libri Parlanti<\/a> Maril\u00f9 Oliva presenta Biancaneve nel Novecento <a href=\"http:\/\/www.solferinolibri.it\">Edizioni Solferino<\/a> <\/p>\n\n\n\n<p>Giovanni \u00e8 un uomo affascinante, generoso e fallito. Candi \u00e8 una donna bellissima che esagera con il turpiloquio, con l&#8217;alcol e con l&#8217;amore. E Bianca? \u00c8 la loro unica figlia, che cresce nel disordinato appartamento della periferia bolognese, respirando un&#8217;aria densa di conflitti e di un&#8217;inspiegabile ostilit\u00e0 materna. <\/p>\n\n\n\n<p>Fin da piccola si rifugia nelle fiabe, dove le madri sono matrigne ma le bambine, alla fine, nel bosco riescono a salvarsi. Poi, negli anni, la strana linea di frattura che la divide da Candi diventa il filo teso su un abisso sempre pronto a inghiottirla. <\/p>\n\n\n\n<p>Bianca attraversa cos\u00ec i suoi primi vent&#8217;anni: la scuola e gli amori, la tragedia che pone fine alla sua infanzia e le passioni, tra cui quella per i libri, che la salveranno nell&#8217;adolescenza.<\/p>\n\n\n\n<p> Negli anni Novanta, infatti, l&#8217;eroina arriva in citt\u00e0 come un flagello e Bianca sfiora l&#8217;autodistruzione: mentre sua madre si avvelena con l&#8217;alcol, lei presta orecchio al richiamo della droga. <\/p>\n\n\n\n<p>Perch\u00e9, diverse sotto ogni aspetto, si somigliano solo nel disagio sottile con cui affrontano il mondo? <\/p>\n\n\n\n<p> Con una penna vibrante, intinta nella storia del Novecento e affilata da una profonda sensibilit\u00e0 per le umane lacerazioni e debolezze, Maril\u00f9 Oliva disegna una vicenda incalzante che \u00e8 anche una riflessione su quello che le famiglie non dicono, sulle ferite non rimarginate che si riaprono, implacabili, attraverso le generazioni. Un romanzo che d\u00e0 voce al rimosso di un secolo.<\/p>\n","protected":false},"excerpt":{"rendered":"<p>Luned\u00ec 29 marzo alle ore 19.00 in diretta streaming sulla pagina Facebook e sul canale YouTube di Libri Parlanti Maril\u00f9 Oliva presenta Biancaneve nel Novecento Edizioni Solferino Giovanni \u00e8 un uomo affascinante, generoso e fallito. Candi \u00e8 una donna bellissima che esagera con il turpiloquio, con l&#8217;alcol e con l&#8217;amore. E Bianca? \u00c8 la loro [&hellip;]<\/p>\n","protected":false},"author":1,"featured_media":14443,"comment_status":"open","ping_status":"open","sticky":false,"template":"","format":"standard","meta":{"_et_pb_use_builder":"","_et_pb_old_content":"","_et_gb_content_width":"","_joinchat":[],"footnotes":""},"categories":[3],"tags":[1987,1986],"class_list":["post-14441","post","type-post","status-publish","format-standard","has-post-thumbnail","hentry","category-eventi","tag-marilu-oliva","tag-solferino-editore"],"yoast_head":"<!-- This site is optimized with the Yoast SEO plugin v27.5 - https:\/\/yoast.com\/product\/yoast-seo-wordpress\/ -->\n<title>Un Libro: Biancaneve nel Novecento di Maril\u00f9 Oliva<\/title>\n<meta name=\"description\" content=\"Luned\u00ec 29 marzo alle ore 19.00 in diretta streaming sulla pagina Facebook e sul canale YouTube di Libri Parlanti Maril\u00f9 Oliva presenta Un libro: Biancaneve nel Novecento Edizioni Solferino\" \/>\n<meta name=\"robots\" content=\"index, follow, max-snippet:-1, max-image-preview:large, max-video-preview:-1\" \/>\n<link rel=\"canonical\" href=\"https:\/\/www.libriparlanti.org\/index.php\/2021\/03\/un-libro-biancaneve-nel-novecento\/\" \/>\n<meta property=\"og:locale\" content=\"it_IT\" \/>\n<meta property=\"og:type\" content=\"article\" \/>\n<meta property=\"og:title\" content=\"Un Libro: Biancaneve nel Novecento di Maril\u00f9 Oliva\" \/>\n<meta property=\"og:description\" content=\"Luned\u00ec 29 marzo alle ore 19.00 in diretta streaming sulla pagina Facebook e sul canale YouTube di Libri Parlanti Maril\u00f9 Oliva presenta Un libro: Biancaneve nel Novecento Edizioni Solferino\" \/>\n<meta property=\"og:url\" content=\"https:\/\/www.libriparlanti.org\/index.php\/2021\/03\/un-libro-biancaneve-nel-novecento\/\" \/>\n<meta property=\"og:site_name\" content=\"Libreria Libri parlanti\" \/>\n<meta property=\"article:publisher\" content=\"https:\/\/www.facebook.com\/LibriParlanti\" \/>\n<meta property=\"article:published_time\" content=\"2021-03-29T17:00:00+00:00\" \/>\n<meta property=\"article:modified_time\" content=\"2021-03-30T17:09:26+00:00\" \/>\n<meta property=\"og:image\" content=\"https:\/\/www.libriparlanti.org\/wp-content\/uploads\/2021\/03\/Cattura-2-350x551-1.jpg\" \/>\n\t<meta property=\"og:image:width\" content=\"350\" \/>\n\t<meta property=\"og:image:height\" content=\"551\" \/>\n\t<meta property=\"og:image:type\" content=\"image\/jpeg\" \/>\n<meta name=\"author\" content=\"admin\" \/>\n<meta name=\"twitter:card\" content=\"summary_large_image\" \/>\n<meta name=\"twitter:label1\" content=\"Scritto da\" \/>\n\t<meta name=\"twitter:data1\" content=\"admin\" \/>\n\t<meta name=\"twitter:label2\" content=\"Tempo di lettura stimato\" \/>\n\t<meta name=\"twitter:data2\" content=\"1 minuto\" \/>\n<script type=\"application\/ld+json\" class=\"yoast-schema-graph\">{\"@context\":\"https:\\\/\\\/schema.org\",\"@graph\":[{\"@type\":\"Article\",\"@id\":\"https:\\\/\\\/www.libriparlanti.org\\\/index.php\\\/2021\\\/03\\\/un-libro-biancaneve-nel-novecento\\\/#article\",\"isPartOf\":{\"@id\":\"https:\\\/\\\/www.libriparlanti.org\\\/index.php\\\/2021\\\/03\\\/un-libro-biancaneve-nel-novecento\\\/\"},\"author\":{\"name\":\"admin\",\"@id\":\"https:\\\/\\\/www.libriparlanti.org\\\/#\\\/schema\\\/person\\\/a2101732f0cc0144f0a4d0ecc313655a\"},\"headline\":\"Un Libro: Biancaneve nel Novecento\",\"datePublished\":\"2021-03-29T17:00:00+00:00\",\"dateModified\":\"2021-03-30T17:09:26+00:00\",\"mainEntityOfPage\":{\"@id\":\"https:\\\/\\\/www.libriparlanti.org\\\/index.php\\\/2021\\\/03\\\/un-libro-biancaneve-nel-novecento\\\/\"},\"wordCount\":258,\"commentCount\":0,\"image\":{\"@id\":\"https:\\\/\\\/www.libriparlanti.org\\\/index.php\\\/2021\\\/03\\\/un-libro-biancaneve-nel-novecento\\\/#primaryimage\"},\"thumbnailUrl\":\"https:\\\/\\\/www.libriparlanti.org\\\/wp-content\\\/uploads\\\/2021\\\/03\\\/Cattura-2-350x551-1.jpg\",\"keywords\":[\"maril\u00f9 oliva\",\"solferino editore\"],\"articleSection\":[\"eventi\"],\"inLanguage\":\"it-IT\",\"potentialAction\":[{\"@type\":\"CommentAction\",\"name\":\"Comment\",\"target\":[\"https:\\\/\\\/www.libriparlanti.org\\\/index.php\\\/2021\\\/03\\\/un-libro-biancaneve-nel-novecento\\\/#respond\"]}]},{\"@type\":\"WebPage\",\"@id\":\"https:\\\/\\\/www.libriparlanti.org\\\/index.php\\\/2021\\\/03\\\/un-libro-biancaneve-nel-novecento\\\/\",\"url\":\"https:\\\/\\\/www.libriparlanti.org\\\/index.php\\\/2021\\\/03\\\/un-libro-biancaneve-nel-novecento\\\/\",\"name\":\"Un Libro: Biancaneve nel Novecento di Maril\u00f9 Oliva\",\"isPartOf\":{\"@id\":\"https:\\\/\\\/www.libriparlanti.org\\\/#website\"},\"primaryImageOfPage\":{\"@id\":\"https:\\\/\\\/www.libriparlanti.org\\\/index.php\\\/2021\\\/03\\\/un-libro-biancaneve-nel-novecento\\\/#primaryimage\"},\"image\":{\"@id\":\"https:\\\/\\\/www.libriparlanti.org\\\/index.php\\\/2021\\\/03\\\/un-libro-biancaneve-nel-novecento\\\/#primaryimage\"},\"thumbnailUrl\":\"https:\\\/\\\/www.libriparlanti.org\\\/wp-content\\\/uploads\\\/2021\\\/03\\\/Cattura-2-350x551-1.jpg\",\"datePublished\":\"2021-03-29T17:00:00+00:00\",\"dateModified\":\"2021-03-30T17:09:26+00:00\",\"author\":{\"@id\":\"https:\\\/\\\/www.libriparlanti.org\\\/#\\\/schema\\\/person\\\/a2101732f0cc0144f0a4d0ecc313655a\"},\"description\":\"Luned\u00ec 29 marzo alle ore 19.00 in diretta streaming sulla pagina Facebook e sul canale YouTube di Libri Parlanti Maril\u00f9 Oliva presenta Un libro: Biancaneve nel Novecento Edizioni Solferino\",\"breadcrumb\":{\"@id\":\"https:\\\/\\\/www.libriparlanti.org\\\/index.php\\\/2021\\\/03\\\/un-libro-biancaneve-nel-novecento\\\/#breadcrumb\"},\"inLanguage\":\"it-IT\",\"potentialAction\":[{\"@type\":\"ReadAction\",\"target\":[\"https:\\\/\\\/www.libriparlanti.org\\\/index.php\\\/2021\\\/03\\\/un-libro-biancaneve-nel-novecento\\\/\"]}]},{\"@type\":\"ImageObject\",\"inLanguage\":\"it-IT\",\"@id\":\"https:\\\/\\\/www.libriparlanti.org\\\/index.php\\\/2021\\\/03\\\/un-libro-biancaneve-nel-novecento\\\/#primaryimage\",\"url\":\"https:\\\/\\\/www.libriparlanti.org\\\/wp-content\\\/uploads\\\/2021\\\/03\\\/Cattura-2-350x551-1.jpg\",\"contentUrl\":\"https:\\\/\\\/www.libriparlanti.org\\\/wp-content\\\/uploads\\\/2021\\\/03\\\/Cattura-2-350x551-1.jpg\",\"width\":350,\"height\":551},{\"@type\":\"BreadcrumbList\",\"@id\":\"https:\\\/\\\/www.libriparlanti.org\\\/index.php\\\/2021\\\/03\\\/un-libro-biancaneve-nel-novecento\\\/#breadcrumb\",\"itemListElement\":[{\"@type\":\"ListItem\",\"position\":1,\"name\":\"Home\",\"item\":\"https:\\\/\\\/www.libriparlanti.org\\\/\"},{\"@type\":\"ListItem\",\"position\":2,\"name\":\"Un Libro: Biancaneve nel Novecento\"}]},{\"@type\":\"WebSite\",\"@id\":\"https:\\\/\\\/www.libriparlanti.org\\\/#website\",\"url\":\"https:\\\/\\\/www.libriparlanti.org\\\/\",\"name\":\"Libreria Libri parlanti\",\"description\":\"Libreria in Castiglione del Lago (Pg)\",\"potentialAction\":[{\"@type\":\"SearchAction\",\"target\":{\"@type\":\"EntryPoint\",\"urlTemplate\":\"https:\\\/\\\/www.libriparlanti.org\\\/?s={search_term_string}\"},\"query-input\":{\"@type\":\"PropertyValueSpecification\",\"valueRequired\":true,\"valueName\":\"search_term_string\"}}],\"inLanguage\":\"it-IT\"},{\"@type\":\"Person\",\"@id\":\"https:\\\/\\\/www.libriparlanti.org\\\/#\\\/schema\\\/person\\\/a2101732f0cc0144f0a4d0ecc313655a\",\"name\":\"admin\",\"image\":{\"@type\":\"ImageObject\",\"inLanguage\":\"it-IT\",\"@id\":\"https:\\\/\\\/secure.gravatar.com\\\/avatar\\\/f06887496a5753f3caca573646570e603d16e07cbd1553492c2c65009e6014ca?s=96&d=mm&r=g\",\"url\":\"https:\\\/\\\/secure.gravatar.com\\\/avatar\\\/f06887496a5753f3caca573646570e603d16e07cbd1553492c2c65009e6014ca?s=96&d=mm&r=g\",\"contentUrl\":\"https:\\\/\\\/secure.gravatar.com\\\/avatar\\\/f06887496a5753f3caca573646570e603d16e07cbd1553492c2c65009e6014ca?s=96&d=mm&r=g\",\"caption\":\"admin\"},\"sameAs\":[\"http:\\\/\\\/www.libriparlanti.org\"],\"url\":\"https:\\\/\\\/www.libriparlanti.org\\\/index.php\\\/author\\\/admin\\\/\"}]}<\/script>\n<!-- \/ Yoast SEO plugin. -->","yoast_head_json":{"title":"Un Libro: Biancaneve nel Novecento di Maril\u00f9 Oliva","description":"Luned\u00ec 29 marzo alle ore 19.00 in diretta streaming sulla pagina Facebook e sul canale YouTube di Libri Parlanti Maril\u00f9 Oliva presenta Un libro: Biancaneve nel Novecento Edizioni Solferino","robots":{"index":"index","follow":"follow","max-snippet":"max-snippet:-1","max-image-preview":"max-image-preview:large","max-video-preview":"max-video-preview:-1"},"canonical":"https:\/\/www.libriparlanti.org\/index.php\/2021\/03\/un-libro-biancaneve-nel-novecento\/","og_locale":"it_IT","og_type":"article","og_title":"Un Libro: Biancaneve nel Novecento di Maril\u00f9 Oliva","og_description":"Luned\u00ec 29 marzo alle ore 19.00 in diretta streaming sulla pagina Facebook e sul canale YouTube di Libri Parlanti Maril\u00f9 Oliva presenta Un libro: Biancaneve nel Novecento Edizioni Solferino","og_url":"https:\/\/www.libriparlanti.org\/index.php\/2021\/03\/un-libro-biancaneve-nel-novecento\/","og_site_name":"Libreria Libri parlanti","article_publisher":"https:\/\/www.facebook.com\/LibriParlanti","article_published_time":"2021-03-29T17:00:00+00:00","article_modified_time":"2021-03-30T17:09:26+00:00","og_image":[{"width":350,"height":551,"url":"https:\/\/www.libriparlanti.org\/wp-content\/uploads\/2021\/03\/Cattura-2-350x551-1.jpg","type":"image\/jpeg"}],"author":"admin","twitter_card":"summary_large_image","twitter_misc":{"Scritto da":"admin","Tempo di lettura stimato":"1 minuto"},"schema":{"@context":"https:\/\/schema.org","@graph":[{"@type":"Article","@id":"https:\/\/www.libriparlanti.org\/index.php\/2021\/03\/un-libro-biancaneve-nel-novecento\/#article","isPartOf":{"@id":"https:\/\/www.libriparlanti.org\/index.php\/2021\/03\/un-libro-biancaneve-nel-novecento\/"},"author":{"name":"admin","@id":"https:\/\/www.libriparlanti.org\/#\/schema\/person\/a2101732f0cc0144f0a4d0ecc313655a"},"headline":"Un Libro: Biancaneve nel Novecento","datePublished":"2021-03-29T17:00:00+00:00","dateModified":"2021-03-30T17:09:26+00:00","mainEntityOfPage":{"@id":"https:\/\/www.libriparlanti.org\/index.php\/2021\/03\/un-libro-biancaneve-nel-novecento\/"},"wordCount":258,"commentCount":0,"image":{"@id":"https:\/\/www.libriparlanti.org\/index.php\/2021\/03\/un-libro-biancaneve-nel-novecento\/#primaryimage"},"thumbnailUrl":"https:\/\/www.libriparlanti.org\/wp-content\/uploads\/2021\/03\/Cattura-2-350x551-1.jpg","keywords":["maril\u00f9 oliva","solferino editore"],"articleSection":["eventi"],"inLanguage":"it-IT","potentialAction":[{"@type":"CommentAction","name":"Comment","target":["https:\/\/www.libriparlanti.org\/index.php\/2021\/03\/un-libro-biancaneve-nel-novecento\/#respond"]}]},{"@type":"WebPage","@id":"https:\/\/www.libriparlanti.org\/index.php\/2021\/03\/un-libro-biancaneve-nel-novecento\/","url":"https:\/\/www.libriparlanti.org\/index.php\/2021\/03\/un-libro-biancaneve-nel-novecento\/","name":"Un Libro: Biancaneve nel Novecento di Maril\u00f9 Oliva","isPartOf":{"@id":"https:\/\/www.libriparlanti.org\/#website"},"primaryImageOfPage":{"@id":"https:\/\/www.libriparlanti.org\/index.php\/2021\/03\/un-libro-biancaneve-nel-novecento\/#primaryimage"},"image":{"@id":"https:\/\/www.libriparlanti.org\/index.php\/2021\/03\/un-libro-biancaneve-nel-novecento\/#primaryimage"},"thumbnailUrl":"https:\/\/www.libriparlanti.org\/wp-content\/uploads\/2021\/03\/Cattura-2-350x551-1.jpg","datePublished":"2021-03-29T17:00:00+00:00","dateModified":"2021-03-30T17:09:26+00:00","author":{"@id":"https:\/\/www.libriparlanti.org\/#\/schema\/person\/a2101732f0cc0144f0a4d0ecc313655a"},"description":"Luned\u00ec 29 marzo alle ore 19.00 in diretta streaming sulla pagina Facebook e sul canale YouTube di Libri Parlanti Maril\u00f9 Oliva presenta Un libro: Biancaneve nel Novecento Edizioni Solferino","breadcrumb":{"@id":"https:\/\/www.libriparlanti.org\/index.php\/2021\/03\/un-libro-biancaneve-nel-novecento\/#breadcrumb"},"inLanguage":"it-IT","potentialAction":[{"@type":"ReadAction","target":["https:\/\/www.libriparlanti.org\/index.php\/2021\/03\/un-libro-biancaneve-nel-novecento\/"]}]},{"@type":"ImageObject","inLanguage":"it-IT","@id":"https:\/\/www.libriparlanti.org\/index.php\/2021\/03\/un-libro-biancaneve-nel-novecento\/#primaryimage","url":"https:\/\/www.libriparlanti.org\/wp-content\/uploads\/2021\/03\/Cattura-2-350x551-1.jpg","contentUrl":"https:\/\/www.libriparlanti.org\/wp-content\/uploads\/2021\/03\/Cattura-2-350x551-1.jpg","width":350,"height":551},{"@type":"BreadcrumbList","@id":"https:\/\/www.libriparlanti.org\/index.php\/2021\/03\/un-libro-biancaneve-nel-novecento\/#breadcrumb","itemListElement":[{"@type":"ListItem","position":1,"name":"Home","item":"https:\/\/www.libriparlanti.org\/"},{"@type":"ListItem","position":2,"name":"Un Libro: Biancaneve nel Novecento"}]},{"@type":"WebSite","@id":"https:\/\/www.libriparlanti.org\/#website","url":"https:\/\/www.libriparlanti.org\/","name":"Libreria Libri parlanti","description":"Libreria in Castiglione del Lago (Pg)","potentialAction":[{"@type":"SearchAction","target":{"@type":"EntryPoint","urlTemplate":"https:\/\/www.libriparlanti.org\/?s={search_term_string}"},"query-input":{"@type":"PropertyValueSpecification","valueRequired":true,"valueName":"search_term_string"}}],"inLanguage":"it-IT"},{"@type":"Person","@id":"https:\/\/www.libriparlanti.org\/#\/schema\/person\/a2101732f0cc0144f0a4d0ecc313655a","name":"admin","image":{"@type":"ImageObject","inLanguage":"it-IT","@id":"https:\/\/secure.gravatar.com\/avatar\/f06887496a5753f3caca573646570e603d16e07cbd1553492c2c65009e6014ca?s=96&d=mm&r=g","url":"https:\/\/secure.gravatar.com\/avatar\/f06887496a5753f3caca573646570e603d16e07cbd1553492c2c65009e6014ca?s=96&d=mm&r=g","contentUrl":"https:\/\/secure.gravatar.com\/avatar\/f06887496a5753f3caca573646570e603d16e07cbd1553492c2c65009e6014ca?s=96&d=mm&r=g","caption":"admin"},"sameAs":["http:\/\/www.libriparlanti.org"],"url":"https:\/\/www.libriparlanti.org\/index.php\/author\/admin\/"}]}},"_links":{"self":[{"href":"https:\/\/www.libriparlanti.org\/index.php\/wp-json\/wp\/v2\/posts\/14441","targetHints":{"allow":["GET"]}}],"collection":[{"href":"https:\/\/www.libriparlanti.org\/index.php\/wp-json\/wp\/v2\/posts"}],"about":[{"href":"https:\/\/www.libriparlanti.org\/index.php\/wp-json\/wp\/v2\/types\/post"}],"author":[{"embeddable":true,"href":"https:\/\/www.libriparlanti.org\/index.php\/wp-json\/wp\/v2\/users\/1"}],"replies":[{"embeddable":true,"href":"https:\/\/www.libriparlanti.org\/index.php\/wp-json\/wp\/v2\/comments?post=14441"}],"version-history":[{"count":1,"href":"https:\/\/www.libriparlanti.org\/index.php\/wp-json\/wp\/v2\/posts\/14441\/revisions"}],"predecessor-version":[{"id":14444,"href":"https:\/\/www.libriparlanti.org\/index.php\/wp-json\/wp\/v2\/posts\/14441\/revisions\/14444"}],"wp:featuredmedia":[{"embeddable":true,"href":"https:\/\/www.libriparlanti.org\/index.php\/wp-json\/wp\/v2\/media\/14443"}],"wp:attachment":[{"href":"https:\/\/www.libriparlanti.org\/index.php\/wp-json\/wp\/v2\/media?parent=14441"}],"wp:term":[{"taxonomy":"category","embeddable":true,"href":"https:\/\/www.libriparlanti.org\/index.php\/wp-json\/wp\/v2\/categories?post=14441"},{"taxonomy":"post_tag","embeddable":true,"href":"https:\/\/www.libriparlanti.org\/index.php\/wp-json\/wp\/v2\/tags?post=14441"}],"curies":[{"name":"wp","href":"https:\/\/api.w.org\/{rel}","templated":true}]}}