{"id":13910,"date":"2021-03-23T18:00:00","date_gmt":"2021-03-23T16:00:00","guid":{"rendered":"https:\/\/www.libriparlanti.org\/?p=13910"},"modified":"2021-03-23T18:54:08","modified_gmt":"2021-03-23T16:54:08","slug":"un-libro-lucignolo","status":"publish","type":"post","link":"https:\/\/www.libriparlanti.org\/index.php\/2021\/03\/un-libro-lucignolo\/","title":{"rendered":"Un Libro:Lucignolo-RINVIATO"},"content":{"rendered":"\n<figure class=\"wp-block-image size-large is-resized\"><img loading=\"lazy\" decoding=\"async\" src=\"https:\/\/www.libriparlanti.org\/wp-content\/uploads\/2021\/03\/RINV-1.jpg\" alt=\"\" class=\"wp-image-13987\" width=\"298\" height=\"391\"\/><\/figure>\n\n\n\n<p><\/p>\n\n\n\n<p>In diretta streaming dalla pagina Facebook di <a href=\"http:\/\/www.libriparlanti.org\">Libri Parlanti<\/a> con Rosario Esposito La Rossa presentiamo Un Libro: Lucignolo pubblicato da <a href=\"http:\/\/www.edizioniel.com\">Einaudi Ragazzi<\/a><\/p>\n\n\n\n<p>Il nuovo libro illustrato di Rosario Esposito La Rossa e Vincenzo del Vecchio \u00e8 un omaggio al bambino \u201cantieroe\u201d della celebre favola di Carlo Collodi: piccolo bullo nel \u201cPaese dei Balocchi\u201d di Scampia.<\/p>\n\n\n\n<p>Al centro della storia c\u2019\u00e8 Lucignolo, il pi\u00f9 svogliato e birichino degli amici del personaggio inventato da Collodi: giovane diavolo tentatore, \u00e8 lui che persuade l\u2019amico figlio di Geppetto, convincendolo a partire insieme per il Paese dei Balocchi.<\/p>\n\n\n\n<p>Espulso dalla scuola dopo aver preso a botte un compagno, Lucignolo si aggira da solo per il quartiere napoletano, cedendo alle tentazioni di due loschi criminali, il gatto e la volpe. A differenza di quella del suo pi\u00f9 fortunato compagno di legno, la coscienza del ragazzo ha per\u00f2 le sembianze di un pidocchio, e non ci sono padri a cercarlo. Lucignolo \u00e8 un asino, un bullo per necessit\u00e0, lasciato solo da un sistema che lo vuole abbandonato al suo destino alle pendici del Vesuvio\u2026 \u201cMa le matite spezzate colorano ancora, e certe volte gli asini si trasformano in ciucci volanti\u201c. Un racconto per adulti e per bambini, capace di incantare e far pensare.<\/p>\n\n\n\n<p><\/p>\n","protected":false},"excerpt":{"rendered":"<p>In diretta streaming dalla pagina Facebook di Libri Parlanti con Rosario Esposito La Rossa presentiamo Un Libro: Lucignolo pubblicato da Einaudi Ragazzi Il nuovo libro illustrato di Rosario Esposito La Rossa e Vincenzo del Vecchio \u00e8 un omaggio al bambino \u201cantieroe\u201d della celebre favola di Carlo Collodi: piccolo bullo nel \u201cPaese dei Balocchi\u201d di Scampia. [&hellip;]<\/p>\n","protected":false},"author":1,"featured_media":13986,"comment_status":"open","ping_status":"open","sticky":false,"template":"","format":"standard","meta":{"_et_pb_use_builder":"","_et_pb_old_content":"","_et_gb_content_width":"","_joinchat":[],"footnotes":""},"categories":[3],"tags":[1947,1981,1945],"class_list":["post-13910","post","type-post","status-publish","format-standard","has-post-thumbnail","hentry","category-eventi","tag-einaudi-ragazzi","tag-la-scugnizzeria","tag-rosario-esposito-la-rossa"],"yoast_head":"<!-- This site is optimized with the Yoast SEO plugin v27.5 - https:\/\/yoast.com\/product\/yoast-seo-wordpress\/ -->\n<title>Un Libro: Lucignolo edito da Einaudi Ragazzi<\/title>\n<meta name=\"description\" content=\"Marted\u00ec 23 marzo ore 18 in diretta streaming dalla pagina Facebook di Libri Parlanti con Rosario Esposito La Rossa presentiamo Un Libro: Lucignolo edito da Einaudi Ragazzi\" \/>\n<meta name=\"robots\" content=\"index, follow, max-snippet:-1, max-image-preview:large, max-video-preview:-1\" \/>\n<link rel=\"canonical\" href=\"https:\/\/www.libriparlanti.org\/index.php\/2021\/03\/un-libro-lucignolo\/\" \/>\n<meta property=\"og:locale\" content=\"it_IT\" \/>\n<meta property=\"og:type\" content=\"article\" \/>\n<meta property=\"og:title\" content=\"Un Libro: Lucignolo edito da Einaudi Ragazzi\" \/>\n<meta property=\"og:description\" content=\"Marted\u00ec 23 marzo ore 18 in diretta streaming dalla pagina Facebook di Libri Parlanti con Rosario Esposito La Rossa presentiamo Un Libro: Lucignolo edito da Einaudi Ragazzi\" \/>\n<meta property=\"og:url\" content=\"https:\/\/www.libriparlanti.org\/index.php\/2021\/03\/un-libro-lucignolo\/\" \/>\n<meta property=\"og:site_name\" content=\"Libreria Libri parlanti\" \/>\n<meta property=\"article:publisher\" content=\"https:\/\/www.facebook.com\/LibriParlanti\" \/>\n<meta property=\"article:published_time\" content=\"2021-03-23T16:00:00+00:00\" \/>\n<meta property=\"article:modified_time\" content=\"2021-03-23T16:54:08+00:00\" \/>\n<meta property=\"og:image\" content=\"https:\/\/www.libriparlanti.org\/wp-content\/uploads\/2021\/03\/RINV.jpg\" \/>\n\t<meta property=\"og:image:width\" content=\"221\" \/>\n\t<meta property=\"og:image:height\" content=\"290\" \/>\n\t<meta property=\"og:image:type\" content=\"image\/jpeg\" \/>\n<meta name=\"author\" content=\"admin\" \/>\n<meta name=\"twitter:card\" content=\"summary_large_image\" \/>\n<meta name=\"twitter:label1\" content=\"Scritto da\" \/>\n\t<meta name=\"twitter:data1\" content=\"admin\" \/>\n\t<meta name=\"twitter:label2\" content=\"Tempo di lettura stimato\" \/>\n\t<meta name=\"twitter:data2\" content=\"1 minuto\" \/>\n<script type=\"application\/ld+json\" class=\"yoast-schema-graph\">{\"@context\":\"https:\\\/\\\/schema.org\",\"@graph\":[{\"@type\":\"Article\",\"@id\":\"https:\\\/\\\/www.libriparlanti.org\\\/index.php\\\/2021\\\/03\\\/un-libro-lucignolo\\\/#article\",\"isPartOf\":{\"@id\":\"https:\\\/\\\/www.libriparlanti.org\\\/index.php\\\/2021\\\/03\\\/un-libro-lucignolo\\\/\"},\"author\":{\"name\":\"admin\",\"@id\":\"https:\\\/\\\/www.libriparlanti.org\\\/#\\\/schema\\\/person\\\/a2101732f0cc0144f0a4d0ecc313655a\"},\"headline\":\"Un Libro:Lucignolo-RINVIATO\",\"datePublished\":\"2021-03-23T16:00:00+00:00\",\"dateModified\":\"2021-03-23T16:54:08+00:00\",\"mainEntityOfPage\":{\"@id\":\"https:\\\/\\\/www.libriparlanti.org\\\/index.php\\\/2021\\\/03\\\/un-libro-lucignolo\\\/\"},\"wordCount\":207,\"commentCount\":0,\"image\":{\"@id\":\"https:\\\/\\\/www.libriparlanti.org\\\/index.php\\\/2021\\\/03\\\/un-libro-lucignolo\\\/#primaryimage\"},\"thumbnailUrl\":\"https:\\\/\\\/www.libriparlanti.org\\\/wp-content\\\/uploads\\\/2021\\\/03\\\/RINV.jpg\",\"keywords\":[\"einaudi ragazzi\",\"la scugnizzeria\",\"rosario esposito la rossa\"],\"articleSection\":[\"eventi\"],\"inLanguage\":\"it-IT\",\"potentialAction\":[{\"@type\":\"CommentAction\",\"name\":\"Comment\",\"target\":[\"https:\\\/\\\/www.libriparlanti.org\\\/index.php\\\/2021\\\/03\\\/un-libro-lucignolo\\\/#respond\"]}]},{\"@type\":\"WebPage\",\"@id\":\"https:\\\/\\\/www.libriparlanti.org\\\/index.php\\\/2021\\\/03\\\/un-libro-lucignolo\\\/\",\"url\":\"https:\\\/\\\/www.libriparlanti.org\\\/index.php\\\/2021\\\/03\\\/un-libro-lucignolo\\\/\",\"name\":\"Un Libro: Lucignolo edito da Einaudi Ragazzi\",\"isPartOf\":{\"@id\":\"https:\\\/\\\/www.libriparlanti.org\\\/#website\"},\"primaryImageOfPage\":{\"@id\":\"https:\\\/\\\/www.libriparlanti.org\\\/index.php\\\/2021\\\/03\\\/un-libro-lucignolo\\\/#primaryimage\"},\"image\":{\"@id\":\"https:\\\/\\\/www.libriparlanti.org\\\/index.php\\\/2021\\\/03\\\/un-libro-lucignolo\\\/#primaryimage\"},\"thumbnailUrl\":\"https:\\\/\\\/www.libriparlanti.org\\\/wp-content\\\/uploads\\\/2021\\\/03\\\/RINV.jpg\",\"datePublished\":\"2021-03-23T16:00:00+00:00\",\"dateModified\":\"2021-03-23T16:54:08+00:00\",\"author\":{\"@id\":\"https:\\\/\\\/www.libriparlanti.org\\\/#\\\/schema\\\/person\\\/a2101732f0cc0144f0a4d0ecc313655a\"},\"description\":\"Marted\u00ec 23 marzo ore 18 in diretta streaming dalla pagina Facebook di Libri Parlanti con Rosario Esposito La Rossa presentiamo Un Libro: Lucignolo edito da Einaudi Ragazzi\",\"breadcrumb\":{\"@id\":\"https:\\\/\\\/www.libriparlanti.org\\\/index.php\\\/2021\\\/03\\\/un-libro-lucignolo\\\/#breadcrumb\"},\"inLanguage\":\"it-IT\",\"potentialAction\":[{\"@type\":\"ReadAction\",\"target\":[\"https:\\\/\\\/www.libriparlanti.org\\\/index.php\\\/2021\\\/03\\\/un-libro-lucignolo\\\/\"]}]},{\"@type\":\"ImageObject\",\"inLanguage\":\"it-IT\",\"@id\":\"https:\\\/\\\/www.libriparlanti.org\\\/index.php\\\/2021\\\/03\\\/un-libro-lucignolo\\\/#primaryimage\",\"url\":\"https:\\\/\\\/www.libriparlanti.org\\\/wp-content\\\/uploads\\\/2021\\\/03\\\/RINV.jpg\",\"contentUrl\":\"https:\\\/\\\/www.libriparlanti.org\\\/wp-content\\\/uploads\\\/2021\\\/03\\\/RINV.jpg\",\"width\":221,\"height\":290},{\"@type\":\"BreadcrumbList\",\"@id\":\"https:\\\/\\\/www.libriparlanti.org\\\/index.php\\\/2021\\\/03\\\/un-libro-lucignolo\\\/#breadcrumb\",\"itemListElement\":[{\"@type\":\"ListItem\",\"position\":1,\"name\":\"Home\",\"item\":\"https:\\\/\\\/www.libriparlanti.org\\\/\"},{\"@type\":\"ListItem\",\"position\":2,\"name\":\"Un Libro:Lucignolo-RINVIATO\"}]},{\"@type\":\"WebSite\",\"@id\":\"https:\\\/\\\/www.libriparlanti.org\\\/#website\",\"url\":\"https:\\\/\\\/www.libriparlanti.org\\\/\",\"name\":\"Libreria Libri parlanti\",\"description\":\"Libreria in Castiglione del Lago (Pg)\",\"potentialAction\":[{\"@type\":\"SearchAction\",\"target\":{\"@type\":\"EntryPoint\",\"urlTemplate\":\"https:\\\/\\\/www.libriparlanti.org\\\/?s={search_term_string}\"},\"query-input\":{\"@type\":\"PropertyValueSpecification\",\"valueRequired\":true,\"valueName\":\"search_term_string\"}}],\"inLanguage\":\"it-IT\"},{\"@type\":\"Person\",\"@id\":\"https:\\\/\\\/www.libriparlanti.org\\\/#\\\/schema\\\/person\\\/a2101732f0cc0144f0a4d0ecc313655a\",\"name\":\"admin\",\"image\":{\"@type\":\"ImageObject\",\"inLanguage\":\"it-IT\",\"@id\":\"https:\\\/\\\/secure.gravatar.com\\\/avatar\\\/f06887496a5753f3caca573646570e603d16e07cbd1553492c2c65009e6014ca?s=96&d=mm&r=g\",\"url\":\"https:\\\/\\\/secure.gravatar.com\\\/avatar\\\/f06887496a5753f3caca573646570e603d16e07cbd1553492c2c65009e6014ca?s=96&d=mm&r=g\",\"contentUrl\":\"https:\\\/\\\/secure.gravatar.com\\\/avatar\\\/f06887496a5753f3caca573646570e603d16e07cbd1553492c2c65009e6014ca?s=96&d=mm&r=g\",\"caption\":\"admin\"},\"sameAs\":[\"http:\\\/\\\/www.libriparlanti.org\"],\"url\":\"https:\\\/\\\/www.libriparlanti.org\\\/index.php\\\/author\\\/admin\\\/\"}]}<\/script>\n<!-- \/ Yoast SEO plugin. -->","yoast_head_json":{"title":"Un Libro: Lucignolo edito da Einaudi Ragazzi","description":"Marted\u00ec 23 marzo ore 18 in diretta streaming dalla pagina Facebook di Libri Parlanti con Rosario Esposito La Rossa presentiamo Un Libro: Lucignolo edito da Einaudi Ragazzi","robots":{"index":"index","follow":"follow","max-snippet":"max-snippet:-1","max-image-preview":"max-image-preview:large","max-video-preview":"max-video-preview:-1"},"canonical":"https:\/\/www.libriparlanti.org\/index.php\/2021\/03\/un-libro-lucignolo\/","og_locale":"it_IT","og_type":"article","og_title":"Un Libro: Lucignolo edito da Einaudi Ragazzi","og_description":"Marted\u00ec 23 marzo ore 18 in diretta streaming dalla pagina Facebook di Libri Parlanti con Rosario Esposito La Rossa presentiamo Un Libro: Lucignolo edito da Einaudi Ragazzi","og_url":"https:\/\/www.libriparlanti.org\/index.php\/2021\/03\/un-libro-lucignolo\/","og_site_name":"Libreria Libri parlanti","article_publisher":"https:\/\/www.facebook.com\/LibriParlanti","article_published_time":"2021-03-23T16:00:00+00:00","article_modified_time":"2021-03-23T16:54:08+00:00","og_image":[{"width":221,"height":290,"url":"https:\/\/www.libriparlanti.org\/wp-content\/uploads\/2021\/03\/RINV.jpg","type":"image\/jpeg"}],"author":"admin","twitter_card":"summary_large_image","twitter_misc":{"Scritto da":"admin","Tempo di lettura stimato":"1 minuto"},"schema":{"@context":"https:\/\/schema.org","@graph":[{"@type":"Article","@id":"https:\/\/www.libriparlanti.org\/index.php\/2021\/03\/un-libro-lucignolo\/#article","isPartOf":{"@id":"https:\/\/www.libriparlanti.org\/index.php\/2021\/03\/un-libro-lucignolo\/"},"author":{"name":"admin","@id":"https:\/\/www.libriparlanti.org\/#\/schema\/person\/a2101732f0cc0144f0a4d0ecc313655a"},"headline":"Un Libro:Lucignolo-RINVIATO","datePublished":"2021-03-23T16:00:00+00:00","dateModified":"2021-03-23T16:54:08+00:00","mainEntityOfPage":{"@id":"https:\/\/www.libriparlanti.org\/index.php\/2021\/03\/un-libro-lucignolo\/"},"wordCount":207,"commentCount":0,"image":{"@id":"https:\/\/www.libriparlanti.org\/index.php\/2021\/03\/un-libro-lucignolo\/#primaryimage"},"thumbnailUrl":"https:\/\/www.libriparlanti.org\/wp-content\/uploads\/2021\/03\/RINV.jpg","keywords":["einaudi ragazzi","la scugnizzeria","rosario esposito la rossa"],"articleSection":["eventi"],"inLanguage":"it-IT","potentialAction":[{"@type":"CommentAction","name":"Comment","target":["https:\/\/www.libriparlanti.org\/index.php\/2021\/03\/un-libro-lucignolo\/#respond"]}]},{"@type":"WebPage","@id":"https:\/\/www.libriparlanti.org\/index.php\/2021\/03\/un-libro-lucignolo\/","url":"https:\/\/www.libriparlanti.org\/index.php\/2021\/03\/un-libro-lucignolo\/","name":"Un Libro: Lucignolo edito da Einaudi Ragazzi","isPartOf":{"@id":"https:\/\/www.libriparlanti.org\/#website"},"primaryImageOfPage":{"@id":"https:\/\/www.libriparlanti.org\/index.php\/2021\/03\/un-libro-lucignolo\/#primaryimage"},"image":{"@id":"https:\/\/www.libriparlanti.org\/index.php\/2021\/03\/un-libro-lucignolo\/#primaryimage"},"thumbnailUrl":"https:\/\/www.libriparlanti.org\/wp-content\/uploads\/2021\/03\/RINV.jpg","datePublished":"2021-03-23T16:00:00+00:00","dateModified":"2021-03-23T16:54:08+00:00","author":{"@id":"https:\/\/www.libriparlanti.org\/#\/schema\/person\/a2101732f0cc0144f0a4d0ecc313655a"},"description":"Marted\u00ec 23 marzo ore 18 in diretta streaming dalla pagina Facebook di Libri Parlanti con Rosario Esposito La Rossa presentiamo Un Libro: Lucignolo edito da Einaudi Ragazzi","breadcrumb":{"@id":"https:\/\/www.libriparlanti.org\/index.php\/2021\/03\/un-libro-lucignolo\/#breadcrumb"},"inLanguage":"it-IT","potentialAction":[{"@type":"ReadAction","target":["https:\/\/www.libriparlanti.org\/index.php\/2021\/03\/un-libro-lucignolo\/"]}]},{"@type":"ImageObject","inLanguage":"it-IT","@id":"https:\/\/www.libriparlanti.org\/index.php\/2021\/03\/un-libro-lucignolo\/#primaryimage","url":"https:\/\/www.libriparlanti.org\/wp-content\/uploads\/2021\/03\/RINV.jpg","contentUrl":"https:\/\/www.libriparlanti.org\/wp-content\/uploads\/2021\/03\/RINV.jpg","width":221,"height":290},{"@type":"BreadcrumbList","@id":"https:\/\/www.libriparlanti.org\/index.php\/2021\/03\/un-libro-lucignolo\/#breadcrumb","itemListElement":[{"@type":"ListItem","position":1,"name":"Home","item":"https:\/\/www.libriparlanti.org\/"},{"@type":"ListItem","position":2,"name":"Un Libro:Lucignolo-RINVIATO"}]},{"@type":"WebSite","@id":"https:\/\/www.libriparlanti.org\/#website","url":"https:\/\/www.libriparlanti.org\/","name":"Libreria Libri parlanti","description":"Libreria in Castiglione del Lago (Pg)","potentialAction":[{"@type":"SearchAction","target":{"@type":"EntryPoint","urlTemplate":"https:\/\/www.libriparlanti.org\/?s={search_term_string}"},"query-input":{"@type":"PropertyValueSpecification","valueRequired":true,"valueName":"search_term_string"}}],"inLanguage":"it-IT"},{"@type":"Person","@id":"https:\/\/www.libriparlanti.org\/#\/schema\/person\/a2101732f0cc0144f0a4d0ecc313655a","name":"admin","image":{"@type":"ImageObject","inLanguage":"it-IT","@id":"https:\/\/secure.gravatar.com\/avatar\/f06887496a5753f3caca573646570e603d16e07cbd1553492c2c65009e6014ca?s=96&d=mm&r=g","url":"https:\/\/secure.gravatar.com\/avatar\/f06887496a5753f3caca573646570e603d16e07cbd1553492c2c65009e6014ca?s=96&d=mm&r=g","contentUrl":"https:\/\/secure.gravatar.com\/avatar\/f06887496a5753f3caca573646570e603d16e07cbd1553492c2c65009e6014ca?s=96&d=mm&r=g","caption":"admin"},"sameAs":["http:\/\/www.libriparlanti.org"],"url":"https:\/\/www.libriparlanti.org\/index.php\/author\/admin\/"}]}},"_links":{"self":[{"href":"https:\/\/www.libriparlanti.org\/index.php\/wp-json\/wp\/v2\/posts\/13910","targetHints":{"allow":["GET"]}}],"collection":[{"href":"https:\/\/www.libriparlanti.org\/index.php\/wp-json\/wp\/v2\/posts"}],"about":[{"href":"https:\/\/www.libriparlanti.org\/index.php\/wp-json\/wp\/v2\/types\/post"}],"author":[{"embeddable":true,"href":"https:\/\/www.libriparlanti.org\/index.php\/wp-json\/wp\/v2\/users\/1"}],"replies":[{"embeddable":true,"href":"https:\/\/www.libriparlanti.org\/index.php\/wp-json\/wp\/v2\/comments?post=13910"}],"version-history":[{"count":3,"href":"https:\/\/www.libriparlanti.org\/index.php\/wp-json\/wp\/v2\/posts\/13910\/revisions"}],"predecessor-version":[{"id":13989,"href":"https:\/\/www.libriparlanti.org\/index.php\/wp-json\/wp\/v2\/posts\/13910\/revisions\/13989"}],"wp:featuredmedia":[{"embeddable":true,"href":"https:\/\/www.libriparlanti.org\/index.php\/wp-json\/wp\/v2\/media\/13986"}],"wp:attachment":[{"href":"https:\/\/www.libriparlanti.org\/index.php\/wp-json\/wp\/v2\/media?parent=13910"}],"wp:term":[{"taxonomy":"category","embeddable":true,"href":"https:\/\/www.libriparlanti.org\/index.php\/wp-json\/wp\/v2\/categories?post=13910"},{"taxonomy":"post_tag","embeddable":true,"href":"https:\/\/www.libriparlanti.org\/index.php\/wp-json\/wp\/v2\/tags?post=13910"}],"curies":[{"name":"wp","href":"https:\/\/api.w.org\/{rel}","templated":true}]}}