{"id":13746,"date":"2021-03-25T18:00:00","date_gmt":"2021-03-25T16:00:00","guid":{"rendered":"https:\/\/www.libriparlanti.org\/?p=13746"},"modified":"2021-03-27T16:45:47","modified_gmt":"2021-03-27T14:45:47","slug":"un-libro-danteide","status":"publish","type":"post","link":"https:\/\/www.libriparlanti.org\/index.php\/2021\/03\/un-libro-danteide\/","title":{"rendered":"Un Libro: Danteide"},"content":{"rendered":"\n<figure class=\"wp-block-image size-large\"><img loading=\"lazy\" decoding=\"async\" width=\"1024\" height=\"577\" src=\"https:\/\/www.libriparlanti.org\/wp-content\/uploads\/2021\/03\/159880335_3147302238706017_9133813301447432750_o-1024x577.jpg\" alt=\"\" class=\"wp-image-13747\" srcset=\"https:\/\/www.libriparlanti.org\/wp-content\/uploads\/2021\/03\/159880335_3147302238706017_9133813301447432750_o-1024x577.jpg 1024w, https:\/\/www.libriparlanti.org\/wp-content\/uploads\/2021\/03\/159880335_3147302238706017_9133813301447432750_o-600x338.jpg 600w, https:\/\/www.libriparlanti.org\/wp-content\/uploads\/2021\/03\/159880335_3147302238706017_9133813301447432750_o-300x169.jpg 300w, https:\/\/www.libriparlanti.org\/wp-content\/uploads\/2021\/03\/159880335_3147302238706017_9133813301447432750_o-768x433.jpg 768w, https:\/\/www.libriparlanti.org\/wp-content\/uploads\/2021\/03\/159880335_3147302238706017_9133813301447432750_o-1536x865.jpg 1536w, https:\/\/www.libriparlanti.org\/wp-content\/uploads\/2021\/03\/159880335_3147302238706017_9133813301447432750_o.jpg 1640w\" sizes=\"(max-width: 1024px) 100vw, 1024px\" \/><\/figure>\n\n\n\n<p>Gioved\u00ec 25 marzo ore 18 in diretta streaming sulle pagine di <a href=\"http:\/\/www.libriparlanti.org\">Libri Parlanti <\/a>e della Biblioteca Comunale di Castiglione del Lago, o sul canale YouTube di Libri Parlanti: Piero Trellini presenter\u00e0 Un libro: DANTEIDE edito da <a href=\"http:\/\/www.bompiani.it\">Bompiani<\/a>, coordina Luca Pipitone (Nuova Famiglia Pipitone).<\/p>\n\n\n\n<p>Sono le dieci del mattino del 27 maggio 1865. A Ravenna due manovali trovano per caso una cassetta di legno. Stanno per gettarla tra le macerie quando qualcuno nota sul coperchio una scritta: Dantis Ossa. La scoperta muove una citt\u00e0 intera, e un vortice di persone \u2013 assessori, periti, notai, medici e scienziati \u2013 inizia a ruotare attorno a una sola ossessione: la testa di Dante. Tutti vogliono sapere perch\u00e9 quel cranio si trovi l\u00ec, quale sia la sua storia e soprattutto il peso del suo cervello. <\/p>\n\n\n\n<p>Per conoscerne la grandezza in realt\u00e0 bastava vedere cosa avesse prodotto: la Commedia, il pi\u00f9 bel libro mai scritto dagli uomini. Dante lo aveva creato attingendo da ci\u00f2 che aveva vissuto, rubando saperi, storie e segreti, e lo aveva popolato di figure per lui familiari, quelle che avevano respirato la sua stessa aria: Paolo e Francesca, il conte Ugolino, Farinata, Cavalcanti, Guido da Montefeltro, Ezzelino e gli altri. Erano tutti legati. Eppure un mondo cos\u00ec piccolo era diventato una storia universale. Come Dante ci sia riuscito rimane un mistero. <\/p>\n\n\n\n<p>Per provare a svelarlo e a sfiorare un brandello di verit\u00e0 resta forse una sola possibilit\u00e0: evitare di guardare lui per guardare ci\u00f2 che guard\u00f2 lui. Prendere quindi gli uomini che attraversarono la sua iride per distribuirli in una storia. E tentare cos\u00ec di vivere, con i suoi occhi, le vite degli altri.<\/p>\n","protected":false},"excerpt":{"rendered":"<p>Gioved\u00ec 25 marzo ore 18 in diretta streaming sulle pagine di Libri Parlanti e della Biblioteca Comunale di Castiglione del Lago, o sul canale YouTube di Libri Parlanti: Piero Trellini presenter\u00e0 Un libro: DANTEIDE edito da Bompiani, coordina Luca Pipitone (Nuova Famiglia Pipitone). Sono le dieci del mattino del 27 maggio 1865. A Ravenna due [&hellip;]<\/p>\n","protected":false},"author":1,"featured_media":13748,"comment_status":"open","ping_status":"open","sticky":false,"template":"","format":"standard","meta":{"_et_pb_use_builder":"","_et_pb_old_content":"","_et_gb_content_width":"","_joinchat":[],"footnotes":""},"categories":[3],"tags":[],"class_list":["post-13746","post","type-post","status-publish","format-standard","has-post-thumbnail","hentry","category-eventi"],"yoast_head":"<!-- This site is optimized with the Yoast SEO plugin v27.5 - https:\/\/yoast.com\/product\/yoast-seo-wordpress\/ -->\n<title>Un libro: Danteide di Piero Trellini Edizioni Bompiani<\/title>\n<meta name=\"description\" content=\"Gioved\u00ec 25 marzo ore 18 in diretta sulle pagine Facebook di Libri Parlanti e della Biblioteca Comunale di Castiglione del Lago, Piero Trellini presenter\u00e0 un libro: DANTEIDE edito da Bompiani, coordina l&#039;incontro Luca Pipitone\" \/>\n<meta name=\"robots\" content=\"index, follow, max-snippet:-1, max-image-preview:large, max-video-preview:-1\" \/>\n<link rel=\"canonical\" href=\"https:\/\/www.libriparlanti.org\/index.php\/2021\/03\/un-libro-danteide\/\" \/>\n<meta property=\"og:locale\" content=\"it_IT\" \/>\n<meta property=\"og:type\" content=\"article\" \/>\n<meta property=\"og:title\" content=\"Un libro: Danteide di Piero Trellini Edizioni Bompiani\" \/>\n<meta property=\"og:description\" content=\"Gioved\u00ec 25 marzo ore 18 in diretta sulle pagine Facebook di Libri Parlanti e della Biblioteca Comunale di Castiglione del Lago, Piero Trellini presenter\u00e0 un libro: DANTEIDE edito da Bompiani, coordina l&#039;incontro Luca Pipitone\" \/>\n<meta property=\"og:url\" content=\"https:\/\/www.libriparlanti.org\/index.php\/2021\/03\/un-libro-danteide\/\" \/>\n<meta property=\"og:site_name\" content=\"Libreria Libri parlanti\" \/>\n<meta property=\"article:publisher\" content=\"https:\/\/www.facebook.com\/LibriParlanti\" \/>\n<meta property=\"article:published_time\" content=\"2021-03-25T16:00:00+00:00\" \/>\n<meta property=\"article:modified_time\" content=\"2021-03-27T14:45:47+00:00\" \/>\n<meta property=\"og:image\" content=\"https:\/\/www.libriparlanti.org\/wp-content\/uploads\/2021\/03\/9788830100350_0_221_0_75.jpg\" \/>\n\t<meta property=\"og:image:width\" content=\"221\" \/>\n\t<meta property=\"og:image:height\" content=\"309\" \/>\n\t<meta property=\"og:image:type\" content=\"image\/jpeg\" \/>\n<meta name=\"author\" content=\"admin\" \/>\n<meta name=\"twitter:card\" content=\"summary_large_image\" \/>\n<meta name=\"twitter:label1\" content=\"Scritto da\" \/>\n\t<meta name=\"twitter:data1\" content=\"admin\" \/>\n\t<meta name=\"twitter:label2\" content=\"Tempo di lettura stimato\" \/>\n\t<meta name=\"twitter:data2\" content=\"1 minuto\" \/>\n<script type=\"application\/ld+json\" class=\"yoast-schema-graph\">{\"@context\":\"https:\\\/\\\/schema.org\",\"@graph\":[{\"@type\":\"Article\",\"@id\":\"https:\\\/\\\/www.libriparlanti.org\\\/index.php\\\/2021\\\/03\\\/un-libro-danteide\\\/#article\",\"isPartOf\":{\"@id\":\"https:\\\/\\\/www.libriparlanti.org\\\/index.php\\\/2021\\\/03\\\/un-libro-danteide\\\/\"},\"author\":{\"name\":\"admin\",\"@id\":\"https:\\\/\\\/www.libriparlanti.org\\\/#\\\/schema\\\/person\\\/a2101732f0cc0144f0a4d0ecc313655a\"},\"headline\":\"Un Libro: Danteide\",\"datePublished\":\"2021-03-25T16:00:00+00:00\",\"dateModified\":\"2021-03-27T14:45:47+00:00\",\"mainEntityOfPage\":{\"@id\":\"https:\\\/\\\/www.libriparlanti.org\\\/index.php\\\/2021\\\/03\\\/un-libro-danteide\\\/\"},\"wordCount\":269,\"commentCount\":0,\"image\":{\"@id\":\"https:\\\/\\\/www.libriparlanti.org\\\/index.php\\\/2021\\\/03\\\/un-libro-danteide\\\/#primaryimage\"},\"thumbnailUrl\":\"https:\\\/\\\/www.libriparlanti.org\\\/wp-content\\\/uploads\\\/2021\\\/03\\\/9788830100350_0_221_0_75.jpg\",\"articleSection\":[\"eventi\"],\"inLanguage\":\"it-IT\",\"potentialAction\":[{\"@type\":\"CommentAction\",\"name\":\"Comment\",\"target\":[\"https:\\\/\\\/www.libriparlanti.org\\\/index.php\\\/2021\\\/03\\\/un-libro-danteide\\\/#respond\"]}]},{\"@type\":\"WebPage\",\"@id\":\"https:\\\/\\\/www.libriparlanti.org\\\/index.php\\\/2021\\\/03\\\/un-libro-danteide\\\/\",\"url\":\"https:\\\/\\\/www.libriparlanti.org\\\/index.php\\\/2021\\\/03\\\/un-libro-danteide\\\/\",\"name\":\"Un libro: Danteide di Piero Trellini Edizioni Bompiani\",\"isPartOf\":{\"@id\":\"https:\\\/\\\/www.libriparlanti.org\\\/#website\"},\"primaryImageOfPage\":{\"@id\":\"https:\\\/\\\/www.libriparlanti.org\\\/index.php\\\/2021\\\/03\\\/un-libro-danteide\\\/#primaryimage\"},\"image\":{\"@id\":\"https:\\\/\\\/www.libriparlanti.org\\\/index.php\\\/2021\\\/03\\\/un-libro-danteide\\\/#primaryimage\"},\"thumbnailUrl\":\"https:\\\/\\\/www.libriparlanti.org\\\/wp-content\\\/uploads\\\/2021\\\/03\\\/9788830100350_0_221_0_75.jpg\",\"datePublished\":\"2021-03-25T16:00:00+00:00\",\"dateModified\":\"2021-03-27T14:45:47+00:00\",\"author\":{\"@id\":\"https:\\\/\\\/www.libriparlanti.org\\\/#\\\/schema\\\/person\\\/a2101732f0cc0144f0a4d0ecc313655a\"},\"description\":\"Gioved\u00ec 25 marzo ore 18 in diretta sulle pagine Facebook di Libri Parlanti e della Biblioteca Comunale di Castiglione del Lago, Piero Trellini presenter\u00e0 un libro: DANTEIDE edito da Bompiani, coordina l'incontro Luca Pipitone\",\"breadcrumb\":{\"@id\":\"https:\\\/\\\/www.libriparlanti.org\\\/index.php\\\/2021\\\/03\\\/un-libro-danteide\\\/#breadcrumb\"},\"inLanguage\":\"it-IT\",\"potentialAction\":[{\"@type\":\"ReadAction\",\"target\":[\"https:\\\/\\\/www.libriparlanti.org\\\/index.php\\\/2021\\\/03\\\/un-libro-danteide\\\/\"]}]},{\"@type\":\"ImageObject\",\"inLanguage\":\"it-IT\",\"@id\":\"https:\\\/\\\/www.libriparlanti.org\\\/index.php\\\/2021\\\/03\\\/un-libro-danteide\\\/#primaryimage\",\"url\":\"https:\\\/\\\/www.libriparlanti.org\\\/wp-content\\\/uploads\\\/2021\\\/03\\\/9788830100350_0_221_0_75.jpg\",\"contentUrl\":\"https:\\\/\\\/www.libriparlanti.org\\\/wp-content\\\/uploads\\\/2021\\\/03\\\/9788830100350_0_221_0_75.jpg\",\"width\":221,\"height\":309},{\"@type\":\"BreadcrumbList\",\"@id\":\"https:\\\/\\\/www.libriparlanti.org\\\/index.php\\\/2021\\\/03\\\/un-libro-danteide\\\/#breadcrumb\",\"itemListElement\":[{\"@type\":\"ListItem\",\"position\":1,\"name\":\"Home\",\"item\":\"https:\\\/\\\/www.libriparlanti.org\\\/\"},{\"@type\":\"ListItem\",\"position\":2,\"name\":\"Un Libro: Danteide\"}]},{\"@type\":\"WebSite\",\"@id\":\"https:\\\/\\\/www.libriparlanti.org\\\/#website\",\"url\":\"https:\\\/\\\/www.libriparlanti.org\\\/\",\"name\":\"Libreria Libri parlanti\",\"description\":\"Libreria in Castiglione del Lago (Pg)\",\"potentialAction\":[{\"@type\":\"SearchAction\",\"target\":{\"@type\":\"EntryPoint\",\"urlTemplate\":\"https:\\\/\\\/www.libriparlanti.org\\\/?s={search_term_string}\"},\"query-input\":{\"@type\":\"PropertyValueSpecification\",\"valueRequired\":true,\"valueName\":\"search_term_string\"}}],\"inLanguage\":\"it-IT\"},{\"@type\":\"Person\",\"@id\":\"https:\\\/\\\/www.libriparlanti.org\\\/#\\\/schema\\\/person\\\/a2101732f0cc0144f0a4d0ecc313655a\",\"name\":\"admin\",\"image\":{\"@type\":\"ImageObject\",\"inLanguage\":\"it-IT\",\"@id\":\"https:\\\/\\\/secure.gravatar.com\\\/avatar\\\/f06887496a5753f3caca573646570e603d16e07cbd1553492c2c65009e6014ca?s=96&d=mm&r=g\",\"url\":\"https:\\\/\\\/secure.gravatar.com\\\/avatar\\\/f06887496a5753f3caca573646570e603d16e07cbd1553492c2c65009e6014ca?s=96&d=mm&r=g\",\"contentUrl\":\"https:\\\/\\\/secure.gravatar.com\\\/avatar\\\/f06887496a5753f3caca573646570e603d16e07cbd1553492c2c65009e6014ca?s=96&d=mm&r=g\",\"caption\":\"admin\"},\"sameAs\":[\"http:\\\/\\\/www.libriparlanti.org\"],\"url\":\"https:\\\/\\\/www.libriparlanti.org\\\/index.php\\\/author\\\/admin\\\/\"}]}<\/script>\n<!-- \/ Yoast SEO plugin. -->","yoast_head_json":{"title":"Un libro: Danteide di Piero Trellini Edizioni Bompiani","description":"Gioved\u00ec 25 marzo ore 18 in diretta sulle pagine Facebook di Libri Parlanti e della Biblioteca Comunale di Castiglione del Lago, Piero Trellini presenter\u00e0 un libro: DANTEIDE edito da Bompiani, coordina l'incontro Luca Pipitone","robots":{"index":"index","follow":"follow","max-snippet":"max-snippet:-1","max-image-preview":"max-image-preview:large","max-video-preview":"max-video-preview:-1"},"canonical":"https:\/\/www.libriparlanti.org\/index.php\/2021\/03\/un-libro-danteide\/","og_locale":"it_IT","og_type":"article","og_title":"Un libro: Danteide di Piero Trellini Edizioni Bompiani","og_description":"Gioved\u00ec 25 marzo ore 18 in diretta sulle pagine Facebook di Libri Parlanti e della Biblioteca Comunale di Castiglione del Lago, Piero Trellini presenter\u00e0 un libro: DANTEIDE edito da Bompiani, coordina l'incontro Luca Pipitone","og_url":"https:\/\/www.libriparlanti.org\/index.php\/2021\/03\/un-libro-danteide\/","og_site_name":"Libreria Libri parlanti","article_publisher":"https:\/\/www.facebook.com\/LibriParlanti","article_published_time":"2021-03-25T16:00:00+00:00","article_modified_time":"2021-03-27T14:45:47+00:00","og_image":[{"width":221,"height":309,"url":"https:\/\/www.libriparlanti.org\/wp-content\/uploads\/2021\/03\/9788830100350_0_221_0_75.jpg","type":"image\/jpeg"}],"author":"admin","twitter_card":"summary_large_image","twitter_misc":{"Scritto da":"admin","Tempo di lettura stimato":"1 minuto"},"schema":{"@context":"https:\/\/schema.org","@graph":[{"@type":"Article","@id":"https:\/\/www.libriparlanti.org\/index.php\/2021\/03\/un-libro-danteide\/#article","isPartOf":{"@id":"https:\/\/www.libriparlanti.org\/index.php\/2021\/03\/un-libro-danteide\/"},"author":{"name":"admin","@id":"https:\/\/www.libriparlanti.org\/#\/schema\/person\/a2101732f0cc0144f0a4d0ecc313655a"},"headline":"Un Libro: Danteide","datePublished":"2021-03-25T16:00:00+00:00","dateModified":"2021-03-27T14:45:47+00:00","mainEntityOfPage":{"@id":"https:\/\/www.libriparlanti.org\/index.php\/2021\/03\/un-libro-danteide\/"},"wordCount":269,"commentCount":0,"image":{"@id":"https:\/\/www.libriparlanti.org\/index.php\/2021\/03\/un-libro-danteide\/#primaryimage"},"thumbnailUrl":"https:\/\/www.libriparlanti.org\/wp-content\/uploads\/2021\/03\/9788830100350_0_221_0_75.jpg","articleSection":["eventi"],"inLanguage":"it-IT","potentialAction":[{"@type":"CommentAction","name":"Comment","target":["https:\/\/www.libriparlanti.org\/index.php\/2021\/03\/un-libro-danteide\/#respond"]}]},{"@type":"WebPage","@id":"https:\/\/www.libriparlanti.org\/index.php\/2021\/03\/un-libro-danteide\/","url":"https:\/\/www.libriparlanti.org\/index.php\/2021\/03\/un-libro-danteide\/","name":"Un libro: Danteide di Piero Trellini Edizioni Bompiani","isPartOf":{"@id":"https:\/\/www.libriparlanti.org\/#website"},"primaryImageOfPage":{"@id":"https:\/\/www.libriparlanti.org\/index.php\/2021\/03\/un-libro-danteide\/#primaryimage"},"image":{"@id":"https:\/\/www.libriparlanti.org\/index.php\/2021\/03\/un-libro-danteide\/#primaryimage"},"thumbnailUrl":"https:\/\/www.libriparlanti.org\/wp-content\/uploads\/2021\/03\/9788830100350_0_221_0_75.jpg","datePublished":"2021-03-25T16:00:00+00:00","dateModified":"2021-03-27T14:45:47+00:00","author":{"@id":"https:\/\/www.libriparlanti.org\/#\/schema\/person\/a2101732f0cc0144f0a4d0ecc313655a"},"description":"Gioved\u00ec 25 marzo ore 18 in diretta sulle pagine Facebook di Libri Parlanti e della Biblioteca Comunale di Castiglione del Lago, Piero Trellini presenter\u00e0 un libro: DANTEIDE edito da Bompiani, coordina l'incontro Luca Pipitone","breadcrumb":{"@id":"https:\/\/www.libriparlanti.org\/index.php\/2021\/03\/un-libro-danteide\/#breadcrumb"},"inLanguage":"it-IT","potentialAction":[{"@type":"ReadAction","target":["https:\/\/www.libriparlanti.org\/index.php\/2021\/03\/un-libro-danteide\/"]}]},{"@type":"ImageObject","inLanguage":"it-IT","@id":"https:\/\/www.libriparlanti.org\/index.php\/2021\/03\/un-libro-danteide\/#primaryimage","url":"https:\/\/www.libriparlanti.org\/wp-content\/uploads\/2021\/03\/9788830100350_0_221_0_75.jpg","contentUrl":"https:\/\/www.libriparlanti.org\/wp-content\/uploads\/2021\/03\/9788830100350_0_221_0_75.jpg","width":221,"height":309},{"@type":"BreadcrumbList","@id":"https:\/\/www.libriparlanti.org\/index.php\/2021\/03\/un-libro-danteide\/#breadcrumb","itemListElement":[{"@type":"ListItem","position":1,"name":"Home","item":"https:\/\/www.libriparlanti.org\/"},{"@type":"ListItem","position":2,"name":"Un Libro: Danteide"}]},{"@type":"WebSite","@id":"https:\/\/www.libriparlanti.org\/#website","url":"https:\/\/www.libriparlanti.org\/","name":"Libreria Libri parlanti","description":"Libreria in Castiglione del Lago (Pg)","potentialAction":[{"@type":"SearchAction","target":{"@type":"EntryPoint","urlTemplate":"https:\/\/www.libriparlanti.org\/?s={search_term_string}"},"query-input":{"@type":"PropertyValueSpecification","valueRequired":true,"valueName":"search_term_string"}}],"inLanguage":"it-IT"},{"@type":"Person","@id":"https:\/\/www.libriparlanti.org\/#\/schema\/person\/a2101732f0cc0144f0a4d0ecc313655a","name":"admin","image":{"@type":"ImageObject","inLanguage":"it-IT","@id":"https:\/\/secure.gravatar.com\/avatar\/f06887496a5753f3caca573646570e603d16e07cbd1553492c2c65009e6014ca?s=96&d=mm&r=g","url":"https:\/\/secure.gravatar.com\/avatar\/f06887496a5753f3caca573646570e603d16e07cbd1553492c2c65009e6014ca?s=96&d=mm&r=g","contentUrl":"https:\/\/secure.gravatar.com\/avatar\/f06887496a5753f3caca573646570e603d16e07cbd1553492c2c65009e6014ca?s=96&d=mm&r=g","caption":"admin"},"sameAs":["http:\/\/www.libriparlanti.org"],"url":"https:\/\/www.libriparlanti.org\/index.php\/author\/admin\/"}]}},"_links":{"self":[{"href":"https:\/\/www.libriparlanti.org\/index.php\/wp-json\/wp\/v2\/posts\/13746","targetHints":{"allow":["GET"]}}],"collection":[{"href":"https:\/\/www.libriparlanti.org\/index.php\/wp-json\/wp\/v2\/posts"}],"about":[{"href":"https:\/\/www.libriparlanti.org\/index.php\/wp-json\/wp\/v2\/types\/post"}],"author":[{"embeddable":true,"href":"https:\/\/www.libriparlanti.org\/index.php\/wp-json\/wp\/v2\/users\/1"}],"replies":[{"embeddable":true,"href":"https:\/\/www.libriparlanti.org\/index.php\/wp-json\/wp\/v2\/comments?post=13746"}],"version-history":[{"count":1,"href":"https:\/\/www.libriparlanti.org\/index.php\/wp-json\/wp\/v2\/posts\/13746\/revisions"}],"predecessor-version":[{"id":13749,"href":"https:\/\/www.libriparlanti.org\/index.php\/wp-json\/wp\/v2\/posts\/13746\/revisions\/13749"}],"wp:featuredmedia":[{"embeddable":true,"href":"https:\/\/www.libriparlanti.org\/index.php\/wp-json\/wp\/v2\/media\/13748"}],"wp:attachment":[{"href":"https:\/\/www.libriparlanti.org\/index.php\/wp-json\/wp\/v2\/media?parent=13746"}],"wp:term":[{"taxonomy":"category","embeddable":true,"href":"https:\/\/www.libriparlanti.org\/index.php\/wp-json\/wp\/v2\/categories?post=13746"},{"taxonomy":"post_tag","embeddable":true,"href":"https:\/\/www.libriparlanti.org\/index.php\/wp-json\/wp\/v2\/tags?post=13746"}],"curies":[{"name":"wp","href":"https:\/\/api.w.org\/{rel}","templated":true}]}}