{"id":13641,"date":"2021-03-13T19:00:00","date_gmt":"2021-03-13T17:00:00","guid":{"rendered":"https:\/\/www.libriparlanti.org\/?p=13641"},"modified":"2021-03-15T23:50:14","modified_gmt":"2021-03-15T21:50:14","slug":"piero-pelu-presenta-spacca-linfinito","status":"publish","type":"post","link":"https:\/\/www.libriparlanti.org\/index.php\/2021\/03\/piero-pelu-presenta-spacca-linfinito\/","title":{"rendered":"Piero Pel\u00f9 presenta SPACCA L&#8217;INFINITO"},"content":{"rendered":"\n<figure class=\"wp-block-image size-large\"><img loading=\"lazy\" decoding=\"async\" width=\"1024\" height=\"576\" src=\"https:\/\/www.libriparlanti.org\/wp-content\/uploads\/2021\/03\/159142094_239867677879881_634545931251531608_o-1024x576.jpg\" alt=\"\" class=\"wp-image-13643\" srcset=\"https:\/\/www.libriparlanti.org\/wp-content\/uploads\/2021\/03\/159142094_239867677879881_634545931251531608_o-1024x576.jpg 1024w, https:\/\/www.libriparlanti.org\/wp-content\/uploads\/2021\/03\/159142094_239867677879881_634545931251531608_o-600x338.jpg 600w, https:\/\/www.libriparlanti.org\/wp-content\/uploads\/2021\/03\/159142094_239867677879881_634545931251531608_o-300x169.jpg 300w, https:\/\/www.libriparlanti.org\/wp-content\/uploads\/2021\/03\/159142094_239867677879881_634545931251531608_o-768x432.jpg 768w, https:\/\/www.libriparlanti.org\/wp-content\/uploads\/2021\/03\/159142094_239867677879881_634545931251531608_o.jpg 1280w\" sizes=\"(max-width: 1024px) 100vw, 1024px\" \/><\/figure>\n\n\n\n<p><strong>Sabato 13 marzo alle ore 19.00 Piero Pel\u00f9 presenta &#8220;Spacca l&#8217;infinito&#8221;  <a href=\"http:\/\/www.giunti.it\">Ed.Giunti<\/a> in collaborazione con <a href=\"http:\/\/www.libridaasporto.it\">Libri da Asporto<\/a><\/strong><\/p>\n\n\n\n<p><br>Il rocker, l\u2019attivista, l\u2019anarcoide, il brado, Piero Pel\u00f9 il cantante, \u201cel diablo\u201d, il pugile, il gigante.<br>Ebbene, dimenticatevi tutto questo e preparatevi a partire.<br>S\u00ec, perch\u00e9 in questo libro Pel\u00f9 scende dal palco, spegne i riflettori e ci invita a viaggiare insieme a lui, con il coraggio di aprire la porta della memoria e di avventurarsi fino a dove tutto ha avuto inizio. E appena si ferma per un momento a riposare, ecco che accanto a lui appare un ragazzino intraprendente, originale, pieno di domande.<\/p>\n\n\n\n<p><br>A ogni pagina incontriamo personaggi indimenticabili, sorridiamo, ci commuoviamo, e ogni volta che cala la sera sentiamo di aver raggiunto una consapevolezza nuova.<br>Ma soprattutto, questo libro ci racconta una vita vissuta al fianco di una delle innamorate pi\u00f9 esigenti: la dea musica, che va amata e alimentata ogni giorno, perch\u00e9 la routine \u00e8 la sua peggiore nemica. E perch\u00e9 la musica, come l\u2019amore, \u00e8 uno dei modi pi\u00f9 strepitosi per cambiare il mondo.<\/p>\n\n\n\n<p><br>Spacca l\u2019infinito non \u00e8 solo il verso di una canzone, ma anche l\u2019invito rivolto a tutti a non perdere lo stupore e la fiducia in un universo dove tutto, a saperlo ascoltare, canta insieme a noi.<br><\/p>\n\n\n\n<p>Dialogano con l&#8217;autore: La Libreria Volante -Legatoria Prampolini -Libramente Caff\u00e8 Letterario &#8211; Libreria Pagina 348 &#8211; <a href=\"http:\/\/www.libriparlanti.org\">Libri Parlanti<\/a><br>Libreria Rinascita Empoli- Lo Spazio Di Pistoia<\/p>\n","protected":false},"excerpt":{"rendered":"<p>Sabato 13 marzo alle ore 19.00 Piero Pel\u00f9 presenta &#8220;Spacca l&#8217;infinito&#8221; Ed.Giunti in collaborazione con Libri da Asporto Il rocker, l\u2019attivista, l\u2019anarcoide, il brado, Piero Pel\u00f9 il cantante, \u201cel diablo\u201d, il pugile, il gigante.Ebbene, dimenticatevi tutto questo e preparatevi a partire.S\u00ec, perch\u00e9 in questo libro Pel\u00f9 scende dal palco, spegne i riflettori e ci invita [&hellip;]<\/p>\n","protected":false},"author":1,"featured_media":13642,"comment_status":"open","ping_status":"open","sticky":false,"template":"","format":"standard","meta":{"_et_pb_use_builder":"","_et_pb_old_content":"","_et_gb_content_width":"","_joinchat":[],"footnotes":""},"categories":[3],"tags":[],"class_list":["post-13641","post","type-post","status-publish","format-standard","has-post-thumbnail","hentry","category-eventi"],"yoast_head":"<!-- This site is optimized with the Yoast SEO plugin v27.5 - https:\/\/yoast.com\/product\/yoast-seo-wordpress\/ -->\n<title>Piero Pel\u00f9 presenta SPACCA L&#039;INFINITO - Libreria Libri parlanti<\/title>\n<meta name=\"description\" content=\"Sabato 13 marzo alle ore 19.00 Piero Pel\u00f9 presenta &quot;Spacca l&#039;infinito&quot; Ed.Giunti in collaborazione con Libri da Asporto\" \/>\n<meta name=\"robots\" content=\"index, follow, max-snippet:-1, max-image-preview:large, max-video-preview:-1\" \/>\n<link rel=\"canonical\" href=\"https:\/\/www.libriparlanti.org\/index.php\/2021\/03\/piero-pelu-presenta-spacca-linfinito\/\" \/>\n<meta property=\"og:locale\" content=\"it_IT\" \/>\n<meta property=\"og:type\" content=\"article\" \/>\n<meta property=\"og:title\" content=\"Piero Pel\u00f9 presenta SPACCA L&#039;INFINITO - Libreria Libri parlanti\" \/>\n<meta property=\"og:description\" content=\"Sabato 13 marzo alle ore 19.00 Piero Pel\u00f9 presenta &quot;Spacca l&#039;infinito&quot; Ed.Giunti in collaborazione con Libri da Asporto\" \/>\n<meta property=\"og:url\" content=\"https:\/\/www.libriparlanti.org\/index.php\/2021\/03\/piero-pelu-presenta-spacca-linfinito\/\" \/>\n<meta property=\"og:site_name\" content=\"Libreria Libri parlanti\" \/>\n<meta property=\"article:publisher\" content=\"https:\/\/www.facebook.com\/LibriParlanti\" \/>\n<meta property=\"article:published_time\" content=\"2021-03-13T17:00:00+00:00\" \/>\n<meta property=\"article:modified_time\" content=\"2021-03-15T21:50:14+00:00\" \/>\n<meta property=\"og:image\" content=\"https:\/\/www.libriparlanti.org\/wp-content\/uploads\/2021\/03\/41gB7V8jbrL._SY264_BO1204203200_QL40_ML2_.jpg\" \/>\n\t<meta property=\"og:image:width\" content=\"176\" \/>\n\t<meta property=\"og:image:height\" content=\"266\" \/>\n\t<meta property=\"og:image:type\" content=\"image\/jpeg\" \/>\n<meta name=\"author\" content=\"admin\" \/>\n<meta name=\"twitter:card\" content=\"summary_large_image\" \/>\n<meta name=\"twitter:label1\" content=\"Scritto da\" \/>\n\t<meta name=\"twitter:data1\" content=\"admin\" \/>\n\t<meta name=\"twitter:label2\" content=\"Tempo di lettura stimato\" \/>\n\t<meta name=\"twitter:data2\" content=\"1 minuto\" \/>\n<script type=\"application\/ld+json\" class=\"yoast-schema-graph\">{\"@context\":\"https:\\\/\\\/schema.org\",\"@graph\":[{\"@type\":\"Article\",\"@id\":\"https:\\\/\\\/www.libriparlanti.org\\\/index.php\\\/2021\\\/03\\\/piero-pelu-presenta-spacca-linfinito\\\/#article\",\"isPartOf\":{\"@id\":\"https:\\\/\\\/www.libriparlanti.org\\\/index.php\\\/2021\\\/03\\\/piero-pelu-presenta-spacca-linfinito\\\/\"},\"author\":{\"name\":\"admin\",\"@id\":\"https:\\\/\\\/www.libriparlanti.org\\\/#\\\/schema\\\/person\\\/a2101732f0cc0144f0a4d0ecc313655a\"},\"headline\":\"Piero Pel\u00f9 presenta SPACCA L&#8217;INFINITO\",\"datePublished\":\"2021-03-13T17:00:00+00:00\",\"dateModified\":\"2021-03-15T21:50:14+00:00\",\"mainEntityOfPage\":{\"@id\":\"https:\\\/\\\/www.libriparlanti.org\\\/index.php\\\/2021\\\/03\\\/piero-pelu-presenta-spacca-linfinito\\\/\"},\"wordCount\":243,\"commentCount\":0,\"image\":{\"@id\":\"https:\\\/\\\/www.libriparlanti.org\\\/index.php\\\/2021\\\/03\\\/piero-pelu-presenta-spacca-linfinito\\\/#primaryimage\"},\"thumbnailUrl\":\"https:\\\/\\\/www.libriparlanti.org\\\/wp-content\\\/uploads\\\/2021\\\/03\\\/41gB7V8jbrL._SY264_BO1204203200_QL40_ML2_.jpg\",\"articleSection\":[\"eventi\"],\"inLanguage\":\"it-IT\",\"potentialAction\":[{\"@type\":\"CommentAction\",\"name\":\"Comment\",\"target\":[\"https:\\\/\\\/www.libriparlanti.org\\\/index.php\\\/2021\\\/03\\\/piero-pelu-presenta-spacca-linfinito\\\/#respond\"]}]},{\"@type\":\"WebPage\",\"@id\":\"https:\\\/\\\/www.libriparlanti.org\\\/index.php\\\/2021\\\/03\\\/piero-pelu-presenta-spacca-linfinito\\\/\",\"url\":\"https:\\\/\\\/www.libriparlanti.org\\\/index.php\\\/2021\\\/03\\\/piero-pelu-presenta-spacca-linfinito\\\/\",\"name\":\"Piero Pel\u00f9 presenta SPACCA L'INFINITO - Libreria Libri parlanti\",\"isPartOf\":{\"@id\":\"https:\\\/\\\/www.libriparlanti.org\\\/#website\"},\"primaryImageOfPage\":{\"@id\":\"https:\\\/\\\/www.libriparlanti.org\\\/index.php\\\/2021\\\/03\\\/piero-pelu-presenta-spacca-linfinito\\\/#primaryimage\"},\"image\":{\"@id\":\"https:\\\/\\\/www.libriparlanti.org\\\/index.php\\\/2021\\\/03\\\/piero-pelu-presenta-spacca-linfinito\\\/#primaryimage\"},\"thumbnailUrl\":\"https:\\\/\\\/www.libriparlanti.org\\\/wp-content\\\/uploads\\\/2021\\\/03\\\/41gB7V8jbrL._SY264_BO1204203200_QL40_ML2_.jpg\",\"datePublished\":\"2021-03-13T17:00:00+00:00\",\"dateModified\":\"2021-03-15T21:50:14+00:00\",\"author\":{\"@id\":\"https:\\\/\\\/www.libriparlanti.org\\\/#\\\/schema\\\/person\\\/a2101732f0cc0144f0a4d0ecc313655a\"},\"description\":\"Sabato 13 marzo alle ore 19.00 Piero Pel\u00f9 presenta \\\"Spacca l'infinito\\\" Ed.Giunti in collaborazione con Libri da Asporto\",\"breadcrumb\":{\"@id\":\"https:\\\/\\\/www.libriparlanti.org\\\/index.php\\\/2021\\\/03\\\/piero-pelu-presenta-spacca-linfinito\\\/#breadcrumb\"},\"inLanguage\":\"it-IT\",\"potentialAction\":[{\"@type\":\"ReadAction\",\"target\":[\"https:\\\/\\\/www.libriparlanti.org\\\/index.php\\\/2021\\\/03\\\/piero-pelu-presenta-spacca-linfinito\\\/\"]}]},{\"@type\":\"ImageObject\",\"inLanguage\":\"it-IT\",\"@id\":\"https:\\\/\\\/www.libriparlanti.org\\\/index.php\\\/2021\\\/03\\\/piero-pelu-presenta-spacca-linfinito\\\/#primaryimage\",\"url\":\"https:\\\/\\\/www.libriparlanti.org\\\/wp-content\\\/uploads\\\/2021\\\/03\\\/41gB7V8jbrL._SY264_BO1204203200_QL40_ML2_.jpg\",\"contentUrl\":\"https:\\\/\\\/www.libriparlanti.org\\\/wp-content\\\/uploads\\\/2021\\\/03\\\/41gB7V8jbrL._SY264_BO1204203200_QL40_ML2_.jpg\",\"width\":176,\"height\":266},{\"@type\":\"BreadcrumbList\",\"@id\":\"https:\\\/\\\/www.libriparlanti.org\\\/index.php\\\/2021\\\/03\\\/piero-pelu-presenta-spacca-linfinito\\\/#breadcrumb\",\"itemListElement\":[{\"@type\":\"ListItem\",\"position\":1,\"name\":\"Home\",\"item\":\"https:\\\/\\\/www.libriparlanti.org\\\/\"},{\"@type\":\"ListItem\",\"position\":2,\"name\":\"Piero Pel\u00f9 presenta SPACCA L&#8217;INFINITO\"}]},{\"@type\":\"WebSite\",\"@id\":\"https:\\\/\\\/www.libriparlanti.org\\\/#website\",\"url\":\"https:\\\/\\\/www.libriparlanti.org\\\/\",\"name\":\"Libreria Libri parlanti\",\"description\":\"Libreria in Castiglione del Lago (Pg)\",\"potentialAction\":[{\"@type\":\"SearchAction\",\"target\":{\"@type\":\"EntryPoint\",\"urlTemplate\":\"https:\\\/\\\/www.libriparlanti.org\\\/?s={search_term_string}\"},\"query-input\":{\"@type\":\"PropertyValueSpecification\",\"valueRequired\":true,\"valueName\":\"search_term_string\"}}],\"inLanguage\":\"it-IT\"},{\"@type\":\"Person\",\"@id\":\"https:\\\/\\\/www.libriparlanti.org\\\/#\\\/schema\\\/person\\\/a2101732f0cc0144f0a4d0ecc313655a\",\"name\":\"admin\",\"image\":{\"@type\":\"ImageObject\",\"inLanguage\":\"it-IT\",\"@id\":\"https:\\\/\\\/secure.gravatar.com\\\/avatar\\\/f06887496a5753f3caca573646570e603d16e07cbd1553492c2c65009e6014ca?s=96&d=mm&r=g\",\"url\":\"https:\\\/\\\/secure.gravatar.com\\\/avatar\\\/f06887496a5753f3caca573646570e603d16e07cbd1553492c2c65009e6014ca?s=96&d=mm&r=g\",\"contentUrl\":\"https:\\\/\\\/secure.gravatar.com\\\/avatar\\\/f06887496a5753f3caca573646570e603d16e07cbd1553492c2c65009e6014ca?s=96&d=mm&r=g\",\"caption\":\"admin\"},\"sameAs\":[\"http:\\\/\\\/www.libriparlanti.org\"],\"url\":\"https:\\\/\\\/www.libriparlanti.org\\\/index.php\\\/author\\\/admin\\\/\"}]}<\/script>\n<!-- \/ Yoast SEO plugin. -->","yoast_head_json":{"title":"Piero Pel\u00f9 presenta SPACCA L'INFINITO - Libreria Libri parlanti","description":"Sabato 13 marzo alle ore 19.00 Piero Pel\u00f9 presenta \"Spacca l'infinito\" Ed.Giunti in collaborazione con Libri da Asporto","robots":{"index":"index","follow":"follow","max-snippet":"max-snippet:-1","max-image-preview":"max-image-preview:large","max-video-preview":"max-video-preview:-1"},"canonical":"https:\/\/www.libriparlanti.org\/index.php\/2021\/03\/piero-pelu-presenta-spacca-linfinito\/","og_locale":"it_IT","og_type":"article","og_title":"Piero Pel\u00f9 presenta SPACCA L'INFINITO - Libreria Libri parlanti","og_description":"Sabato 13 marzo alle ore 19.00 Piero Pel\u00f9 presenta \"Spacca l'infinito\" Ed.Giunti in collaborazione con Libri da Asporto","og_url":"https:\/\/www.libriparlanti.org\/index.php\/2021\/03\/piero-pelu-presenta-spacca-linfinito\/","og_site_name":"Libreria Libri parlanti","article_publisher":"https:\/\/www.facebook.com\/LibriParlanti","article_published_time":"2021-03-13T17:00:00+00:00","article_modified_time":"2021-03-15T21:50:14+00:00","og_image":[{"width":176,"height":266,"url":"https:\/\/www.libriparlanti.org\/wp-content\/uploads\/2021\/03\/41gB7V8jbrL._SY264_BO1204203200_QL40_ML2_.jpg","type":"image\/jpeg"}],"author":"admin","twitter_card":"summary_large_image","twitter_misc":{"Scritto da":"admin","Tempo di lettura stimato":"1 minuto"},"schema":{"@context":"https:\/\/schema.org","@graph":[{"@type":"Article","@id":"https:\/\/www.libriparlanti.org\/index.php\/2021\/03\/piero-pelu-presenta-spacca-linfinito\/#article","isPartOf":{"@id":"https:\/\/www.libriparlanti.org\/index.php\/2021\/03\/piero-pelu-presenta-spacca-linfinito\/"},"author":{"name":"admin","@id":"https:\/\/www.libriparlanti.org\/#\/schema\/person\/a2101732f0cc0144f0a4d0ecc313655a"},"headline":"Piero Pel\u00f9 presenta SPACCA L&#8217;INFINITO","datePublished":"2021-03-13T17:00:00+00:00","dateModified":"2021-03-15T21:50:14+00:00","mainEntityOfPage":{"@id":"https:\/\/www.libriparlanti.org\/index.php\/2021\/03\/piero-pelu-presenta-spacca-linfinito\/"},"wordCount":243,"commentCount":0,"image":{"@id":"https:\/\/www.libriparlanti.org\/index.php\/2021\/03\/piero-pelu-presenta-spacca-linfinito\/#primaryimage"},"thumbnailUrl":"https:\/\/www.libriparlanti.org\/wp-content\/uploads\/2021\/03\/41gB7V8jbrL._SY264_BO1204203200_QL40_ML2_.jpg","articleSection":["eventi"],"inLanguage":"it-IT","potentialAction":[{"@type":"CommentAction","name":"Comment","target":["https:\/\/www.libriparlanti.org\/index.php\/2021\/03\/piero-pelu-presenta-spacca-linfinito\/#respond"]}]},{"@type":"WebPage","@id":"https:\/\/www.libriparlanti.org\/index.php\/2021\/03\/piero-pelu-presenta-spacca-linfinito\/","url":"https:\/\/www.libriparlanti.org\/index.php\/2021\/03\/piero-pelu-presenta-spacca-linfinito\/","name":"Piero Pel\u00f9 presenta SPACCA L'INFINITO - Libreria Libri parlanti","isPartOf":{"@id":"https:\/\/www.libriparlanti.org\/#website"},"primaryImageOfPage":{"@id":"https:\/\/www.libriparlanti.org\/index.php\/2021\/03\/piero-pelu-presenta-spacca-linfinito\/#primaryimage"},"image":{"@id":"https:\/\/www.libriparlanti.org\/index.php\/2021\/03\/piero-pelu-presenta-spacca-linfinito\/#primaryimage"},"thumbnailUrl":"https:\/\/www.libriparlanti.org\/wp-content\/uploads\/2021\/03\/41gB7V8jbrL._SY264_BO1204203200_QL40_ML2_.jpg","datePublished":"2021-03-13T17:00:00+00:00","dateModified":"2021-03-15T21:50:14+00:00","author":{"@id":"https:\/\/www.libriparlanti.org\/#\/schema\/person\/a2101732f0cc0144f0a4d0ecc313655a"},"description":"Sabato 13 marzo alle ore 19.00 Piero Pel\u00f9 presenta \"Spacca l'infinito\" Ed.Giunti in collaborazione con Libri da Asporto","breadcrumb":{"@id":"https:\/\/www.libriparlanti.org\/index.php\/2021\/03\/piero-pelu-presenta-spacca-linfinito\/#breadcrumb"},"inLanguage":"it-IT","potentialAction":[{"@type":"ReadAction","target":["https:\/\/www.libriparlanti.org\/index.php\/2021\/03\/piero-pelu-presenta-spacca-linfinito\/"]}]},{"@type":"ImageObject","inLanguage":"it-IT","@id":"https:\/\/www.libriparlanti.org\/index.php\/2021\/03\/piero-pelu-presenta-spacca-linfinito\/#primaryimage","url":"https:\/\/www.libriparlanti.org\/wp-content\/uploads\/2021\/03\/41gB7V8jbrL._SY264_BO1204203200_QL40_ML2_.jpg","contentUrl":"https:\/\/www.libriparlanti.org\/wp-content\/uploads\/2021\/03\/41gB7V8jbrL._SY264_BO1204203200_QL40_ML2_.jpg","width":176,"height":266},{"@type":"BreadcrumbList","@id":"https:\/\/www.libriparlanti.org\/index.php\/2021\/03\/piero-pelu-presenta-spacca-linfinito\/#breadcrumb","itemListElement":[{"@type":"ListItem","position":1,"name":"Home","item":"https:\/\/www.libriparlanti.org\/"},{"@type":"ListItem","position":2,"name":"Piero Pel\u00f9 presenta SPACCA L&#8217;INFINITO"}]},{"@type":"WebSite","@id":"https:\/\/www.libriparlanti.org\/#website","url":"https:\/\/www.libriparlanti.org\/","name":"Libreria Libri parlanti","description":"Libreria in Castiglione del Lago (Pg)","potentialAction":[{"@type":"SearchAction","target":{"@type":"EntryPoint","urlTemplate":"https:\/\/www.libriparlanti.org\/?s={search_term_string}"},"query-input":{"@type":"PropertyValueSpecification","valueRequired":true,"valueName":"search_term_string"}}],"inLanguage":"it-IT"},{"@type":"Person","@id":"https:\/\/www.libriparlanti.org\/#\/schema\/person\/a2101732f0cc0144f0a4d0ecc313655a","name":"admin","image":{"@type":"ImageObject","inLanguage":"it-IT","@id":"https:\/\/secure.gravatar.com\/avatar\/f06887496a5753f3caca573646570e603d16e07cbd1553492c2c65009e6014ca?s=96&d=mm&r=g","url":"https:\/\/secure.gravatar.com\/avatar\/f06887496a5753f3caca573646570e603d16e07cbd1553492c2c65009e6014ca?s=96&d=mm&r=g","contentUrl":"https:\/\/secure.gravatar.com\/avatar\/f06887496a5753f3caca573646570e603d16e07cbd1553492c2c65009e6014ca?s=96&d=mm&r=g","caption":"admin"},"sameAs":["http:\/\/www.libriparlanti.org"],"url":"https:\/\/www.libriparlanti.org\/index.php\/author\/admin\/"}]}},"_links":{"self":[{"href":"https:\/\/www.libriparlanti.org\/index.php\/wp-json\/wp\/v2\/posts\/13641","targetHints":{"allow":["GET"]}}],"collection":[{"href":"https:\/\/www.libriparlanti.org\/index.php\/wp-json\/wp\/v2\/posts"}],"about":[{"href":"https:\/\/www.libriparlanti.org\/index.php\/wp-json\/wp\/v2\/types\/post"}],"author":[{"embeddable":true,"href":"https:\/\/www.libriparlanti.org\/index.php\/wp-json\/wp\/v2\/users\/1"}],"replies":[{"embeddable":true,"href":"https:\/\/www.libriparlanti.org\/index.php\/wp-json\/wp\/v2\/comments?post=13641"}],"version-history":[{"count":2,"href":"https:\/\/www.libriparlanti.org\/index.php\/wp-json\/wp\/v2\/posts\/13641\/revisions"}],"predecessor-version":[{"id":13669,"href":"https:\/\/www.libriparlanti.org\/index.php\/wp-json\/wp\/v2\/posts\/13641\/revisions\/13669"}],"wp:featuredmedia":[{"embeddable":true,"href":"https:\/\/www.libriparlanti.org\/index.php\/wp-json\/wp\/v2\/media\/13642"}],"wp:attachment":[{"href":"https:\/\/www.libriparlanti.org\/index.php\/wp-json\/wp\/v2\/media?parent=13641"}],"wp:term":[{"taxonomy":"category","embeddable":true,"href":"https:\/\/www.libriparlanti.org\/index.php\/wp-json\/wp\/v2\/categories?post=13641"},{"taxonomy":"post_tag","embeddable":true,"href":"https:\/\/www.libriparlanti.org\/index.php\/wp-json\/wp\/v2\/tags?post=13641"}],"curies":[{"name":"wp","href":"https:\/\/api.w.org\/{rel}","templated":true}]}}