{"id":13390,"date":"2021-02-28T18:00:00","date_gmt":"2021-02-28T16:00:00","guid":{"rendered":"https:\/\/www.libriparlanti.org\/?p=13390"},"modified":"2021-02-28T23:28:18","modified_gmt":"2021-02-28T21:28:18","slug":"a-piedi-a-roma-con-tre-lama","status":"publish","type":"post","link":"https:\/\/www.libriparlanti.org\/index.php\/2021\/02\/a-piedi-a-roma-con-tre-lama\/","title":{"rendered":"A piedi a Roma con tre lama"},"content":{"rendered":"\n<figure class=\"wp-block-image size-large\"><img loading=\"lazy\" decoding=\"async\" width=\"277\" height=\"450\" src=\"https:\/\/www.libriparlanti.org\/wp-content\/uploads\/2021\/02\/9788868395186.jpeg\" alt=\"\" class=\"wp-image-13392\" srcset=\"https:\/\/www.libriparlanti.org\/wp-content\/uploads\/2021\/02\/9788868395186.jpeg 277w, https:\/\/www.libriparlanti.org\/wp-content\/uploads\/2021\/02\/9788868395186-185x300.jpeg 185w\" sizes=\"(max-width: 277px) 100vw, 277px\" \/><\/figure>\n\n\n\n<p>Domenica 28 febbraio alle ore 18.00 in diretta streaming dai canali di <a href=\"http:\/\/www.libriparlanti.org\">Libri Parlanti<\/a> Thomas Mohr, Walter Mair e Thomas Burger presenteranno il libro : A PIEDI A ROMA CON TRE LAMA Ed. Athesia Traduzione a cura di Alessandra Testini &#8211; Interviene Ivana Bricca &#8211; Direttivo EAVRG (European Association of <a href=\"http:\/\/www.viaromeagermanica.com\">Via Romea Germanica<\/a>)<\/p>\n\n\n\n<p>Tre uomini partono dall\u2019Alto Adige in compagnia di tre lama per andare in pellegrinaggio attraverso le Alpi. Vogliono raggiungere Roma per incontrare il Papa. Per l\u2019autore Thomas Mohr sar\u00e0 un viaggio alla ricerca del senso della vita\u2026 una storia commovente sulla fede, sull\u2019amicizia e sulla consapevolezza che arrendersi non \u00e8 un\u2019opzione.<\/p>\n\n\n\n<p>Tre uomini , tre lama e un pellegrinaggio di 1070 chilometri a piedi per incontrare il Papa: decisamente un\u2019idea folle! E lo pensano anche loro stessi, soprattutto Thomas Mohr che dopo essersi ammalato di cancro non \u00e8 neppure in buone condizioni fisiche.<br>I tre amici non sono i classici pellegrini. Ma pi\u00f9 strada percorrono, pi\u00f9 il viaggio diventa spirituale e influisce profondamente su di loro, soprattutto su Thomas Mohr. Lungo il cammino inizia a rasserenarsi, a sentire nascere dentro di s\u00e9 una forza nuova. Molte delle sue occupazioni della vita quotidiana iniziano improvvisamente a perdere di significato e Thomas sente sempre pi\u00f9 forte il bisogno di trovare il senso della vita.<\/p>\n\n\n\n<p>Il cammino non \u00e8 facile ma i nostri tre procedono nonostante tutte le avversit\u00e0. Attraversano montagne coperte di una fitta coltre di neve e arrivano a percorrere ben 48 chilometri in una sola giornata.<\/p>\n\n\n\n<p> A volte trovano un alloggio solo a tarda sera. Ma lungo la strada, i tre amici e i loro lama incontrano molte persone gentili e generose, tante porte aperte e numerose offerte di cibo e bevande. E alla fine giungono a Roma, in piazza San Pietro, dove li attende l\u2019incontro con Papa Francesco a cui regalano una papalina di lana d\u2019alpaca\u2026<\/p>\n\n\n\n<p>\u201cQuando con i nostri lama ci siamo ritrovati in piazza San Pietro ci siamo stretti forte la mano come amici che ce l\u2019hanno fatta sotto tanti aspetti. In quel momento ci ha pervaso la consapevolezza di ci\u00f2 che realmente ci ha regalato il cammino. Papa Francesco ci ha chiesto di pregare per lui. E credo di aver capito cosa intendesse dirci: \u2018Prendetevi cura dei vostri simili, prendetevi cura l\u2019uno dell\u2019altro!\u2019\u201d.<\/p>\n","protected":false},"excerpt":{"rendered":"<p>Domenica 28 febbraio alle ore 18.00 in diretta streaming dai canali di Libri Parlanti Thomas Mohr, Walter Mair e Thomas Burger presenteranno il libro : A PIEDI A ROMA CON TRE LAMA Ed. Athesia Traduzione a cura di Alessandra Testini &#8211; Interviene Ivana Bricca &#8211; Direttivo EAVRG (European Association of Via Romea Germanica) Tre uomini [&hellip;]<\/p>\n","protected":false},"author":1,"featured_media":13392,"comment_status":"open","ping_status":"open","sticky":false,"template":"","format":"standard","meta":{"_et_pb_use_builder":"","_et_pb_old_content":"","_et_gb_content_width":"","_joinchat":[],"footnotes":""},"categories":[3],"tags":[],"class_list":["post-13390","post","type-post","status-publish","format-standard","has-post-thumbnail","hentry","category-eventi"],"yoast_head":"<!-- This site is optimized with the Yoast SEO plugin v27.5 - https:\/\/yoast.com\/product\/yoast-seo-wordpress\/ -->\n<title>A PIEDI A ROMA CON TRE LAMA Ed.Athesia<\/title>\n<meta name=\"description\" content=\"Domenica 28 febbraio alle ore 18.00 Thomas Mohr, Walter Mair e Thomas Burger presenteranno il libro : A PIEDI A ROMA CON TRE LAMA Ed. Athesia\" \/>\n<meta name=\"robots\" content=\"index, follow, max-snippet:-1, max-image-preview:large, max-video-preview:-1\" \/>\n<link rel=\"canonical\" href=\"https:\/\/www.libriparlanti.org\/index.php\/2021\/02\/a-piedi-a-roma-con-tre-lama\/\" \/>\n<meta property=\"og:locale\" content=\"it_IT\" \/>\n<meta property=\"og:type\" content=\"article\" \/>\n<meta property=\"og:title\" content=\"A PIEDI A ROMA CON TRE LAMA Ed.Athesia\" \/>\n<meta property=\"og:description\" content=\"Domenica 28 febbraio alle ore 18.00 Thomas Mohr, Walter Mair e Thomas Burger presenteranno il libro : A PIEDI A ROMA CON TRE LAMA Ed. Athesia\" \/>\n<meta property=\"og:url\" content=\"https:\/\/www.libriparlanti.org\/index.php\/2021\/02\/a-piedi-a-roma-con-tre-lama\/\" \/>\n<meta property=\"og:site_name\" content=\"Libreria Libri parlanti\" \/>\n<meta property=\"article:publisher\" content=\"https:\/\/www.facebook.com\/LibriParlanti\" \/>\n<meta property=\"article:published_time\" content=\"2021-02-28T16:00:00+00:00\" \/>\n<meta property=\"article:modified_time\" content=\"2021-02-28T21:28:18+00:00\" \/>\n<meta property=\"og:image\" content=\"https:\/\/www.libriparlanti.org\/wp-content\/uploads\/2021\/02\/9788868395186.jpeg\" \/>\n\t<meta property=\"og:image:width\" content=\"277\" \/>\n\t<meta property=\"og:image:height\" content=\"450\" \/>\n\t<meta property=\"og:image:type\" content=\"image\/jpeg\" \/>\n<meta name=\"author\" content=\"admin\" \/>\n<meta name=\"twitter:card\" content=\"summary_large_image\" \/>\n<meta name=\"twitter:label1\" content=\"Scritto da\" \/>\n\t<meta name=\"twitter:data1\" content=\"admin\" \/>\n\t<meta name=\"twitter:label2\" content=\"Tempo di lettura stimato\" \/>\n\t<meta name=\"twitter:data2\" content=\"2 minuti\" \/>\n<script type=\"application\/ld+json\" class=\"yoast-schema-graph\">{\"@context\":\"https:\\\/\\\/schema.org\",\"@graph\":[{\"@type\":\"Article\",\"@id\":\"https:\\\/\\\/www.libriparlanti.org\\\/index.php\\\/2021\\\/02\\\/a-piedi-a-roma-con-tre-lama\\\/#article\",\"isPartOf\":{\"@id\":\"https:\\\/\\\/www.libriparlanti.org\\\/index.php\\\/2021\\\/02\\\/a-piedi-a-roma-con-tre-lama\\\/\"},\"author\":{\"name\":\"admin\",\"@id\":\"https:\\\/\\\/www.libriparlanti.org\\\/#\\\/schema\\\/person\\\/a2101732f0cc0144f0a4d0ecc313655a\"},\"headline\":\"A piedi a Roma con tre lama\",\"datePublished\":\"2021-02-28T16:00:00+00:00\",\"dateModified\":\"2021-02-28T21:28:18+00:00\",\"mainEntityOfPage\":{\"@id\":\"https:\\\/\\\/www.libriparlanti.org\\\/index.php\\\/2021\\\/02\\\/a-piedi-a-roma-con-tre-lama\\\/\"},\"wordCount\":388,\"commentCount\":0,\"image\":{\"@id\":\"https:\\\/\\\/www.libriparlanti.org\\\/index.php\\\/2021\\\/02\\\/a-piedi-a-roma-con-tre-lama\\\/#primaryimage\"},\"thumbnailUrl\":\"https:\\\/\\\/www.libriparlanti.org\\\/wp-content\\\/uploads\\\/2021\\\/02\\\/9788868395186.jpeg\",\"articleSection\":[\"eventi\"],\"inLanguage\":\"it-IT\",\"potentialAction\":[{\"@type\":\"CommentAction\",\"name\":\"Comment\",\"target\":[\"https:\\\/\\\/www.libriparlanti.org\\\/index.php\\\/2021\\\/02\\\/a-piedi-a-roma-con-tre-lama\\\/#respond\"]}]},{\"@type\":\"WebPage\",\"@id\":\"https:\\\/\\\/www.libriparlanti.org\\\/index.php\\\/2021\\\/02\\\/a-piedi-a-roma-con-tre-lama\\\/\",\"url\":\"https:\\\/\\\/www.libriparlanti.org\\\/index.php\\\/2021\\\/02\\\/a-piedi-a-roma-con-tre-lama\\\/\",\"name\":\"A PIEDI A ROMA CON TRE LAMA Ed.Athesia\",\"isPartOf\":{\"@id\":\"https:\\\/\\\/www.libriparlanti.org\\\/#website\"},\"primaryImageOfPage\":{\"@id\":\"https:\\\/\\\/www.libriparlanti.org\\\/index.php\\\/2021\\\/02\\\/a-piedi-a-roma-con-tre-lama\\\/#primaryimage\"},\"image\":{\"@id\":\"https:\\\/\\\/www.libriparlanti.org\\\/index.php\\\/2021\\\/02\\\/a-piedi-a-roma-con-tre-lama\\\/#primaryimage\"},\"thumbnailUrl\":\"https:\\\/\\\/www.libriparlanti.org\\\/wp-content\\\/uploads\\\/2021\\\/02\\\/9788868395186.jpeg\",\"datePublished\":\"2021-02-28T16:00:00+00:00\",\"dateModified\":\"2021-02-28T21:28:18+00:00\",\"author\":{\"@id\":\"https:\\\/\\\/www.libriparlanti.org\\\/#\\\/schema\\\/person\\\/a2101732f0cc0144f0a4d0ecc313655a\"},\"description\":\"Domenica 28 febbraio alle ore 18.00 Thomas Mohr, Walter Mair e Thomas Burger presenteranno il libro : A PIEDI A ROMA CON TRE LAMA Ed. Athesia\",\"breadcrumb\":{\"@id\":\"https:\\\/\\\/www.libriparlanti.org\\\/index.php\\\/2021\\\/02\\\/a-piedi-a-roma-con-tre-lama\\\/#breadcrumb\"},\"inLanguage\":\"it-IT\",\"potentialAction\":[{\"@type\":\"ReadAction\",\"target\":[\"https:\\\/\\\/www.libriparlanti.org\\\/index.php\\\/2021\\\/02\\\/a-piedi-a-roma-con-tre-lama\\\/\"]}]},{\"@type\":\"ImageObject\",\"inLanguage\":\"it-IT\",\"@id\":\"https:\\\/\\\/www.libriparlanti.org\\\/index.php\\\/2021\\\/02\\\/a-piedi-a-roma-con-tre-lama\\\/#primaryimage\",\"url\":\"https:\\\/\\\/www.libriparlanti.org\\\/wp-content\\\/uploads\\\/2021\\\/02\\\/9788868395186.jpeg\",\"contentUrl\":\"https:\\\/\\\/www.libriparlanti.org\\\/wp-content\\\/uploads\\\/2021\\\/02\\\/9788868395186.jpeg\",\"width\":277,\"height\":450},{\"@type\":\"BreadcrumbList\",\"@id\":\"https:\\\/\\\/www.libriparlanti.org\\\/index.php\\\/2021\\\/02\\\/a-piedi-a-roma-con-tre-lama\\\/#breadcrumb\",\"itemListElement\":[{\"@type\":\"ListItem\",\"position\":1,\"name\":\"Home\",\"item\":\"https:\\\/\\\/www.libriparlanti.org\\\/\"},{\"@type\":\"ListItem\",\"position\":2,\"name\":\"A piedi a Roma con tre lama\"}]},{\"@type\":\"WebSite\",\"@id\":\"https:\\\/\\\/www.libriparlanti.org\\\/#website\",\"url\":\"https:\\\/\\\/www.libriparlanti.org\\\/\",\"name\":\"Libreria Libri parlanti\",\"description\":\"Libreria in Castiglione del Lago (Pg)\",\"potentialAction\":[{\"@type\":\"SearchAction\",\"target\":{\"@type\":\"EntryPoint\",\"urlTemplate\":\"https:\\\/\\\/www.libriparlanti.org\\\/?s={search_term_string}\"},\"query-input\":{\"@type\":\"PropertyValueSpecification\",\"valueRequired\":true,\"valueName\":\"search_term_string\"}}],\"inLanguage\":\"it-IT\"},{\"@type\":\"Person\",\"@id\":\"https:\\\/\\\/www.libriparlanti.org\\\/#\\\/schema\\\/person\\\/a2101732f0cc0144f0a4d0ecc313655a\",\"name\":\"admin\",\"image\":{\"@type\":\"ImageObject\",\"inLanguage\":\"it-IT\",\"@id\":\"https:\\\/\\\/secure.gravatar.com\\\/avatar\\\/f06887496a5753f3caca573646570e603d16e07cbd1553492c2c65009e6014ca?s=96&d=mm&r=g\",\"url\":\"https:\\\/\\\/secure.gravatar.com\\\/avatar\\\/f06887496a5753f3caca573646570e603d16e07cbd1553492c2c65009e6014ca?s=96&d=mm&r=g\",\"contentUrl\":\"https:\\\/\\\/secure.gravatar.com\\\/avatar\\\/f06887496a5753f3caca573646570e603d16e07cbd1553492c2c65009e6014ca?s=96&d=mm&r=g\",\"caption\":\"admin\"},\"sameAs\":[\"http:\\\/\\\/www.libriparlanti.org\"],\"url\":\"https:\\\/\\\/www.libriparlanti.org\\\/index.php\\\/author\\\/admin\\\/\"}]}<\/script>\n<!-- \/ Yoast SEO plugin. -->","yoast_head_json":{"title":"A PIEDI A ROMA CON TRE LAMA Ed.Athesia","description":"Domenica 28 febbraio alle ore 18.00 Thomas Mohr, Walter Mair e Thomas Burger presenteranno il libro : A PIEDI A ROMA CON TRE LAMA Ed. Athesia","robots":{"index":"index","follow":"follow","max-snippet":"max-snippet:-1","max-image-preview":"max-image-preview:large","max-video-preview":"max-video-preview:-1"},"canonical":"https:\/\/www.libriparlanti.org\/index.php\/2021\/02\/a-piedi-a-roma-con-tre-lama\/","og_locale":"it_IT","og_type":"article","og_title":"A PIEDI A ROMA CON TRE LAMA Ed.Athesia","og_description":"Domenica 28 febbraio alle ore 18.00 Thomas Mohr, Walter Mair e Thomas Burger presenteranno il libro : A PIEDI A ROMA CON TRE LAMA Ed. Athesia","og_url":"https:\/\/www.libriparlanti.org\/index.php\/2021\/02\/a-piedi-a-roma-con-tre-lama\/","og_site_name":"Libreria Libri parlanti","article_publisher":"https:\/\/www.facebook.com\/LibriParlanti","article_published_time":"2021-02-28T16:00:00+00:00","article_modified_time":"2021-02-28T21:28:18+00:00","og_image":[{"width":277,"height":450,"url":"https:\/\/www.libriparlanti.org\/wp-content\/uploads\/2021\/02\/9788868395186.jpeg","type":"image\/jpeg"}],"author":"admin","twitter_card":"summary_large_image","twitter_misc":{"Scritto da":"admin","Tempo di lettura stimato":"2 minuti"},"schema":{"@context":"https:\/\/schema.org","@graph":[{"@type":"Article","@id":"https:\/\/www.libriparlanti.org\/index.php\/2021\/02\/a-piedi-a-roma-con-tre-lama\/#article","isPartOf":{"@id":"https:\/\/www.libriparlanti.org\/index.php\/2021\/02\/a-piedi-a-roma-con-tre-lama\/"},"author":{"name":"admin","@id":"https:\/\/www.libriparlanti.org\/#\/schema\/person\/a2101732f0cc0144f0a4d0ecc313655a"},"headline":"A piedi a Roma con tre lama","datePublished":"2021-02-28T16:00:00+00:00","dateModified":"2021-02-28T21:28:18+00:00","mainEntityOfPage":{"@id":"https:\/\/www.libriparlanti.org\/index.php\/2021\/02\/a-piedi-a-roma-con-tre-lama\/"},"wordCount":388,"commentCount":0,"image":{"@id":"https:\/\/www.libriparlanti.org\/index.php\/2021\/02\/a-piedi-a-roma-con-tre-lama\/#primaryimage"},"thumbnailUrl":"https:\/\/www.libriparlanti.org\/wp-content\/uploads\/2021\/02\/9788868395186.jpeg","articleSection":["eventi"],"inLanguage":"it-IT","potentialAction":[{"@type":"CommentAction","name":"Comment","target":["https:\/\/www.libriparlanti.org\/index.php\/2021\/02\/a-piedi-a-roma-con-tre-lama\/#respond"]}]},{"@type":"WebPage","@id":"https:\/\/www.libriparlanti.org\/index.php\/2021\/02\/a-piedi-a-roma-con-tre-lama\/","url":"https:\/\/www.libriparlanti.org\/index.php\/2021\/02\/a-piedi-a-roma-con-tre-lama\/","name":"A PIEDI A ROMA CON TRE LAMA Ed.Athesia","isPartOf":{"@id":"https:\/\/www.libriparlanti.org\/#website"},"primaryImageOfPage":{"@id":"https:\/\/www.libriparlanti.org\/index.php\/2021\/02\/a-piedi-a-roma-con-tre-lama\/#primaryimage"},"image":{"@id":"https:\/\/www.libriparlanti.org\/index.php\/2021\/02\/a-piedi-a-roma-con-tre-lama\/#primaryimage"},"thumbnailUrl":"https:\/\/www.libriparlanti.org\/wp-content\/uploads\/2021\/02\/9788868395186.jpeg","datePublished":"2021-02-28T16:00:00+00:00","dateModified":"2021-02-28T21:28:18+00:00","author":{"@id":"https:\/\/www.libriparlanti.org\/#\/schema\/person\/a2101732f0cc0144f0a4d0ecc313655a"},"description":"Domenica 28 febbraio alle ore 18.00 Thomas Mohr, Walter Mair e Thomas Burger presenteranno il libro : A PIEDI A ROMA CON TRE LAMA Ed. Athesia","breadcrumb":{"@id":"https:\/\/www.libriparlanti.org\/index.php\/2021\/02\/a-piedi-a-roma-con-tre-lama\/#breadcrumb"},"inLanguage":"it-IT","potentialAction":[{"@type":"ReadAction","target":["https:\/\/www.libriparlanti.org\/index.php\/2021\/02\/a-piedi-a-roma-con-tre-lama\/"]}]},{"@type":"ImageObject","inLanguage":"it-IT","@id":"https:\/\/www.libriparlanti.org\/index.php\/2021\/02\/a-piedi-a-roma-con-tre-lama\/#primaryimage","url":"https:\/\/www.libriparlanti.org\/wp-content\/uploads\/2021\/02\/9788868395186.jpeg","contentUrl":"https:\/\/www.libriparlanti.org\/wp-content\/uploads\/2021\/02\/9788868395186.jpeg","width":277,"height":450},{"@type":"BreadcrumbList","@id":"https:\/\/www.libriparlanti.org\/index.php\/2021\/02\/a-piedi-a-roma-con-tre-lama\/#breadcrumb","itemListElement":[{"@type":"ListItem","position":1,"name":"Home","item":"https:\/\/www.libriparlanti.org\/"},{"@type":"ListItem","position":2,"name":"A piedi a Roma con tre lama"}]},{"@type":"WebSite","@id":"https:\/\/www.libriparlanti.org\/#website","url":"https:\/\/www.libriparlanti.org\/","name":"Libreria Libri parlanti","description":"Libreria in Castiglione del Lago (Pg)","potentialAction":[{"@type":"SearchAction","target":{"@type":"EntryPoint","urlTemplate":"https:\/\/www.libriparlanti.org\/?s={search_term_string}"},"query-input":{"@type":"PropertyValueSpecification","valueRequired":true,"valueName":"search_term_string"}}],"inLanguage":"it-IT"},{"@type":"Person","@id":"https:\/\/www.libriparlanti.org\/#\/schema\/person\/a2101732f0cc0144f0a4d0ecc313655a","name":"admin","image":{"@type":"ImageObject","inLanguage":"it-IT","@id":"https:\/\/secure.gravatar.com\/avatar\/f06887496a5753f3caca573646570e603d16e07cbd1553492c2c65009e6014ca?s=96&d=mm&r=g","url":"https:\/\/secure.gravatar.com\/avatar\/f06887496a5753f3caca573646570e603d16e07cbd1553492c2c65009e6014ca?s=96&d=mm&r=g","contentUrl":"https:\/\/secure.gravatar.com\/avatar\/f06887496a5753f3caca573646570e603d16e07cbd1553492c2c65009e6014ca?s=96&d=mm&r=g","caption":"admin"},"sameAs":["http:\/\/www.libriparlanti.org"],"url":"https:\/\/www.libriparlanti.org\/index.php\/author\/admin\/"}]}},"_links":{"self":[{"href":"https:\/\/www.libriparlanti.org\/index.php\/wp-json\/wp\/v2\/posts\/13390","targetHints":{"allow":["GET"]}}],"collection":[{"href":"https:\/\/www.libriparlanti.org\/index.php\/wp-json\/wp\/v2\/posts"}],"about":[{"href":"https:\/\/www.libriparlanti.org\/index.php\/wp-json\/wp\/v2\/types\/post"}],"author":[{"embeddable":true,"href":"https:\/\/www.libriparlanti.org\/index.php\/wp-json\/wp\/v2\/users\/1"}],"replies":[{"embeddable":true,"href":"https:\/\/www.libriparlanti.org\/index.php\/wp-json\/wp\/v2\/comments?post=13390"}],"version-history":[{"count":2,"href":"https:\/\/www.libriparlanti.org\/index.php\/wp-json\/wp\/v2\/posts\/13390\/revisions"}],"predecessor-version":[{"id":13394,"href":"https:\/\/www.libriparlanti.org\/index.php\/wp-json\/wp\/v2\/posts\/13390\/revisions\/13394"}],"wp:featuredmedia":[{"embeddable":true,"href":"https:\/\/www.libriparlanti.org\/index.php\/wp-json\/wp\/v2\/media\/13392"}],"wp:attachment":[{"href":"https:\/\/www.libriparlanti.org\/index.php\/wp-json\/wp\/v2\/media?parent=13390"}],"wp:term":[{"taxonomy":"category","embeddable":true,"href":"https:\/\/www.libriparlanti.org\/index.php\/wp-json\/wp\/v2\/categories?post=13390"},{"taxonomy":"post_tag","embeddable":true,"href":"https:\/\/www.libriparlanti.org\/index.php\/wp-json\/wp\/v2\/tags?post=13390"}],"curies":[{"name":"wp","href":"https:\/\/api.w.org\/{rel}","templated":true}]}}